{"id":100094,"date":"2019-11-23T12:51:25","date_gmt":"2019-11-23T09:51:25","guid":{"rendered":"http:\/\/arantv.az\/?p=100094"},"modified":"2019-11-23T12:51:25","modified_gmt":"2019-11-23T09:51:25","slug":"bakida-istifad%c9%99-mudd%c9%99ti-otmus-m%c9%99hsullar-satan-market-askarlandi","status":"publish","type":"post","link":"https:\/\/arantv.az\/?p=100094","title":{"rendered":"Bak\u0131da istifad\u0259 m\u00fcdd\u0259ti \u00f6tm\u00fc\u015f m\u0259hsullar satan market a\u015fkarland\u0131"},"content":{"rendered":"<p>Az\u0259rbaycan Respublikas\u0131n\u0131n Qida T\u0259hl\u00fck\u0259sizliyi Agentliyi (AQTA) v\u0259t\u0259nda\u015flar\u0131n m\u00fcraci\u0259ti \u0259sas\u0131nda apard\u0131\u011f\u0131 t\u0259dbirl\u0259r n\u0259tic\u0259sind\u0259 daha bir obyekt a\u015fkarlan\u0131b.<\/p>\n<p>Bu bar\u0259d\u0259\u00a0Oxu.Az-a Az\u0259rbaycan Respublikas\u0131n\u0131n Qida T\u0259hl\u00fck\u0259sizliyi Agentliyind\u0259n m\u0259lumat verilib.<\/p>\n<p>Bildirilib ki, qida t\u0259hl\u00fck\u0259sizliyinin t\u0259min edilm\u0259si istiqam\u0259tind\u0259 apar\u0131lan t\u0259dbirl\u0259r n\u0259tic\u0259sind\u0259 Bak\u0131 \u015f\u0259h\u0259ri, S\u0259bail rayonu, Qurban Abbasov 56 \u00fcnvan\u0131nda f\u0259aliyy\u0259t g\u00f6st\u0259r\u0259n \u201cReal\u201d marketd\u0259 ara\u015fd\u0131rma apar\u0131l\u0131b.<\/p>\n<div id=\"AdviadNativeVideo0\" class=\"AdviadNativeVideo\"><\/div>\n<p>Ara\u015fd\u0131rma zaman\u0131 vitrind\u0259 olan qida m\u0259hsullar\u0131na bax\u0131\u015f ke\u00e7irilib. Marketd\u0259 istifad\u0259 m\u00fcdd\u0259ti \u00f6tm\u00fc\u015f m\u00fcxt\u0259lif \u0259mt\u0259\u0259 ni\u015fanl\u0131 s\u00fcd v\u0259 s\u00fcd m\u0259hsullar\u0131 a\u015fkar olunub. Yararl\u0131l\u0131q m\u00fcdd\u0259ti \u00f6tm\u00fc\u015f qida m\u0259hsullar\u0131 qanunvericiliyin t\u0259l\u0259bl\u0259rin\u0259 uy\u011fun olaraq, sat\u0131\u015fdan \u00e7\u0131xar\u0131laraq m\u0259hv edilib.<\/p>\n<p>A\u015fkarlanm\u0131\u015f n\u00f6qsanlarla \u0259laq\u0259dar m\u00fc\u0259ssis\u0259 r\u0259hb\u0259rliyi inzibati m\u0259suliyy\u0259t\u0259 c\u0259lb edilib v\u0259 obyektin f\u0259aliyy\u0259ti n\u0259zar\u0259t\u0259 g\u00f6t\u00fcr\u00fcl\u00fcb. Sa\u011flamla\u015fd\u0131r\u0131c\u0131 t\u0259dbirl\u0259rin g\u00f6r\u00fclm\u0259si il\u0259 ba\u011fl\u0131 icras\u0131 m\u0259cburi g\u00f6st\u0259ri\u015fl\u0259r verilib. Qanunvericiliyin v\u0259 texniki normativ h\u00fcquqi aktlar\u0131n t\u0259l\u0259bl\u0259ri izah olunub.<\/p>\n<p>\u0130stehlak\u00e7\u0131lara bir daha t\u00f6vsiyy\u0259 olunur ki, qida m\u0259hsullar\u0131 se\u00e7\u0259rk\u0259n m\u0259hsulun etiket m\u0259lumatlar\u0131na, m\u0259n\u015f\u0259yi il\u0259 ba\u011fl\u0131 s\u0259n\u0259dl\u0259r\u0259, eyni zamanda, saxlama \u015f\u0259raitin\u0259 diqq\u0259tli yetirsinl\u0259r. H\u0259r hans\u0131 neqativ hallarla rastla\u015fd\u0131qda Agentliyin 1003 &#8211; \u00c7a\u011fr\u0131 M\u0259rk\u0259zin\u0259 m\u0259lumat versinl\u0259r.<\/p>\n","protected":false},"excerpt":{"rendered":"<p>Az\u0259rbaycan Respublikas\u0131n\u0131n Qida T\u0259hl\u00fck\u0259sizliyi Agentliyi (AQTA) v\u0259t\u0259nda\u015flar\u0131n m\u00fcraci\u0259ti \u0259sas\u0131nda apard\u0131\u011f\u0131 t\u0259dbirl\u0259r n\u0259tic\u0259sind\u0259 daha bir obyekt a\u015fkarlan\u0131b. Bu bar\u0259d\u0259\u00a0Oxu.Az-a Az\u0259rbaycan Respublikas\u0131n\u0131n Qida T\u0259hl\u00fck\u0259sizliyi Agentliyind\u0259n m\u0259lumat verilib. Bildirilib ki, qida t\u0259hl\u00fck\u0259sizliyinin t\u0259min edilm\u0259si istiqam\u0259tind\u0259 apar\u0131lan t\u0259dbirl\u0259r n\u0259tic\u0259sind\u0259 Bak\u0131 \u015f\u0259h\u0259ri, S\u0259bail rayonu, Qurban Abbasov 56 \u00fcnvan\u0131nda f\u0259aliyy\u0259t g\u00f6st\u0259r\u0259n \u201cReal\u201d marketd\u0259 ara\u015fd\u0131rma apar\u0131l\u0131b. Ara\u015fd\u0131rma zaman\u0131 vitrind\u0259 olan qida m\u0259hsullar\u0131na bax\u0131\u015f ke\u00e7irilib. Marketd\u0259 istifad\u0259 m\u00fcdd\u0259ti \u00f6tm\u00fc\u015f m\u00fcxt\u0259lif \u0259mt\u0259\u0259 ni\u015fanl\u0131 s\u00fcd v\u0259 s\u00fcd m\u0259hsullar\u0131 a\u015fkar olunub. Yararl\u0131l\u0131q m\u00fcdd\u0259ti \u00f6tm\u00fc\u015f qida m\u0259hsullar\u0131 qanunvericiliyin t\u0259l\u0259bl\u0259rin\u0259 uy\u011fun olaraq, sat\u0131\u015fdan \u00e7\u0131xar\u0131laraq m\u0259hv edilib. A\u015fkarlanm\u0131\u015f n\u00f6qsanlarla \u0259laq\u0259dar m\u00fc\u0259ssis\u0259 r\u0259hb\u0259rliyi inzibati m\u0259suliyy\u0259t\u0259&hellip;<\/p>\n","protected":false},"author":2,"featured_media":100095,"comment_status":"closed","ping_status":"closed","sticky":false,"template":"","format":"standard","meta":{"om_disable_all_campaigns":false,"_monsterinsights_skip_tracking":false,"_monsterinsights_sitenote_active":false,"_monsterinsights_sitenote_note":"","_monsterinsights_sitenote_category":0},"categories":[1],"tags":[],"aioseo_notices":[],"gutentor_comment":0,"rttpg_featured_image_url":{"full":["https:\/\/arantv.az\/wp-content\/uploads\/2019\/11\/bu.jpg",620,465,false],"landscape":["https:\/\/arantv.az\/wp-content\/uploads\/2019\/11\/bu.jpg",620,465,false],"portraits":["https:\/\/arantv.az\/wp-content\/uploads\/2019\/11\/bu.jpg",620,465,false],"thumbnail":["https:\/\/arantv.az\/wp-content\/uploads\/2019\/11\/bu-150x150.jpg",150,150,true],"medium":["https:\/\/arantv.az\/wp-content\/uploads\/2019\/11\/bu-300x225.jpg",300,225,true],"large":["https:\/\/arantv.az\/wp-content\/uploads\/2019\/11\/bu.jpg",620,465,false],"1536x1536":["https:\/\/arantv.az\/wp-content\/uploads\/2019\/11\/bu.jpg",620,465,false],"2048x2048":["https:\/\/arantv.az\/wp-content\/uploads\/2019\/11\/bu.jpg",620,465,false],"post-thumbnail":["https:\/\/arantv.az\/wp-content\/uploads\/2019\/11\/bu-240x172.jpg",240,172,true],"advps-thumb-one":["https:\/\/arantv.az\/wp-content\/uploads\/2019\/11\/bu.jpg",620,465,false]},"rttpg_author":{"display_name":"V\u00fcsal Rafiqo\u011flu","author_link":"https:\/\/arantv.az\/?author=2"},"rttpg_comment":0,"rttpg_category":"<a href=\"https:\/\/arantv.az\/?cat=1\" rel=\"category\">C\u0259miyy\u0259t<\/a>","rttpg_excerpt":"Az\u0259rbaycan Respublikas\u0131n\u0131n Qida T\u0259hl\u00fck\u0259sizliyi Agentliyi (AQTA) v\u0259t\u0259nda\u015flar\u0131n m\u00fcraci\u0259ti \u0259sas\u0131nda apard\u0131\u011f\u0131 t\u0259dbirl\u0259r n\u0259tic\u0259sind\u0259 daha bir obyekt a\u015fkarlan\u0131b. Bu bar\u0259d\u0259\u00a0Oxu.Az-a Az\u0259rbaycan Respublikas\u0131n\u0131n Qida T\u0259hl\u00fck\u0259sizliyi Agentliyind\u0259n m\u0259lumat verilib. Bildirilib ki, qida t\u0259hl\u00fck\u0259sizliyinin t\u0259min edilm\u0259si istiqam\u0259tind\u0259 apar\u0131lan t\u0259dbirl\u0259r n\u0259tic\u0259sind\u0259 Bak\u0131 \u015f\u0259h\u0259ri, S\u0259bail rayonu, Qurban Abbasov 56 \u00fcnvan\u0131nda f\u0259aliyy\u0259t g\u00f6st\u0259r\u0259n \u201cReal\u201d marketd\u0259 ara\u015fd\u0131rma apar\u0131l\u0131b. Ara\u015fd\u0131rma zaman\u0131 vitrind\u0259 olan qida m\u0259hsullar\u0131na&hellip;","_links":{"self":[{"href":"https:\/\/arantv.az\/index.php?rest_route=\/wp\/v2\/posts\/100094"}],"collection":[{"href":"https:\/\/arantv.az\/index.php?rest_route=\/wp\/v2\/posts"}],"about":[{"href":"https:\/\/arantv.az\/index.php?rest_route=\/wp\/v2\/types\/post"}],"author":[{"embeddable":true,"href":"https:\/\/arantv.az\/index.php?rest_route=\/wp\/v2\/users\/2"}],"replies":[{"embeddable":true,"href":"https:\/\/arantv.az\/index.php?rest_route=%2Fwp%2Fv2%2Fcomments&post=100094"}],"version-history":[{"count":0,"href":"https:\/\/arantv.az\/index.php?rest_route=\/wp\/v2\/posts\/100094\/revisions"}],"wp:featuredmedia":[{"embeddable":true,"href":"https:\/\/arantv.az\/index.php?rest_route=\/wp\/v2\/media\/100095"}],"wp:attachment":[{"href":"https:\/\/arantv.az\/index.php?rest_route=%2Fwp%2Fv2%2Fmedia&parent=100094"}],"wp:term":[{"taxonomy":"category","embeddable":true,"href":"https:\/\/arantv.az\/index.php?rest_route=%2Fwp%2Fv2%2Fcategories&post=100094"},{"taxonomy":"post_tag","embeddable":true,"href":"https:\/\/arantv.az\/index.php?rest_route=%2Fwp%2Fv2%2Ftags&post=100094"}],"curies":[{"name":"wp","href":"https:\/\/api.w.org\/{rel}","templated":true}]}}