{"id":100102,"date":"2019-11-23T13:00:05","date_gmt":"2019-11-23T10:00:05","guid":{"rendered":"http:\/\/arantv.az\/?p=100102"},"modified":"2019-11-23T13:00:05","modified_gmt":"2019-11-23T10:00:05","slug":"deputat-az%c9%99rbaycanla-rusiya-arasinda-h%c9%99mis%c9%99-yaxsi-munasib%c9%99tl%c9%99r-olub-h%c9%99r-iki-olk%c9%99","status":"publish","type":"post","link":"https:\/\/arantv.az\/?p=100102","title":{"rendered":"Deputat: &#8220;Az\u0259rbaycanla Rusiya aras\u0131nda h\u0259mi\u015f\u0259 yax\u015f\u0131 m\u00fcnasib\u0259tl\u0259r olub, h\u0259r iki \u00f6lk\u0259&#8230;&#8221;"},"content":{"rendered":"<p>Az\u0259rbaycan il\u0259 Rusiyan\u0131n regionlar\u0131 aras\u0131nda da m\u00fcnasib\u0259tl\u0259r daim inki\u015faf edir, m\u00fct\u0259madi olaraq iki \u00f6lk\u0259nin i\u015f adamlar\u0131n\u0131n i\u015ftirak\u0131 il\u0259 regionlararas\u0131 biznes forumlar v\u0259 dig\u0259r t\u0259dbirl\u0259r h\u0259yata ke\u00e7irilir. Bu t\u0259dbirl\u0259r iki \u00f6lk\u0259 aras\u0131nda \u0259laq\u0259l\u0259rin inki\u015faf\u0131na m\u00fch\u00fcm t\u0259sir g\u00f6st\u0259rir.<\/p>\n<p><strong>ARANTV.AZ\u00a0<\/strong> bildirir ki, bunu\u00a0<a href=\"http:\/\/az.trend.az\/\" target=\"_blank\" rel=\"noopener\">Trend<\/a>-\u0259\u00a0Milli M\u0259clisin Yeni Az\u0259rbaycan Partiyas\u0131ndan olan deputat\u0131 Ayd\u0131n H\u00fcseynov deyib.<\/p>\n<p>A.H\u00fcseynov bildirib ki, Az\u0259rbaycanla Rusiya aras\u0131nda h\u0259mi\u015f\u0259 yax\u015f\u0131 m\u00fcnasibl\u0259r m\u00f6vcud olub, iki \u00f6lk\u0259 b\u00fct\u00fcn s\u0259viyy\u0259l\u0259rd\u0259, o c\u00fcml\u0259d\u0259n beyn\u0259lxalq t\u0259\u015fkilatlar \u00e7\u0259r\u00e7iv\u0259sind\u0259 bir-biril\u0259rini daim d\u0259st\u0259kl\u0259yir. \u0130ki \u00f6lk\u0259 aras\u0131nda m\u00fcnasib\u0259tl\u0259r b\u00fct\u00fcn istiqam\u0259tl\u0259rd\u0259 &#8211; siyasi, ticar\u0259t-iqtisadi, h\u0259rbi-m\u00fcdafi\u0259, elmi-texniki, m\u0259d\u0259ni v\u0259 humanitar sah\u0259l\u0259rd\u0259 inki\u015faf edir.<\/p>\n<p>Deputat\u0131n s\u00f6zl\u0259rin\u0259 g\u00f6r\u0259, bu t\u0259dbirl\u0259r \u00e7\u0259r\u00e7iv\u0259sind\u0259 h\u0259r iki \u00f6lk\u0259nin regionlar\u0131ndan olan i\u015f adamlar\u0131 bir-biril\u0259ri il\u0259 tan\u0131\u015f olur, \u0259m\u0259kda\u015fl\u0131q m\u00fcnasib\u0259tl\u0259ri qurulur ki, bu da \u00f6z n\u00f6vb\u0259sind\u0259 iki \u00f6lk\u0259 aras\u0131nda h\u0259m investisiya qoyulu\u015funun, h\u0259m d\u0259 ticar\u0259t d\u00f6vriyy\u0259sinin artmas\u0131na s\u0259b\u0259b olur:<\/p>\n<p>&#8220;T\u0259kc\u0259 bu il Az\u0259rbaycan il\u0259 Rusiya aras\u0131nda ticar\u0259t d\u00f6vriy\u0259si 23 faizd\u0259n \u00e7ox art\u0131b. Eyni zamanda, Rusiyan\u0131n Az\u0259rbaycana qoydu\u011fu investisiya 4.7 milyard dollar\u0131, Az\u0259rbaycan\u0131n Rusiya qoydu\u011fu investisiya is\u0259 1.2 milyard dollar\u0131 \u00f6t\u00fcb. Bundan \u0259lav\u0259, Az\u0259rbaycanda \u00e7oxlu sayda Rusiya \u015firk\u0259tl\u0259ri f\u0259aliyy\u0259t g\u00f6st\u0259rir, eyni zamanda Rusiyada \u00e7oxlu sayda az\u0259rbaycanl\u0131 i\u015f adamlar\u0131 f\u0259aliyy\u0259t g\u00f6st\u0259rir. Hesab edir\u0259m ki, iki \u00f6lk\u0259 aras\u0131nda m\u00fcnasib\u0259tl\u0259r bundan sonra inki\u015faf ed\u0259c\u0259k, \u00e7\u00fcnki Az\u0259rbaycan-Rusiya m\u00fcnasib\u0259tl\u0259rinin inki\u015faf perspektivl\u0259ri daha b\u00f6y\u00fckd\u00fcr&#8221;.<\/p>\n<p>A.H\u00fcseynov \u0259lav\u0259 edib ki, Az\u0259rbaycan v\u0259 Rusiya aras\u0131nda humanitar sah\u0259d\u0259 d\u0259 \u00e7ox s\u0131x \u0259m\u0259kda\u015fl\u0131q var: &#8220;Rusiyan\u0131n d\u00f6vl\u0259t ba\u015f\u00e7\u0131s\u0131 Vladimir Putin Az\u0259rbaycan\u0131n Birinci vitse-prezidenti Mehriban \u018fliyeva il\u0259 g\u00f6r\u00fc\u015f\u00fcnd\u0259 d\u0259 bu m\u0259s\u0259l\u0259ni x\u00fcsusi vur\u011fulad\u0131. Qeyd etdi ki, Az\u0259rbaycanda rus m\u0259d\u0259niyy\u0259tin\u0259, rus dilin\u0259 m\u00fcnasib\u0259t \u0259n y\u00fcks\u0259k s\u0259viyy\u0259d\u0259 saxlan\u0131l\u0131r. &#8220;Biz bunu \u00e7ox y\u00fcks\u0259k qiym\u0259tl\u0259ndiririk. Ona g\u00f6r\u0259 ki, bu baza bizim b\u00fct\u00fcn ba\u015fqa istiqam\u0259tl\u0259rd\u0259 m\u00fcnasib\u0259tl\u0259ri, o c\u00fcml\u0259d\u0259n iqtisadi v\u0259 humanitar \u0259laq\u0259l\u0259ri, s\u00f6z\u00fcn geni\u015f m\u0259nas\u0131nda, inki\u015faf etdirm\u0259y\u0259 imkan verir. Buna g\u00f6r\u0259 biz Siz\u0259 \u00e7ox t\u0259\u015f\u0259kk\u00fcr edirik v\u0259 \u00f6z t\u0259r\u0259fimizd\u0259n bu trendi d\u0259st\u0259kl\u0259m\u0259k \u00fc\u00e7\u00fcn n\u0259 laz\u0131md\u0131rsa ed\u0259c\u0259yik. Hesab edir\u0259m ki, bu, bizim \u00fcmumi s\u0259rv\u0259timizdir. Ona g\u00f6r\u0259 ki, bu, insanlar\u0131n \u00f6z aralar\u0131nda h\u0259r hans\u0131 s\u0259dl\u0259r v\u0259 mane\u0259l\u0259r olmadan \u00fcnsiyy\u0259t saxlamalar\u0131na, h\u0259m \u015f\u0259xsiyy\u0259tl\u0259raras\u0131, h\u0259m d\u0259 d\u00f6vl\u0259t s\u0259viyy\u0259sind\u0259 m\u00fcnasib\u0259tl\u0259ri inki\u015faf etdirm\u0259y\u0259 imkan verir&#8221; dem\u0259kl\u0259 V.Putin Az\u0259rbaycan-Rusiya m\u00fcnasib\u0259tl\u0259rin\u0259 bir daha y\u00fcks\u0259k qiym\u0259t vermi\u015f oldu.<\/p>\n","protected":false},"excerpt":{"rendered":"<p>Az\u0259rbaycan il\u0259 Rusiyan\u0131n regionlar\u0131 aras\u0131nda da m\u00fcnasib\u0259tl\u0259r daim inki\u015faf edir, m\u00fct\u0259madi olaraq iki \u00f6lk\u0259nin i\u015f adamlar\u0131n\u0131n i\u015ftirak\u0131 il\u0259 regionlararas\u0131 biznes forumlar v\u0259 dig\u0259r t\u0259dbirl\u0259r h\u0259yata ke\u00e7irilir. Bu t\u0259dbirl\u0259r iki \u00f6lk\u0259 aras\u0131nda \u0259laq\u0259l\u0259rin inki\u015faf\u0131na m\u00fch\u00fcm t\u0259sir g\u00f6st\u0259rir. ARANTV.AZ\u00a0 bildirir ki, bunu\u00a0Trend-\u0259\u00a0Milli M\u0259clisin Yeni Az\u0259rbaycan Partiyas\u0131ndan olan deputat\u0131 Ayd\u0131n H\u00fcseynov deyib. A.H\u00fcseynov bildirib ki, Az\u0259rbaycanla Rusiya aras\u0131nda h\u0259mi\u015f\u0259 yax\u015f\u0131 m\u00fcnasibl\u0259r m\u00f6vcud olub, iki \u00f6lk\u0259 b\u00fct\u00fcn s\u0259viyy\u0259l\u0259rd\u0259, o c\u00fcml\u0259d\u0259n beyn\u0259lxalq t\u0259\u015fkilatlar \u00e7\u0259r\u00e7iv\u0259sind\u0259 bir-biril\u0259rini daim d\u0259st\u0259kl\u0259yir. \u0130ki \u00f6lk\u0259 aras\u0131nda m\u00fcnasib\u0259tl\u0259r b\u00fct\u00fcn istiqam\u0259tl\u0259rd\u0259 &#8211; siyasi, ticar\u0259t-iqtisadi, h\u0259rbi-m\u00fcdafi\u0259, elmi-texniki, m\u0259d\u0259ni v\u0259 humanitar sah\u0259l\u0259rd\u0259 inki\u015faf edir. Deputat\u0131n&hellip;<\/p>\n","protected":false},"author":2,"featured_media":100103,"comment_status":"closed","ping_status":"closed","sticky":false,"template":"","format":"standard","meta":{"om_disable_all_campaigns":false,"_monsterinsights_skip_tracking":false,"_monsterinsights_sitenote_active":false,"_monsterinsights_sitenote_note":"","_monsterinsights_sitenote_category":0},"categories":[4],"tags":[],"aioseo_notices":[],"gutentor_comment":0,"rttpg_featured_image_url":{"full":["https:\/\/arantv.az\/wp-content\/uploads\/2019\/11\/azerbaycan_rusiya_bayragi.jpg",482,361,false],"landscape":["https:\/\/arantv.az\/wp-content\/uploads\/2019\/11\/azerbaycan_rusiya_bayragi.jpg",482,361,false],"portraits":["https:\/\/arantv.az\/wp-content\/uploads\/2019\/11\/azerbaycan_rusiya_bayragi.jpg",482,361,false],"thumbnail":["https:\/\/arantv.az\/wp-content\/uploads\/2019\/11\/azerbaycan_rusiya_bayragi-150x150.jpg",150,150,true],"medium":["https:\/\/arantv.az\/wp-content\/uploads\/2019\/11\/azerbaycan_rusiya_bayragi-300x225.jpg",300,225,true],"large":["https:\/\/arantv.az\/wp-content\/uploads\/2019\/11\/azerbaycan_rusiya_bayragi.jpg",482,361,false],"1536x1536":["https:\/\/arantv.az\/wp-content\/uploads\/2019\/11\/azerbaycan_rusiya_bayragi.jpg",482,361,false],"2048x2048":["https:\/\/arantv.az\/wp-content\/uploads\/2019\/11\/azerbaycan_rusiya_bayragi.jpg",482,361,false],"post-thumbnail":["https:\/\/arantv.az\/wp-content\/uploads\/2019\/11\/azerbaycan_rusiya_bayragi-240x172.jpg",240,172,true],"advps-thumb-one":["https:\/\/arantv.az\/wp-content\/uploads\/2019\/11\/azerbaycan_rusiya_bayragi.jpg",482,361,false]},"rttpg_author":{"display_name":"V\u00fcsal Rafiqo\u011flu","author_link":"https:\/\/arantv.az\/?author=2"},"rttpg_comment":0,"rttpg_category":"<a href=\"https:\/\/arantv.az\/?cat=4\" rel=\"category\">Siyas\u0259t<\/a>","rttpg_excerpt":"Az\u0259rbaycan il\u0259 Rusiyan\u0131n regionlar\u0131 aras\u0131nda da m\u00fcnasib\u0259tl\u0259r daim inki\u015faf edir, m\u00fct\u0259madi olaraq iki \u00f6lk\u0259nin i\u015f adamlar\u0131n\u0131n i\u015ftirak\u0131 il\u0259 regionlararas\u0131 biznes forumlar v\u0259 dig\u0259r t\u0259dbirl\u0259r h\u0259yata ke\u00e7irilir. Bu t\u0259dbirl\u0259r iki \u00f6lk\u0259 aras\u0131nda \u0259laq\u0259l\u0259rin inki\u015faf\u0131na m\u00fch\u00fcm t\u0259sir g\u00f6st\u0259rir. ARANTV.AZ\u00a0 bildirir ki, bunu\u00a0Trend-\u0259\u00a0Milli M\u0259clisin Yeni Az\u0259rbaycan Partiyas\u0131ndan olan deputat\u0131 Ayd\u0131n H\u00fcseynov deyib. A.H\u00fcseynov bildirib ki, Az\u0259rbaycanla Rusiya aras\u0131nda&hellip;","_links":{"self":[{"href":"https:\/\/arantv.az\/index.php?rest_route=\/wp\/v2\/posts\/100102"}],"collection":[{"href":"https:\/\/arantv.az\/index.php?rest_route=\/wp\/v2\/posts"}],"about":[{"href":"https:\/\/arantv.az\/index.php?rest_route=\/wp\/v2\/types\/post"}],"author":[{"embeddable":true,"href":"https:\/\/arantv.az\/index.php?rest_route=\/wp\/v2\/users\/2"}],"replies":[{"embeddable":true,"href":"https:\/\/arantv.az\/index.php?rest_route=%2Fwp%2Fv2%2Fcomments&post=100102"}],"version-history":[{"count":0,"href":"https:\/\/arantv.az\/index.php?rest_route=\/wp\/v2\/posts\/100102\/revisions"}],"wp:featuredmedia":[{"embeddable":true,"href":"https:\/\/arantv.az\/index.php?rest_route=\/wp\/v2\/media\/100103"}],"wp:attachment":[{"href":"https:\/\/arantv.az\/index.php?rest_route=%2Fwp%2Fv2%2Fmedia&parent=100102"}],"wp:term":[{"taxonomy":"category","embeddable":true,"href":"https:\/\/arantv.az\/index.php?rest_route=%2Fwp%2Fv2%2Fcategories&post=100102"},{"taxonomy":"post_tag","embeddable":true,"href":"https:\/\/arantv.az\/index.php?rest_route=%2Fwp%2Fv2%2Ftags&post=100102"}],"curies":[{"name":"wp","href":"https:\/\/api.w.org\/{rel}","templated":true}]}}