{"id":100110,"date":"2019-11-23T13:19:46","date_gmt":"2019-11-23T10:19:46","guid":{"rendered":"http:\/\/arantv.az\/?p=100110"},"modified":"2019-11-23T13:19:46","modified_gmt":"2019-11-23T10:19:46","slug":"bura-allahin-evidir-dedi-yerini-nazir%c9%99-verm%c9%99di-foto","status":"publish","type":"post","link":"https:\/\/arantv.az\/?p=100110","title":{"rendered":"\u201cBura Allah\u0131n evidir\u201d dedi, yerini nazir\u0259 verm\u0259di &#8211; FOTO"},"content":{"rendered":"<p>T\u00fcrkiy\u0259nin \u018ftraf M\u00fchitin M\u00fchafiz\u0259si v\u0259 \u015e\u0259h\u0259rsalma naziri Murad Kurum c\u00fcm\u0259 namaz\u0131 q\u0131lmaq \u00fc\u00e7\u00fcn getdiyi m\u0259scidd\u0259 maraql\u0131 hadis\u0259 il\u0259 \u00fczl\u0259\u015fib.<\/p>\n<p>\u201cHaberglobal\u201d x\u0259b\u0259r verir ki, \u00f6n c\u0259rg\u0259d\u0259 namaz q\u0131lmaq ist\u0259y\u0259n nazir\u0259 \u201cBura Allah\u0131n evidir\u201d dey\u0259n inancl\u0131 qoca yerini g\u00fcz\u0259\u015ft\u0259 getm\u0259kd\u0259n imtina edib.<\/p>\n<p>Uzun ill\u0259rdir bu m\u0259scidd\u0259 ibad\u0259t etdiyini dey\u0259n 75 ya\u015fl\u0131 qoca AKP-d\u0259n olan mill\u0259t v\u0259kill\u0259rin\u0259 v\u0259 nazir\u0259 ibad\u0259t evind\u0259 bel\u0259 h\u0259r\u0259k\u0259tl\u0259rin yolverilm\u0259z oldu\u011funu xat\u0131rlad\u0131b.<\/p>\n<div class=\"gallery\">\n<div class=\"gallery-i\"><img src=\"https:\/\/assets.oxu.az\/uploads\/W1siZiIsIjIwMTkvMTEvMjMvMTMvNDkvMzkvNjM3YmNiNjAtN2Y0MC00OTM2LWIyZGYtZWY2ZWYzMzhhMzQxLzc4NTI3ODAzXzU0ODU5NjA3MjYwNjk2Ml8zMDk4NTQyMDY3NjUxOTY5MDI0X24ucG5nIl0sWyJwIiwiZW5jb2RlIiwianBnIiwiLXF1YWxpdHkgODAiXSxbInAiLCJ0aHVtYiIsIjU5MHg1OTBcdTAwM2UiXV0?sha=57288edd6563b962\" alt=\"\" \/><\/p>\n<div class=\"gallery-i-caption\"><\/div>\n<\/div>\n<div class=\"gallery-i\"><img src=\"https:\/\/assets.oxu.az\/uploads\/W1siZiIsIjIwMTkvMTEvMjMvMTMvNDkvMzkvNWRjYzhlMzYtZTRmNi00MDkxLWEzZGMtNTM3ZDBlNzgxZTExLzc1NjQ5NDA2XzQ3OTEwMDMxNjA0Njg2Ml83OTk0NDIxMDY0MTIzODA5NzkyX24ucG5nIl0sWyJwIiwiZW5jb2RlIiwianBnIiwiLXF1YWxpdHkgODAiXSxbInAiLCJ0aHVtYiIsIjU5MHg1OTBcdTAwM2UiXV0?sha=3d7fa15e1b0e8829\" alt=\"\" \/><\/div>\n<\/div>\n","protected":false},"excerpt":{"rendered":"<p>T\u00fcrkiy\u0259nin \u018ftraf M\u00fchitin M\u00fchafiz\u0259si v\u0259 \u015e\u0259h\u0259rsalma naziri Murad Kurum c\u00fcm\u0259 namaz\u0131 q\u0131lmaq \u00fc\u00e7\u00fcn getdiyi m\u0259scidd\u0259 maraql\u0131 hadis\u0259 il\u0259 \u00fczl\u0259\u015fib. \u201cHaberglobal\u201d x\u0259b\u0259r verir ki, \u00f6n c\u0259rg\u0259d\u0259 namaz q\u0131lmaq ist\u0259y\u0259n nazir\u0259 \u201cBura Allah\u0131n evidir\u201d dey\u0259n inancl\u0131 qoca yerini g\u00fcz\u0259\u015ft\u0259 getm\u0259kd\u0259n imtina edib. Uzun ill\u0259rdir bu m\u0259scidd\u0259 ibad\u0259t etdiyini dey\u0259n 75 ya\u015fl\u0131 qoca AKP-d\u0259n olan mill\u0259t v\u0259kill\u0259rin\u0259 v\u0259 nazir\u0259 ibad\u0259t evind\u0259 bel\u0259 h\u0259r\u0259k\u0259tl\u0259rin yolverilm\u0259z oldu\u011funu xat\u0131rlad\u0131b.<\/p>\n","protected":false},"author":2,"featured_media":100111,"comment_status":"closed","ping_status":"closed","sticky":false,"template":"","format":"standard","meta":{"om_disable_all_campaigns":false,"_monsterinsights_skip_tracking":false,"_monsterinsights_sitenote_active":false,"_monsterinsights_sitenote_note":"","_monsterinsights_sitenote_category":0},"categories":[7],"tags":[],"aioseo_notices":[],"gutentor_comment":0,"rttpg_featured_image_url":{"full":["https:\/\/arantv.az\/wp-content\/uploads\/2019\/11\/FotoJet-2-2.jpg",620,440,false],"landscape":["https:\/\/arantv.az\/wp-content\/uploads\/2019\/11\/FotoJet-2-2.jpg",620,440,false],"portraits":["https:\/\/arantv.az\/wp-content\/uploads\/2019\/11\/FotoJet-2-2.jpg",620,440,false],"thumbnail":["https:\/\/arantv.az\/wp-content\/uploads\/2019\/11\/FotoJet-2-2-150x150.jpg",150,150,true],"medium":["https:\/\/arantv.az\/wp-content\/uploads\/2019\/11\/FotoJet-2-2-300x213.jpg",300,213,true],"large":["https:\/\/arantv.az\/wp-content\/uploads\/2019\/11\/FotoJet-2-2.jpg",620,440,false],"1536x1536":["https:\/\/arantv.az\/wp-content\/uploads\/2019\/11\/FotoJet-2-2.jpg",620,440,false],"2048x2048":["https:\/\/arantv.az\/wp-content\/uploads\/2019\/11\/FotoJet-2-2.jpg",620,440,false],"post-thumbnail":["https:\/\/arantv.az\/wp-content\/uploads\/2019\/11\/FotoJet-2-2-240x172.jpg",240,172,true],"advps-thumb-one":["https:\/\/arantv.az\/wp-content\/uploads\/2019\/11\/FotoJet-2-2.jpg",620,440,false]},"rttpg_author":{"display_name":"V\u00fcsal Rafiqo\u011flu","author_link":"https:\/\/arantv.az\/?author=2"},"rttpg_comment":0,"rttpg_category":"<a href=\"https:\/\/arantv.az\/?cat=7\" rel=\"category\">D\u00fcnya<\/a>","rttpg_excerpt":"T\u00fcrkiy\u0259nin \u018ftraf M\u00fchitin M\u00fchafiz\u0259si v\u0259 \u015e\u0259h\u0259rsalma naziri Murad Kurum c\u00fcm\u0259 namaz\u0131 q\u0131lmaq \u00fc\u00e7\u00fcn getdiyi m\u0259scidd\u0259 maraql\u0131 hadis\u0259 il\u0259 \u00fczl\u0259\u015fib. \u201cHaberglobal\u201d x\u0259b\u0259r verir ki, \u00f6n c\u0259rg\u0259d\u0259 namaz q\u0131lmaq ist\u0259y\u0259n nazir\u0259 \u201cBura Allah\u0131n evidir\u201d dey\u0259n inancl\u0131 qoca yerini g\u00fcz\u0259\u015ft\u0259 getm\u0259kd\u0259n imtina edib. Uzun ill\u0259rdir bu m\u0259scidd\u0259 ibad\u0259t etdiyini dey\u0259n 75 ya\u015fl\u0131 qoca AKP-d\u0259n olan mill\u0259t v\u0259kill\u0259rin\u0259 v\u0259&hellip;","_links":{"self":[{"href":"https:\/\/arantv.az\/index.php?rest_route=\/wp\/v2\/posts\/100110"}],"collection":[{"href":"https:\/\/arantv.az\/index.php?rest_route=\/wp\/v2\/posts"}],"about":[{"href":"https:\/\/arantv.az\/index.php?rest_route=\/wp\/v2\/types\/post"}],"author":[{"embeddable":true,"href":"https:\/\/arantv.az\/index.php?rest_route=\/wp\/v2\/users\/2"}],"replies":[{"embeddable":true,"href":"https:\/\/arantv.az\/index.php?rest_route=%2Fwp%2Fv2%2Fcomments&post=100110"}],"version-history":[{"count":0,"href":"https:\/\/arantv.az\/index.php?rest_route=\/wp\/v2\/posts\/100110\/revisions"}],"wp:featuredmedia":[{"embeddable":true,"href":"https:\/\/arantv.az\/index.php?rest_route=\/wp\/v2\/media\/100111"}],"wp:attachment":[{"href":"https:\/\/arantv.az\/index.php?rest_route=%2Fwp%2Fv2%2Fmedia&parent=100110"}],"wp:term":[{"taxonomy":"category","embeddable":true,"href":"https:\/\/arantv.az\/index.php?rest_route=%2Fwp%2Fv2%2Fcategories&post=100110"},{"taxonomy":"post_tag","embeddable":true,"href":"https:\/\/arantv.az\/index.php?rest_route=%2Fwp%2Fv2%2Ftags&post=100110"}],"curies":[{"name":"wp","href":"https:\/\/api.w.org\/{rel}","templated":true}]}}