{"id":100120,"date":"2019-11-23T13:46:34","date_gmt":"2019-11-23T10:46:34","guid":{"rendered":"http:\/\/arantv.az\/?p=100120"},"modified":"2019-11-23T13:46:34","modified_gmt":"2019-11-23T10:46:34","slug":"az%c9%99rbaycanda-payiz-qari-fotolarda","status":"publish","type":"post","link":"https:\/\/arantv.az\/?p=100120","title":{"rendered":"Az\u0259rbaycanda pay\u0131z qar\u0131 FOTOlarda"},"content":{"rendered":"<p>Son g\u00fcnl\u0259r \u00f6lk\u0259 \u0259razisind\u0259 hava \u015f\u0259raiti k\u0259skin soyuyub, rayonlarda \u015faxta m\u00fc\u015fayi\u0259t edilir, g\u00fccl\u00fc qar ya\u011f\u0131r.<\/p>\n<p><strong>ARANTV.AZ<\/strong> qafqazinfo-ya istinad\u0259n x\u0259b\u0259r verir ki,\u00a0art\u0131q bununla ba\u011fl\u0131 sosial \u015f\u0259b\u0259k\u0259l\u0259rd\u0259 xeyli foto v\u0259 videolar payla\u015f\u0131l\u0131b. \u018fsas\u0259n \u0130smay\u0131ll\u0131, Qax, \u015e\u0259ki, Yard\u0131ml\u0131, A\u011fsu kimi da\u011f\u0259t\u0259yi rayonlarda bir n\u00fc\u00e7\u0259 g\u00fcnd\u00fcr ki, qar\u0131n ya\u011fmas\u0131 davam edir.<\/p>\n<p>Regionlarda qar \u00f6rt\u00fcy\u00fcn\u00fcn h\u00fcnd\u00fcrl\u00fcy\u00fc 1-5 sm aras\u0131nda d\u0259yi\u015fir.<\/p>\n<div><\/div>\n<p>Haz\u0131rda Bak\u0131da havan\u0131n temperaturu \u00f6t\u0259n g\u00fcnl\u0259rl\u0259 m\u00fcqayis\u0259d\u0259 4-6 d\u0259r\u0259c\u0259 a\u015fa\u011f\u0131 enib v\u0259 bu da iqlim normas\u0131 daxilind\u0259dir.<\/p>\n<h4><\/h4>\n<div class=\"article-gallery\">\n<div class=\"lSSlideOuter \">\n<div class=\"lSSlideWrapper usingCss\">\n<ul class=\"images-list lightSlider lsGrab lSSlide\">\n<li class=\"lslide active\" data-src=\"https:\/\/img.milli.az\/2019\/11\/23\/804669_02.jpg\" data-fancybox=\"804669\"><img src=\"https:\/\/img.milli.az\/2019\/11\/23\/804669_02.jpg\" alt=\"\" \/><\/li>\n<li class=\"lslide\" data-src=\"https:\/\/img.milli.az\/2019\/11\/23\/804669_01.jpg\" data-fancybox=\"804669\"><img src=\"https:\/\/img.milli.az\/2019\/11\/23\/804669_01.jpg\" alt=\"\" \/><\/li>\n<li class=\"lslide\" data-src=\"https:\/\/img.milli.az\/2019\/11\/23\/804669_04.jpg\" data-fancybox=\"804669\"><img src=\"https:\/\/img.milli.az\/2019\/11\/23\/804669_04.jpg\" alt=\"\" \/><\/li>\n<li class=\"lslide\" data-src=\"https:\/\/img.milli.az\/2019\/11\/23\/804669_03.jpg\" data-fancybox=\"804669\"><img src=\"https:\/\/img.milli.az\/2019\/11\/23\/804669_03.jpg\" alt=\"\" \/><\/li>\n<li class=\"lslide\" data-src=\"https:\/\/img.milli.az\/2019\/11\/23\/804669_05.jpg\" data-fancybox=\"804669\"><img src=\"https:\/\/img.milli.az\/2019\/11\/23\/804669_05.jpg\" alt=\"\" \/><\/li>\n<li class=\"lslide\" data-src=\"https:\/\/img.milli.az\/2019\/11\/23\/804669_06.jpg\" data-fancybox=\"804669\"><img src=\"https:\/\/img.milli.az\/2019\/11\/23\/804669_06.jpg\" alt=\"\" \/><\/li>\n<\/ul>\n<div class=\"lSAction\"><\/div>\n<\/div>\n<\/div>\n<div class=\"lSSlideOuter \">\n<div class=\"lSSlideWrapper usingCss\">\n<div class=\"lSAction\"><\/div>\n<\/div>\n<\/div>\n<\/div>\n","protected":false},"excerpt":{"rendered":"<p>Son g\u00fcnl\u0259r \u00f6lk\u0259 \u0259razisind\u0259 hava \u015f\u0259raiti k\u0259skin soyuyub, rayonlarda \u015faxta m\u00fc\u015fayi\u0259t edilir, g\u00fccl\u00fc qar ya\u011f\u0131r. ARANTV.AZ qafqazinfo-ya istinad\u0259n x\u0259b\u0259r verir ki,\u00a0art\u0131q bununla ba\u011fl\u0131 sosial \u015f\u0259b\u0259k\u0259l\u0259rd\u0259 xeyli foto v\u0259 videolar payla\u015f\u0131l\u0131b. \u018fsas\u0259n \u0130smay\u0131ll\u0131, Qax, \u015e\u0259ki, Yard\u0131ml\u0131, A\u011fsu kimi da\u011f\u0259t\u0259yi rayonlarda bir n\u00fc\u00e7\u0259 g\u00fcnd\u00fcr ki, qar\u0131n ya\u011fmas\u0131 davam edir. Regionlarda qar \u00f6rt\u00fcy\u00fcn\u00fcn h\u00fcnd\u00fcrl\u00fcy\u00fc 1-5 sm aras\u0131nda d\u0259yi\u015fir. Haz\u0131rda Bak\u0131da havan\u0131n temperaturu \u00f6t\u0259n g\u00fcnl\u0259rl\u0259 m\u00fcqayis\u0259d\u0259 4-6 d\u0259r\u0259c\u0259 a\u015fa\u011f\u0131 enib v\u0259 bu da iqlim normas\u0131 daxilind\u0259dir.<\/p>\n","protected":false},"author":2,"featured_media":100122,"comment_status":"closed","ping_status":"closed","sticky":false,"template":"","format":"standard","meta":{"om_disable_all_campaigns":false,"_monsterinsights_skip_tracking":false,"_monsterinsights_sitenote_active":false,"_monsterinsights_sitenote_note":"","_monsterinsights_sitenote_category":0},"categories":[2],"tags":[],"aioseo_notices":[],"gutentor_comment":0,"rttpg_featured_image_url":{"full":["https:\/\/arantv.az\/wp-content\/uploads\/2019\/11\/804669.jpg",800,600,false],"landscape":["https:\/\/arantv.az\/wp-content\/uploads\/2019\/11\/804669.jpg",800,600,false],"portraits":["https:\/\/arantv.az\/wp-content\/uploads\/2019\/11\/804669.jpg",800,600,false],"thumbnail":["https:\/\/arantv.az\/wp-content\/uploads\/2019\/11\/804669-150x150.jpg",150,150,true],"medium":["https:\/\/arantv.az\/wp-content\/uploads\/2019\/11\/804669-300x225.jpg",300,225,true],"large":["https:\/\/arantv.az\/wp-content\/uploads\/2019\/11\/804669.jpg",640,480,false],"1536x1536":["https:\/\/arantv.az\/wp-content\/uploads\/2019\/11\/804669.jpg",800,600,false],"2048x2048":["https:\/\/arantv.az\/wp-content\/uploads\/2019\/11\/804669.jpg",800,600,false],"post-thumbnail":["https:\/\/arantv.az\/wp-content\/uploads\/2019\/11\/804669-240x172.jpg",240,172,true],"advps-thumb-one":["https:\/\/arantv.az\/wp-content\/uploads\/2019\/11\/804669.jpg",800,600,false]},"rttpg_author":{"display_name":"V\u00fcsal Rafiqo\u011flu","author_link":"https:\/\/arantv.az\/?author=2"},"rttpg_comment":0,"rttpg_category":"<a href=\"https:\/\/arantv.az\/?cat=2\" rel=\"category\">Region X\u0259b\u0259rl\u0259ri<\/a>","rttpg_excerpt":"Son g\u00fcnl\u0259r \u00f6lk\u0259 \u0259razisind\u0259 hava \u015f\u0259raiti k\u0259skin soyuyub, rayonlarda \u015faxta m\u00fc\u015fayi\u0259t edilir, g\u00fccl\u00fc qar ya\u011f\u0131r. ARANTV.AZ qafqazinfo-ya istinad\u0259n x\u0259b\u0259r verir ki,\u00a0art\u0131q bununla ba\u011fl\u0131 sosial \u015f\u0259b\u0259k\u0259l\u0259rd\u0259 xeyli foto v\u0259 videolar payla\u015f\u0131l\u0131b. \u018fsas\u0259n \u0130smay\u0131ll\u0131, Qax, \u015e\u0259ki, Yard\u0131ml\u0131, A\u011fsu kimi da\u011f\u0259t\u0259yi rayonlarda bir n\u00fc\u00e7\u0259 g\u00fcnd\u00fcr ki, qar\u0131n ya\u011fmas\u0131 davam edir. Regionlarda qar \u00f6rt\u00fcy\u00fcn\u00fcn h\u00fcnd\u00fcrl\u00fcy\u00fc 1-5 sm aras\u0131nda d\u0259yi\u015fir.&hellip;","_links":{"self":[{"href":"https:\/\/arantv.az\/index.php?rest_route=\/wp\/v2\/posts\/100120"}],"collection":[{"href":"https:\/\/arantv.az\/index.php?rest_route=\/wp\/v2\/posts"}],"about":[{"href":"https:\/\/arantv.az\/index.php?rest_route=\/wp\/v2\/types\/post"}],"author":[{"embeddable":true,"href":"https:\/\/arantv.az\/index.php?rest_route=\/wp\/v2\/users\/2"}],"replies":[{"embeddable":true,"href":"https:\/\/arantv.az\/index.php?rest_route=%2Fwp%2Fv2%2Fcomments&post=100120"}],"version-history":[{"count":0,"href":"https:\/\/arantv.az\/index.php?rest_route=\/wp\/v2\/posts\/100120\/revisions"}],"wp:featuredmedia":[{"embeddable":true,"href":"https:\/\/arantv.az\/index.php?rest_route=\/wp\/v2\/media\/100122"}],"wp:attachment":[{"href":"https:\/\/arantv.az\/index.php?rest_route=%2Fwp%2Fv2%2Fmedia&parent=100120"}],"wp:term":[{"taxonomy":"category","embeddable":true,"href":"https:\/\/arantv.az\/index.php?rest_route=%2Fwp%2Fv2%2Fcategories&post=100120"},{"taxonomy":"post_tag","embeddable":true,"href":"https:\/\/arantv.az\/index.php?rest_route=%2Fwp%2Fv2%2Ftags&post=100120"}],"curies":[{"name":"wp","href":"https:\/\/api.w.org\/{rel}","templated":true}]}}