{"id":100137,"date":"2019-11-23T13:56:04","date_gmt":"2019-11-23T10:56:04","guid":{"rendered":"http:\/\/arantv.az\/?p=100137"},"modified":"2019-11-23T13:56:04","modified_gmt":"2019-11-23T10:56:04","slug":"matviyenko-rusiyanin-az%c9%99rbaycanda-investisiyalari-t%c9%99qrib%c9%99n-15-milyard-dollar-t%c9%99skil-edir","status":"publish","type":"post","link":"https:\/\/arantv.az\/?p=100137","title":{"rendered":"Matviyenko: &#8220;Rusiyan\u0131n Az\u0259rbaycanda investisiyalar\u0131 t\u0259qrib\u0259n 1,5 milyard dollar t\u0259\u015fkil edir&#8221;"},"content":{"rendered":"<p><strong>Rusiyan\u0131n Az\u0259rbaycana investisiyalar\u0131 t\u0259qrib\u0259n 1,5 milyard dollar t\u0259\u015fkil edir.<\/strong><\/p>\n<p><strong>ARANTV.AZ\u00a0<\/strong>\u00a0<a href=\"http:\/\/az.trend.az\/\" target=\"_blank\" rel=\"noopener\">Trend<\/a>-\u0259 istinad\u0259n bildirir ki,\u00a0bunu Rusiya Federasiyas\u0131 Federal M\u0259clisi Federasiya \u015euras\u0131n\u0131n s\u0259dri Valentina Matviyenko Moskvada ke\u00e7iril\u0259n 10-cu Az\u0259rbaycan-Rusiya Regionlararas\u0131 forumunda deyib.<\/p>\n<p>Federasiya \u015euras\u0131n\u0131n s\u0259drinin s\u00f6zl\u0259rin\u0259 g\u00f6r\u0259, Az\u0259rbaycan bazar\u0131nda iki \u00f6lk\u0259nin t\u0259xmin\u0259n 700 birg\u0259 \u015firk\u0259ti f\u0259aliyy\u0259t g\u00f6st\u0259rir.<\/p>\n<p>&#8220;Son ill\u0259r Rusiya v\u0259 Az\u0259rbaycan aras\u0131nda ticari-iqtisadi \u0259laq\u0259l\u0259rin d\u0259rinl\u0259\u015fm\u0259si \u00fc\u00e7\u00fcn b\u00f6y\u00fck i\u015f g\u00f6r\u00fcl\u00fcb. Biz art\u0131q bu i\u015fin praktik n\u0259tic\u0259l\u0259rini g\u00f6r\u00fcr\u00fck. \u00d6t\u0259n il qar\u015f\u0131l\u0131ql\u0131 ticar\u0259t d\u00f6vriyy\u0259si 14 faiz artaraq t\u0259xmin\u0259n 2,5 milyard dollar t\u0259\u015fkil edib. Rusiya qeyri-xammal sah\u0259si m\u0259hsullar\u0131n\u0131n idxal v\u0259 ixrac\u0131 \u00fczr\u0259 Az\u0259rbaycan\u0131n \u0259sas ticar\u0259t t\u0259r\u0259fda\u015f\u0131d\u0131r&#8221;.<\/p>\n<p>V.Matviyenko h\u0259m\u00e7inin n\u0259qliyyat sah\u0259sind\u0259, x\u00fcsus\u0259n &#8220;\u015eimal-C\u0259nub&#8221; d\u0259hlizi \u00e7\u0259r\u00e7iv\u0259sind\u0259 intensiv \u0259laq\u0259l\u0259ri qeyd edib. O \u0259minliyini ifad\u0259 edib ki, bu d\u0259hliz Avrasiyan\u0131n m\u00fch\u00fcm n\u0259qliyyat arteriyas\u0131 olacaq, Rusiya v\u0259 Az\u0259rbaycandan ke\u00e7m\u0259kl\u0259 y\u00fckl\u0259rin C\u0259nubi Asiyadan Avropaya da\u015f\u0131malar\u0131n\u0131n s\u00fcr\u0259tl\u0259ndirilm\u0259sin\u0259 t\u00f6hf\u0259sini ver\u0259c\u0259k.<\/p>\n<p>O, bildirib ki, iki \u00f6lk\u0259 aras\u0131nda iqtisadi \u0259laq\u0259l\u0259rin daha da g\u00fccl\u0259ndirilm\u0259si \u00fc\u00e7\u00fcn regionlararas\u0131 \u0259m\u0259kda\u015fl\u0131q mexanizml\u0259rini maksimum g\u00fccl\u0259ndirm\u0259k vacibdir.<\/p>\n<p>Qeyd ed\u0259k ki, Moskvada iki g\u00fcn davam ed\u0259c\u0259k 10-cu Az\u0259rbaycan-Rusiya Regionlararas\u0131 forumunda Az\u0259rbaycan v\u0259 Rusiyan\u0131n d\u00f6vl\u0259t r\u0259smil\u0259ri, deputatlar, biznes dair\u0259l\u0259rinin n\u00fcmay\u0259nd\u0259l\u0259ri i\u015ftirak edir.<\/p>\n<p>Forum Rusiyan\u0131n \u0130qtisadi \u0130nki\u015faf Nazirliyi v\u0259 Az\u0259rbaycan\u0131n \u0130qtisadiyyat Nazirliyinin t\u0259\u015fkilat\u00e7\u0131l\u0131\u011f\u0131 il\u0259 ke\u00e7irilir.<\/p>\n","protected":false},"excerpt":{"rendered":"<p>Rusiyan\u0131n Az\u0259rbaycana investisiyalar\u0131 t\u0259qrib\u0259n 1,5 milyard dollar t\u0259\u015fkil edir. ARANTV.AZ\u00a0\u00a0Trend-\u0259 istinad\u0259n bildirir ki,\u00a0bunu Rusiya Federasiyas\u0131 Federal M\u0259clisi Federasiya \u015euras\u0131n\u0131n s\u0259dri Valentina Matviyenko Moskvada ke\u00e7iril\u0259n 10-cu Az\u0259rbaycan-Rusiya Regionlararas\u0131 forumunda deyib. Federasiya \u015euras\u0131n\u0131n s\u0259drinin s\u00f6zl\u0259rin\u0259 g\u00f6r\u0259, Az\u0259rbaycan bazar\u0131nda iki \u00f6lk\u0259nin t\u0259xmin\u0259n 700 birg\u0259 \u015firk\u0259ti f\u0259aliyy\u0259t g\u00f6st\u0259rir. &#8220;Son ill\u0259r Rusiya v\u0259 Az\u0259rbaycan aras\u0131nda ticari-iqtisadi \u0259laq\u0259l\u0259rin d\u0259rinl\u0259\u015fm\u0259si \u00fc\u00e7\u00fcn b\u00f6y\u00fck i\u015f g\u00f6r\u00fcl\u00fcb. Biz art\u0131q bu i\u015fin praktik n\u0259tic\u0259l\u0259rini g\u00f6r\u00fcr\u00fck. \u00d6t\u0259n il qar\u015f\u0131l\u0131ql\u0131 ticar\u0259t d\u00f6vriyy\u0259si 14 faiz artaraq t\u0259xmin\u0259n 2,5 milyard dollar t\u0259\u015fkil edib. Rusiya qeyri-xammal sah\u0259si m\u0259hsullar\u0131n\u0131n idxal v\u0259 ixrac\u0131 \u00fczr\u0259 Az\u0259rbaycan\u0131n \u0259sas ticar\u0259t t\u0259r\u0259fda\u015f\u0131d\u0131r&#8221;.&hellip;<\/p>\n","protected":false},"author":2,"featured_media":100138,"comment_status":"closed","ping_status":"closed","sticky":false,"template":"","format":"standard","meta":{"om_disable_all_campaigns":false,"_monsterinsights_skip_tracking":false,"_monsterinsights_sitenote_active":false,"_monsterinsights_sitenote_note":"","_monsterinsights_sitenote_category":0},"categories":[4],"tags":[],"aioseo_notices":[],"gutentor_comment":0,"rttpg_featured_image_url":{"full":["https:\/\/arantv.az\/wp-content\/uploads\/2019\/11\/804700.jpg",800,600,false],"landscape":["https:\/\/arantv.az\/wp-content\/uploads\/2019\/11\/804700.jpg",800,600,false],"portraits":["https:\/\/arantv.az\/wp-content\/uploads\/2019\/11\/804700.jpg",800,600,false],"thumbnail":["https:\/\/arantv.az\/wp-content\/uploads\/2019\/11\/804700-150x150.jpg",150,150,true],"medium":["https:\/\/arantv.az\/wp-content\/uploads\/2019\/11\/804700-300x225.jpg",300,225,true],"large":["https:\/\/arantv.az\/wp-content\/uploads\/2019\/11\/804700.jpg",640,480,false],"1536x1536":["https:\/\/arantv.az\/wp-content\/uploads\/2019\/11\/804700.jpg",800,600,false],"2048x2048":["https:\/\/arantv.az\/wp-content\/uploads\/2019\/11\/804700.jpg",800,600,false],"post-thumbnail":["https:\/\/arantv.az\/wp-content\/uploads\/2019\/11\/804700-240x172.jpg",240,172,true],"advps-thumb-one":["https:\/\/arantv.az\/wp-content\/uploads\/2019\/11\/804700.jpg",800,600,false]},"rttpg_author":{"display_name":"V\u00fcsal Rafiqo\u011flu","author_link":"https:\/\/arantv.az\/?author=2"},"rttpg_comment":0,"rttpg_category":"<a href=\"https:\/\/arantv.az\/?cat=4\" rel=\"category\">Siyas\u0259t<\/a>","rttpg_excerpt":"Rusiyan\u0131n Az\u0259rbaycana investisiyalar\u0131 t\u0259qrib\u0259n 1,5 milyard dollar t\u0259\u015fkil edir. ARANTV.AZ\u00a0\u00a0Trend-\u0259 istinad\u0259n bildirir ki,\u00a0bunu Rusiya Federasiyas\u0131 Federal M\u0259clisi Federasiya \u015euras\u0131n\u0131n s\u0259dri Valentina Matviyenko Moskvada ke\u00e7iril\u0259n 10-cu Az\u0259rbaycan-Rusiya Regionlararas\u0131 forumunda deyib. Federasiya \u015euras\u0131n\u0131n s\u0259drinin s\u00f6zl\u0259rin\u0259 g\u00f6r\u0259, Az\u0259rbaycan bazar\u0131nda iki \u00f6lk\u0259nin t\u0259xmin\u0259n 700 birg\u0259 \u015firk\u0259ti f\u0259aliyy\u0259t g\u00f6st\u0259rir. &#8220;Son ill\u0259r Rusiya v\u0259 Az\u0259rbaycan aras\u0131nda ticari-iqtisadi \u0259laq\u0259l\u0259rin d\u0259rinl\u0259\u015fm\u0259si \u00fc\u00e7\u00fcn b\u00f6y\u00fck&hellip;","_links":{"self":[{"href":"https:\/\/arantv.az\/index.php?rest_route=\/wp\/v2\/posts\/100137"}],"collection":[{"href":"https:\/\/arantv.az\/index.php?rest_route=\/wp\/v2\/posts"}],"about":[{"href":"https:\/\/arantv.az\/index.php?rest_route=\/wp\/v2\/types\/post"}],"author":[{"embeddable":true,"href":"https:\/\/arantv.az\/index.php?rest_route=\/wp\/v2\/users\/2"}],"replies":[{"embeddable":true,"href":"https:\/\/arantv.az\/index.php?rest_route=%2Fwp%2Fv2%2Fcomments&post=100137"}],"version-history":[{"count":0,"href":"https:\/\/arantv.az\/index.php?rest_route=\/wp\/v2\/posts\/100137\/revisions"}],"wp:featuredmedia":[{"embeddable":true,"href":"https:\/\/arantv.az\/index.php?rest_route=\/wp\/v2\/media\/100138"}],"wp:attachment":[{"href":"https:\/\/arantv.az\/index.php?rest_route=%2Fwp%2Fv2%2Fmedia&parent=100137"}],"wp:term":[{"taxonomy":"category","embeddable":true,"href":"https:\/\/arantv.az\/index.php?rest_route=%2Fwp%2Fv2%2Fcategories&post=100137"},{"taxonomy":"post_tag","embeddable":true,"href":"https:\/\/arantv.az\/index.php?rest_route=%2Fwp%2Fv2%2Ftags&post=100137"}],"curies":[{"name":"wp","href":"https:\/\/api.w.org\/{rel}","templated":true}]}}