{"id":100153,"date":"2019-11-23T14:45:34","date_gmt":"2019-11-23T11:45:34","guid":{"rendered":"http:\/\/arantv.az\/?p=100153"},"modified":"2019-11-23T14:45:34","modified_gmt":"2019-11-23T11:45:34","slug":"turkiy%c9%99nin-diyan%c9%99t-isl%c9%99ri-basqani-prezident-ilham-%c9%99liyev%c9%99-m%c9%99ktub-unvanlayib","status":"publish","type":"post","link":"https:\/\/arantv.az\/?p=100153","title":{"rendered":"T\u00fcrkiy\u0259nin Diyan\u0259t \u0130\u015fl\u0259ri Ba\u015fqan\u0131 Prezident \u0130lham \u018fliyev\u0259 m\u0259ktub \u00fcnvanlay\u0131b"},"content":{"rendered":"<p>T\u00fcrkiy\u0259nin Diyan\u0259t \u0130\u015fl\u0259ri Ba\u015fqan\u0131 professor Dr. Ali Erba\u015f Prezident \u0130lham \u018fliyev\u0259 m\u0259ktub g\u00f6nd\u0259rib.<\/p>\n<p><strong>ARANTV.AZ<\/strong>\u00a0<a href=\"http:\/\/azertag.az\/\" target=\"_blank\" rel=\"noopener\">AZ\u018fRTAC<\/a>-a istinad\u0259n bildirir ki, m\u0259ktubda deyilir:<\/p>\n<p>&#8220;Az\u0259rbaycan Respublikas\u0131n\u0131n Prezidenti\u00a0Zati-alil\u0259ri\u00a0c\u0259nab \u0130lham \u018fliyev\u0259<\/p>\n<p>\u018fs-s\u0259lamu-\u0259leykum v\u0259 r\u0259hm\u0259tullahi v\u0259 b\u0259r\u0259k\u0259tuhu.<\/p>\n<p>H\u00f6rm\u0259tli c\u0259nab Prezident.<\/p>\n<p>D\u00fcnya dini liderl\u0259rinin II Bak\u0131 Sammitin\u0259 v\u0259 Zati-alinizin y\u00fcks\u0259k t\u0259qdiri il\u0259 \u015f\u0259r\u0259fl\u0259ndirdiyi m\u00f6ht\u0259r\u0259m \u015eeyx\u00fclislam Allah\u015f\u00fck\u00fcr Pa\u015fazad\u0259nin 70, \u015feyx\u00fclislaml\u0131q f\u0259aliyy\u0259tinin 40 illik yubileyi m\u00fcnasib\u0259til\u0259 r\u0259hb\u0259rlik etdiyim geni\u015f t\u0259rkibli n\u00fcmay\u0259nd\u0259 hey\u0259ti il\u0259 noyabr\u0131n 14-17-d\u0259 \u00f6lk\u0259niz\u0259 s\u0259f\u0259rim zaman\u0131 m\u0259n\u0259 v\u0259 n\u00fcmay\u0259nd\u0259 hey\u0259timizin \u00fczvl\u0259rin\u0259 g\u00f6st\u0259ril\u0259n xo\u015f m\u00fcnasib\u0259t\u0259 v\u0259 qonaqp\u0259rv\u0259rliy\u0259 g\u00f6r\u0259 t\u0259\u015f\u0259kk\u00fcrl\u0259rimi ifad\u0259 etm\u0259k ist\u0259rdim.<\/p>\n<p>X\u00fcsusil\u0259 s\u0259f\u0259rimizin \u0259vv\u0259lind\u0259n \u00f6lk\u0259nizd\u0259n ayr\u0131lana q\u0259d\u0259r bizi m\u00fc\u015fayi\u0259t ed\u0259n, d\u0259y\u0259rli vaxtlar\u0131n\u0131 ay\u0131raraq bizi t\u0259k qoymayan \u0259m\u0259kda\u015flar\u0131n\u0131z\u0131n g\u00f6st\u0259rdikl\u0259ri n\u0259zak\u0259ti t\u0259qdirl\u0259 qar\u015f\u0131lad\u0131\u011f\u0131m\u0131z\u0131 bildirm\u0259k ist\u0259yir\u0259m. D\u00fc\u015f\u00fcn\u00fcr\u0259m ki, g\u00f6z\u0259l \u00f6lk\u0259niz\u0259 n\u00fcmay\u0259nd\u0259 hey\u0259timizl\u0259 etdiyim s\u0259f\u0259r h\u0259m qurumlar\u0131m\u0131z, h\u0259m d\u0259 \u00f6lk\u0259l\u0259rimiz aras\u0131ndak\u0131 \u0259laq\u0259l\u0259rin daha da inki\u015faf\u0131na t\u00f6hf\u0259 ver\u0259c\u0259k.<\/p>\n<p>F\u00fcrs\u0259td\u0259n istifad\u0259 edib Zati-aliniz\u0259 Uca Allahdan cansa\u011fl\u0131\u011f\u0131 v\u0259 xo\u015fb\u0259xtlik dil\u0259yir, Sizin \u015f\u0259xsinizd\u0259 az\u0259rbaycanl\u0131 qarda\u015flar\u0131m\u0131za s\u00fclh, \u0259min-amanl\u0131q v\u0259 rifah arzulay\u0131ram.<\/p>\n<p>D\u0259rin s\u0259mimiyy\u0259tl\u0259,<br \/>\nProfessor Dr. Ali Erba\u015f<br \/>\nT\u00fcrkiy\u0259nin Diyan\u0259t \u0130\u015fl\u0259ri Ba\u015fqan\u0131&#8221;<\/p>\n","protected":false},"excerpt":{"rendered":"<p>T\u00fcrkiy\u0259nin Diyan\u0259t \u0130\u015fl\u0259ri Ba\u015fqan\u0131 professor Dr. Ali Erba\u015f Prezident \u0130lham \u018fliyev\u0259 m\u0259ktub g\u00f6nd\u0259rib. ARANTV.AZ\u00a0AZ\u018fRTAC-a istinad\u0259n bildirir ki, m\u0259ktubda deyilir: &#8220;Az\u0259rbaycan Respublikas\u0131n\u0131n Prezidenti\u00a0Zati-alil\u0259ri\u00a0c\u0259nab \u0130lham \u018fliyev\u0259 \u018fs-s\u0259lamu-\u0259leykum v\u0259 r\u0259hm\u0259tullahi v\u0259 b\u0259r\u0259k\u0259tuhu. H\u00f6rm\u0259tli c\u0259nab Prezident. D\u00fcnya dini liderl\u0259rinin II Bak\u0131 Sammitin\u0259 v\u0259 Zati-alinizin y\u00fcks\u0259k t\u0259qdiri il\u0259 \u015f\u0259r\u0259fl\u0259ndirdiyi m\u00f6ht\u0259r\u0259m \u015eeyx\u00fclislam Allah\u015f\u00fck\u00fcr Pa\u015fazad\u0259nin 70, \u015feyx\u00fclislaml\u0131q f\u0259aliyy\u0259tinin 40 illik yubileyi m\u00fcnasib\u0259til\u0259 r\u0259hb\u0259rlik etdiyim geni\u015f t\u0259rkibli n\u00fcmay\u0259nd\u0259 hey\u0259ti il\u0259 noyabr\u0131n 14-17-d\u0259 \u00f6lk\u0259niz\u0259 s\u0259f\u0259rim zaman\u0131 m\u0259n\u0259 v\u0259 n\u00fcmay\u0259nd\u0259 hey\u0259timizin \u00fczvl\u0259rin\u0259 g\u00f6st\u0259ril\u0259n xo\u015f m\u00fcnasib\u0259t\u0259 v\u0259 qonaqp\u0259rv\u0259rliy\u0259 g\u00f6r\u0259 t\u0259\u015f\u0259kk\u00fcrl\u0259rimi ifad\u0259 etm\u0259k ist\u0259rdim. X\u00fcsusil\u0259 s\u0259f\u0259rimizin \u0259vv\u0259lind\u0259n \u00f6lk\u0259nizd\u0259n ayr\u0131lana q\u0259d\u0259r bizi m\u00fc\u015fayi\u0259t&hellip;<\/p>\n","protected":false},"author":2,"featured_media":100154,"comment_status":"closed","ping_status":"closed","sticky":false,"template":"","format":"standard","meta":{"om_disable_all_campaigns":false,"_monsterinsights_skip_tracking":false,"_monsterinsights_sitenote_active":false,"_monsterinsights_sitenote_note":"","_monsterinsights_sitenote_category":0},"categories":[4],"tags":[],"aioseo_notices":[],"gutentor_comment":0,"rttpg_featured_image_url":{"full":["https:\/\/arantv.az\/wp-content\/uploads\/2019\/11\/804706.jpg",1280,852,false],"landscape":["https:\/\/arantv.az\/wp-content\/uploads\/2019\/11\/804706.jpg",1280,852,false],"portraits":["https:\/\/arantv.az\/wp-content\/uploads\/2019\/11\/804706.jpg",1280,852,false],"thumbnail":["https:\/\/arantv.az\/wp-content\/uploads\/2019\/11\/804706-150x150.jpg",150,150,true],"medium":["https:\/\/arantv.az\/wp-content\/uploads\/2019\/11\/804706-300x200.jpg",300,200,true],"large":["https:\/\/arantv.az\/wp-content\/uploads\/2019\/11\/804706-1024x682.jpg",640,426,true],"1536x1536":["https:\/\/arantv.az\/wp-content\/uploads\/2019\/11\/804706.jpg",1280,852,false],"2048x2048":["https:\/\/arantv.az\/wp-content\/uploads\/2019\/11\/804706.jpg",1280,852,false],"post-thumbnail":["https:\/\/arantv.az\/wp-content\/uploads\/2019\/11\/804706-240x172.jpg",240,172,true],"advps-thumb-one":["https:\/\/arantv.az\/wp-content\/uploads\/2019\/11\/804706-1200x620.jpg",1200,620,true]},"rttpg_author":{"display_name":"V\u00fcsal Rafiqo\u011flu","author_link":"https:\/\/arantv.az\/?author=2"},"rttpg_comment":0,"rttpg_category":"<a href=\"https:\/\/arantv.az\/?cat=4\" rel=\"category\">Siyas\u0259t<\/a>","rttpg_excerpt":"T\u00fcrkiy\u0259nin Diyan\u0259t \u0130\u015fl\u0259ri Ba\u015fqan\u0131 professor Dr. Ali Erba\u015f Prezident \u0130lham \u018fliyev\u0259 m\u0259ktub g\u00f6nd\u0259rib. ARANTV.AZ\u00a0AZ\u018fRTAC-a istinad\u0259n bildirir ki, m\u0259ktubda deyilir: &#8220;Az\u0259rbaycan Respublikas\u0131n\u0131n Prezidenti\u00a0Zati-alil\u0259ri\u00a0c\u0259nab \u0130lham \u018fliyev\u0259 \u018fs-s\u0259lamu-\u0259leykum v\u0259 r\u0259hm\u0259tullahi v\u0259 b\u0259r\u0259k\u0259tuhu. H\u00f6rm\u0259tli c\u0259nab Prezident. D\u00fcnya dini liderl\u0259rinin II Bak\u0131 Sammitin\u0259 v\u0259 Zati-alinizin y\u00fcks\u0259k t\u0259qdiri il\u0259 \u015f\u0259r\u0259fl\u0259ndirdiyi m\u00f6ht\u0259r\u0259m \u015eeyx\u00fclislam Allah\u015f\u00fck\u00fcr Pa\u015fazad\u0259nin 70, \u015feyx\u00fclislaml\u0131q f\u0259aliyy\u0259tinin 40 illik yubileyi m\u00fcnasib\u0259til\u0259&hellip;","_links":{"self":[{"href":"https:\/\/arantv.az\/index.php?rest_route=\/wp\/v2\/posts\/100153"}],"collection":[{"href":"https:\/\/arantv.az\/index.php?rest_route=\/wp\/v2\/posts"}],"about":[{"href":"https:\/\/arantv.az\/index.php?rest_route=\/wp\/v2\/types\/post"}],"author":[{"embeddable":true,"href":"https:\/\/arantv.az\/index.php?rest_route=\/wp\/v2\/users\/2"}],"replies":[{"embeddable":true,"href":"https:\/\/arantv.az\/index.php?rest_route=%2Fwp%2Fv2%2Fcomments&post=100153"}],"version-history":[{"count":0,"href":"https:\/\/arantv.az\/index.php?rest_route=\/wp\/v2\/posts\/100153\/revisions"}],"wp:featuredmedia":[{"embeddable":true,"href":"https:\/\/arantv.az\/index.php?rest_route=\/wp\/v2\/media\/100154"}],"wp:attachment":[{"href":"https:\/\/arantv.az\/index.php?rest_route=%2Fwp%2Fv2%2Fmedia&parent=100153"}],"wp:term":[{"taxonomy":"category","embeddable":true,"href":"https:\/\/arantv.az\/index.php?rest_route=%2Fwp%2Fv2%2Fcategories&post=100153"},{"taxonomy":"post_tag","embeddable":true,"href":"https:\/\/arantv.az\/index.php?rest_route=%2Fwp%2Fv2%2Ftags&post=100153"}],"curies":[{"name":"wp","href":"https:\/\/api.w.org\/{rel}","templated":true}]}}