{"id":100157,"date":"2019-11-23T14:47:04","date_gmt":"2019-11-23T11:47:04","guid":{"rendered":"http:\/\/arantv.az\/?p=100157"},"modified":"2019-11-23T14:47:04","modified_gmt":"2019-11-23T11:47:04","slug":"federasiya-surasinin-s%c9%99dri-rusiya-il%c9%99-az%c9%99rbaycan-arasinda-olan-ticar%c9%99t-dovriyy%c9%99sinin-h%c9%99cmini-aciqlayib","status":"publish","type":"post","link":"https:\/\/arantv.az\/?p=100157","title":{"rendered":"Federasiya \u015euras\u0131n\u0131n s\u0259dri Rusiya il\u0259 Az\u0259rbaycan aras\u0131nda olan ticar\u0259t d\u00f6vriyy\u0259sinin h\u0259cmini a\u00e7\u0131qlay\u0131b"},"content":{"rendered":"<p>Rusiya Federasiya \u015euras\u0131n\u0131n s\u0259dri Valentina Matviyenko Az\u0259rbaycanla Rusiya aras\u0131nda ticar\u0259t d\u00f6vriyy\u0259sinin h\u0259cmini a\u00e7\u0131qlay\u0131b.<\/p>\n<p>TASS x\u0259b\u0259r verir ki, o, iki \u00f6lk\u0259 aras\u0131nda olan qar\u015f\u0131l\u0131ql\u0131 iqtisadi \u0259m\u0259kda\u015fl\u0131q xarakterli m\u00fcnasib\u0259tl\u0259r\u0259 toxunaraq\u00a0qeyd edib ki, \u00f6t\u0259n ill\u0259rl\u0259 m\u00fcqayis\u0259d\u0259 ikit\u0259r\u0259fli ticar\u0259t d\u00f6vriyy\u0259si 14 faiz artaraq 2.5 milyard dollar olub.<\/p>\n<p>\u201cSon ill\u0259r Rusiya il\u0259 Az\u0259rbaycan aras\u0131nda olan iqtisadi-ticari \u0259laq\u0259l\u0259rin d\u0259rinl\u0259\u015fm\u0259si \u00fc\u00e7\u00fcn b\u00f6y\u00fck i\u015fl\u0259r g\u00f6r\u00fcl\u00fcb. V\u0259 biz bunun praktiki n\u0259tic\u0259l\u0259rini g\u00f6r\u00fcr\u00fck. Rusiya Az\u0259rbaycan\u0131n qeyri-neft sektoruna aid mallar\u0131n\u0131n idxal v\u0259 ixrac\u0131 \u00fczr\u0259 \u0259sas t\u0259r\u0259fda\u015f\u0131d\u0131r\u201d, &#8211; dey\u0259 Matviyenko Moskvada ke\u00e7iril\u0259n X Rusiya-Az\u0259rbaycan forumunda \u00e7\u0131x\u0131\u015f\u0131nda deyib.<\/p>\n<p>N\u0259qliyyat sektorunda olan m\u00fcnasib\u0259tl\u0259r\u0259 d\u0259 toxunan V.Matviyenko \u201c\u015eimal-C\u0259nub\u201d d\u0259hlizinin formala\u015fmas\u0131 \u00e7\u0259r\u00e7iv\u0259sind\u0259 d\u0259 intensiv f\u0259aliyy\u0259tin davam etdirilm\u0259li oldu\u011fun xat\u0131rlad\u0131b.<\/p>\n<p>O, bu d\u0259hlizin Avrasiyan\u0131n \u0259n vacib n\u0259qliyyat arteriyas\u0131na \u00e7evril\u0259c\u0259yin\u0259 v\u0259 C\u0259nubi Asiyadan Avropaya Rusiya v\u0259 Az\u0259rbaycan \u00fcz\u0259rind\u0259n y\u00fckl\u0259rin \u0259h\u0259miyy\u0259tli d\u0259r\u0259c\u0259d\u0259 da\u015f\u0131nmas\u0131n\u0131n s\u00fcr\u0259tl\u0259n\u0259c\u0259yin\u0259 inand\u0131\u011f\u0131n\u0131 bildirib.<\/p>\n","protected":false},"excerpt":{"rendered":"<p>Rusiya Federasiya \u015euras\u0131n\u0131n s\u0259dri Valentina Matviyenko Az\u0259rbaycanla Rusiya aras\u0131nda ticar\u0259t d\u00f6vriyy\u0259sinin h\u0259cmini a\u00e7\u0131qlay\u0131b. TASS x\u0259b\u0259r verir ki, o, iki \u00f6lk\u0259 aras\u0131nda olan qar\u015f\u0131l\u0131ql\u0131 iqtisadi \u0259m\u0259kda\u015fl\u0131q xarakterli m\u00fcnasib\u0259tl\u0259r\u0259 toxunaraq\u00a0qeyd edib ki, \u00f6t\u0259n ill\u0259rl\u0259 m\u00fcqayis\u0259d\u0259 ikit\u0259r\u0259fli ticar\u0259t d\u00f6vriyy\u0259si 14 faiz artaraq 2.5 milyard dollar olub. \u201cSon ill\u0259r Rusiya il\u0259 Az\u0259rbaycan aras\u0131nda olan iqtisadi-ticari \u0259laq\u0259l\u0259rin d\u0259rinl\u0259\u015fm\u0259si \u00fc\u00e7\u00fcn b\u00f6y\u00fck i\u015fl\u0259r g\u00f6r\u00fcl\u00fcb. V\u0259 biz bunun praktiki n\u0259tic\u0259l\u0259rini g\u00f6r\u00fcr\u00fck. Rusiya Az\u0259rbaycan\u0131n qeyri-neft sektoruna aid mallar\u0131n\u0131n idxal v\u0259 ixrac\u0131 \u00fczr\u0259 \u0259sas t\u0259r\u0259fda\u015f\u0131d\u0131r\u201d, &#8211; dey\u0259 Matviyenko Moskvada ke\u00e7iril\u0259n X Rusiya-Az\u0259rbaycan forumunda \u00e7\u0131x\u0131\u015f\u0131nda deyib. N\u0259qliyyat sektorunda olan m\u00fcnasib\u0259tl\u0259r\u0259 d\u0259&hellip;<\/p>\n","protected":false},"author":2,"featured_media":100158,"comment_status":"closed","ping_status":"closed","sticky":false,"template":"","format":"standard","meta":{"om_disable_all_campaigns":false,"_monsterinsights_skip_tracking":false,"_monsterinsights_sitenote_active":false,"_monsterinsights_sitenote_note":"","_monsterinsights_sitenote_category":0},"categories":[8],"tags":[],"aioseo_notices":[],"gutentor_comment":0,"rttpg_featured_image_url":{"full":["https:\/\/arantv.az\/wp-content\/uploads\/2019\/11\/5a396806-bb52-4628-83c8-0262e66f3d1d-1.jpg",620,465,false],"landscape":["https:\/\/arantv.az\/wp-content\/uploads\/2019\/11\/5a396806-bb52-4628-83c8-0262e66f3d1d-1.jpg",620,465,false],"portraits":["https:\/\/arantv.az\/wp-content\/uploads\/2019\/11\/5a396806-bb52-4628-83c8-0262e66f3d1d-1.jpg",620,465,false],"thumbnail":["https:\/\/arantv.az\/wp-content\/uploads\/2019\/11\/5a396806-bb52-4628-83c8-0262e66f3d1d-1-150x150.jpg",150,150,true],"medium":["https:\/\/arantv.az\/wp-content\/uploads\/2019\/11\/5a396806-bb52-4628-83c8-0262e66f3d1d-1-300x225.jpg",300,225,true],"large":["https:\/\/arantv.az\/wp-content\/uploads\/2019\/11\/5a396806-bb52-4628-83c8-0262e66f3d1d-1.jpg",620,465,false],"1536x1536":["https:\/\/arantv.az\/wp-content\/uploads\/2019\/11\/5a396806-bb52-4628-83c8-0262e66f3d1d-1.jpg",620,465,false],"2048x2048":["https:\/\/arantv.az\/wp-content\/uploads\/2019\/11\/5a396806-bb52-4628-83c8-0262e66f3d1d-1.jpg",620,465,false],"post-thumbnail":["https:\/\/arantv.az\/wp-content\/uploads\/2019\/11\/5a396806-bb52-4628-83c8-0262e66f3d1d-1-240x172.jpg",240,172,true],"advps-thumb-one":["https:\/\/arantv.az\/wp-content\/uploads\/2019\/11\/5a396806-bb52-4628-83c8-0262e66f3d1d-1.jpg",620,465,false]},"rttpg_author":{"display_name":"V\u00fcsal Rafiqo\u011flu","author_link":"https:\/\/arantv.az\/?author=2"},"rttpg_comment":0,"rttpg_category":"<a href=\"https:\/\/arantv.az\/?cat=8\" rel=\"category\">\u018fsas s\u0259hif\u0259<\/a>","rttpg_excerpt":"Rusiya Federasiya \u015euras\u0131n\u0131n s\u0259dri Valentina Matviyenko Az\u0259rbaycanla Rusiya aras\u0131nda ticar\u0259t d\u00f6vriyy\u0259sinin h\u0259cmini a\u00e7\u0131qlay\u0131b. TASS x\u0259b\u0259r verir ki, o, iki \u00f6lk\u0259 aras\u0131nda olan qar\u015f\u0131l\u0131ql\u0131 iqtisadi \u0259m\u0259kda\u015fl\u0131q xarakterli m\u00fcnasib\u0259tl\u0259r\u0259 toxunaraq\u00a0qeyd edib ki, \u00f6t\u0259n ill\u0259rl\u0259 m\u00fcqayis\u0259d\u0259 ikit\u0259r\u0259fli ticar\u0259t d\u00f6vriyy\u0259si 14 faiz artaraq 2.5 milyard dollar olub. \u201cSon ill\u0259r Rusiya il\u0259 Az\u0259rbaycan aras\u0131nda olan iqtisadi-ticari \u0259laq\u0259l\u0259rin d\u0259rinl\u0259\u015fm\u0259si \u00fc\u00e7\u00fcn b\u00f6y\u00fck&hellip;","_links":{"self":[{"href":"https:\/\/arantv.az\/index.php?rest_route=\/wp\/v2\/posts\/100157"}],"collection":[{"href":"https:\/\/arantv.az\/index.php?rest_route=\/wp\/v2\/posts"}],"about":[{"href":"https:\/\/arantv.az\/index.php?rest_route=\/wp\/v2\/types\/post"}],"author":[{"embeddable":true,"href":"https:\/\/arantv.az\/index.php?rest_route=\/wp\/v2\/users\/2"}],"replies":[{"embeddable":true,"href":"https:\/\/arantv.az\/index.php?rest_route=%2Fwp%2Fv2%2Fcomments&post=100157"}],"version-history":[{"count":0,"href":"https:\/\/arantv.az\/index.php?rest_route=\/wp\/v2\/posts\/100157\/revisions"}],"wp:featuredmedia":[{"embeddable":true,"href":"https:\/\/arantv.az\/index.php?rest_route=\/wp\/v2\/media\/100158"}],"wp:attachment":[{"href":"https:\/\/arantv.az\/index.php?rest_route=%2Fwp%2Fv2%2Fmedia&parent=100157"}],"wp:term":[{"taxonomy":"category","embeddable":true,"href":"https:\/\/arantv.az\/index.php?rest_route=%2Fwp%2Fv2%2Fcategories&post=100157"},{"taxonomy":"post_tag","embeddable":true,"href":"https:\/\/arantv.az\/index.php?rest_route=%2Fwp%2Fv2%2Ftags&post=100157"}],"curies":[{"name":"wp","href":"https:\/\/api.w.org\/{rel}","templated":true}]}}