{"id":100161,"date":"2019-11-23T14:59:30","date_gmt":"2019-11-23T11:59:30","guid":{"rendered":"http:\/\/arantv.az\/?p=100161"},"modified":"2019-11-23T14:59:30","modified_gmt":"2019-11-23T11:59:30","slug":"prezident-abseron-magistral-kanalinda-yenid%c9%99nqurma-isl%c9%99rin%c9%99-5-milyon-manat-ayirdi","status":"publish","type":"post","link":"https:\/\/arantv.az\/?p=100161","title":{"rendered":"Prezident Ab\u015feron magistral kanal\u0131nda yenid\u0259nqurma i\u015fl\u0259rin\u0259 5 milyon manat ay\u0131rd\u0131"},"content":{"rendered":"<p>Prezident \u0130lham \u018fliyev Ab\u015feron magistral kanal\u0131nda yenid\u0259nqurma i\u015fl\u0259rinin apar\u0131lmas\u0131 v\u0259 kanal\u0131n suburaxma qabiliyy\u0259tinin art\u0131r\u0131lmas\u0131 il\u0259 ba\u011fl\u0131 \u0259lav\u0259 t\u0259dbirl\u0259r haqq\u0131nda s\u0259r\u0259ncam imzalay\u0131b.<\/p>\n<div id=\"AdviadNativeVideo0\" class=\"AdviadNativeVideo\"><\/div>\n<p><strong>ARANTV.AZ<\/strong>-\u0131n m\u0259lumat\u0131na g\u00f6r\u0259, s\u0259r\u0259ncama \u0259sas\u0259n, Ab\u015feron yar\u0131madas\u0131nda k\u0259nd t\u0259s\u0259rr\u00fcfat\u0131na yararl\u0131 torpaqlar\u0131n suvar\u0131lmas\u0131 v\u0259ziyy\u0259tinin yax\u015f\u0131la\u015fd\u0131r\u0131lmas\u0131 m\u0259qs\u0259dil\u0259 Ab\u015feron magistral kanal\u0131nda yenid\u0259nqurma i\u015fl\u0259rinin apar\u0131lmas\u0131 v\u0259 kanal\u0131n suburaxma qabiliyy\u0259tinin art\u0131r\u0131lmas\u0131 \u00fc\u00e7\u00fcn Az\u0259rbaycan Respublikas\u0131 Prezidentinin 2019-cu il 15 yanvar tarixli 890 n\u00f6mr\u0259li S\u0259r\u0259ncam\u0131 il\u0259 t\u0259sdiq edilmi\u015f \u201cAz\u0259rbaycan Respublikas\u0131n\u0131n 2019-cu il d\u00f6vl\u0259t b\u00fcdc\u0259sind\u0259 dig\u0259r layih\u0259l\u0259r \u00fczr\u0259 d\u00f6vl\u0259t \u0259sasl\u0131 v\u0259sait qoyulu\u015fu (investisiya x\u0259rcl\u0259ri) \u00fc\u00e7\u00fcn n\u0259z\u0259rd\u0259 tutulan v\u0259saitin b\u00f6lg\u00fcs\u00fc\u201dn\u00fcn 1.67-ci b\u0259ndind\u0259 g\u00f6st\u0259rilmi\u015f m\u0259bl\u0259\u011fin 5,0 (be\u015f) milyon manat\u0131 Az\u0259rbaycan Meliorasiya v\u0259 Su T\u0259s\u0259rr\u00fcfat\u0131 A\u00e7\u0131q S\u0259hmdar C\u0259miyy\u0259tin\u0259 ayr\u0131l\u0131b.<\/p>\n<p>Az\u0259rbaycan Respublikas\u0131n\u0131n Maliyy\u0259 Nazirliyin\u0259 bu S\u0259r\u0259ncam\u0131n 1-ci hiss\u0259sind\u0259 g\u00f6st\u0259ril\u0259n m\u0259bl\u0259\u011fd\u0259 maliyy\u0259l\u0259\u015fm\u0259ni t\u0259min etm\u0259si tap\u015f\u0131r\u0131l\u0131b.\u00a0AZ\u018fRTAC<\/p>\n","protected":false},"excerpt":{"rendered":"<p>Prezident \u0130lham \u018fliyev Ab\u015feron magistral kanal\u0131nda yenid\u0259nqurma i\u015fl\u0259rinin apar\u0131lmas\u0131 v\u0259 kanal\u0131n suburaxma qabiliyy\u0259tinin art\u0131r\u0131lmas\u0131 il\u0259 ba\u011fl\u0131 \u0259lav\u0259 t\u0259dbirl\u0259r haqq\u0131nda s\u0259r\u0259ncam imzalay\u0131b. ARANTV.AZ-\u0131n m\u0259lumat\u0131na g\u00f6r\u0259, s\u0259r\u0259ncama \u0259sas\u0259n, Ab\u015feron yar\u0131madas\u0131nda k\u0259nd t\u0259s\u0259rr\u00fcfat\u0131na yararl\u0131 torpaqlar\u0131n suvar\u0131lmas\u0131 v\u0259ziyy\u0259tinin yax\u015f\u0131la\u015fd\u0131r\u0131lmas\u0131 m\u0259qs\u0259dil\u0259 Ab\u015feron magistral kanal\u0131nda yenid\u0259nqurma i\u015fl\u0259rinin apar\u0131lmas\u0131 v\u0259 kanal\u0131n suburaxma qabiliyy\u0259tinin art\u0131r\u0131lmas\u0131 \u00fc\u00e7\u00fcn Az\u0259rbaycan Respublikas\u0131 Prezidentinin 2019-cu il 15 yanvar tarixli 890 n\u00f6mr\u0259li S\u0259r\u0259ncam\u0131 il\u0259 t\u0259sdiq edilmi\u015f \u201cAz\u0259rbaycan Respublikas\u0131n\u0131n 2019-cu il d\u00f6vl\u0259t b\u00fcdc\u0259sind\u0259 dig\u0259r layih\u0259l\u0259r \u00fczr\u0259 d\u00f6vl\u0259t \u0259sasl\u0131 v\u0259sait qoyulu\u015fu (investisiya x\u0259rcl\u0259ri) \u00fc\u00e7\u00fcn n\u0259z\u0259rd\u0259 tutulan v\u0259saitin b\u00f6lg\u00fcs\u00fc\u201dn\u00fcn 1.67-ci b\u0259ndind\u0259 g\u00f6st\u0259rilmi\u015f m\u0259bl\u0259\u011fin 5,0 (be\u015f) milyon manat\u0131&hellip;<\/p>\n","protected":false},"author":2,"featured_media":100162,"comment_status":"closed","ping_status":"closed","sticky":false,"template":"","format":"standard","meta":{"om_disable_all_campaigns":false,"_monsterinsights_skip_tracking":false,"_monsterinsights_sitenote_active":false,"_monsterinsights_sitenote_note":"","_monsterinsights_sitenote_category":0},"categories":[4],"tags":[],"aioseo_notices":[],"gutentor_comment":0,"rttpg_featured_image_url":{"full":["https:\/\/arantv.az\/wp-content\/uploads\/2019\/11\/PREZ\u00c4\u00b0DENT_imza.jpg",620,414,false],"landscape":["https:\/\/arantv.az\/wp-content\/uploads\/2019\/11\/PREZ\u00c4\u00b0DENT_imza.jpg",620,414,false],"portraits":["https:\/\/arantv.az\/wp-content\/uploads\/2019\/11\/PREZ\u00c4\u00b0DENT_imza.jpg",620,414,false],"thumbnail":["https:\/\/arantv.az\/wp-content\/uploads\/2019\/11\/PREZ\u00c4\u00b0DENT_imza-150x150.jpg",150,150,true],"medium":["https:\/\/arantv.az\/wp-content\/uploads\/2019\/11\/PREZ\u00c4\u00b0DENT_imza-300x200.jpg",300,200,true],"large":["https:\/\/arantv.az\/wp-content\/uploads\/2019\/11\/PREZ\u00c4\u00b0DENT_imza.jpg",620,414,false],"1536x1536":["https:\/\/arantv.az\/wp-content\/uploads\/2019\/11\/PREZ\u00c4\u00b0DENT_imza.jpg",620,414,false],"2048x2048":["https:\/\/arantv.az\/wp-content\/uploads\/2019\/11\/PREZ\u00c4\u00b0DENT_imza.jpg",620,414,false],"post-thumbnail":["https:\/\/arantv.az\/wp-content\/uploads\/2019\/11\/PREZ\u00c4\u00b0DENT_imza-240x172.jpg",240,172,true],"advps-thumb-one":["https:\/\/arantv.az\/wp-content\/uploads\/2019\/11\/PREZ\u00c4\u00b0DENT_imza.jpg",620,414,false]},"rttpg_author":{"display_name":"V\u00fcsal Rafiqo\u011flu","author_link":"https:\/\/arantv.az\/?author=2"},"rttpg_comment":0,"rttpg_category":"<a href=\"https:\/\/arantv.az\/?cat=4\" rel=\"category\">Siyas\u0259t<\/a>","rttpg_excerpt":"Prezident \u0130lham \u018fliyev Ab\u015feron magistral kanal\u0131nda yenid\u0259nqurma i\u015fl\u0259rinin apar\u0131lmas\u0131 v\u0259 kanal\u0131n suburaxma qabiliyy\u0259tinin art\u0131r\u0131lmas\u0131 il\u0259 ba\u011fl\u0131 \u0259lav\u0259 t\u0259dbirl\u0259r haqq\u0131nda s\u0259r\u0259ncam imzalay\u0131b. ARANTV.AZ-\u0131n m\u0259lumat\u0131na g\u00f6r\u0259, s\u0259r\u0259ncama \u0259sas\u0259n, Ab\u015feron yar\u0131madas\u0131nda k\u0259nd t\u0259s\u0259rr\u00fcfat\u0131na yararl\u0131 torpaqlar\u0131n suvar\u0131lmas\u0131 v\u0259ziyy\u0259tinin yax\u015f\u0131la\u015fd\u0131r\u0131lmas\u0131 m\u0259qs\u0259dil\u0259 Ab\u015feron magistral kanal\u0131nda yenid\u0259nqurma i\u015fl\u0259rinin apar\u0131lmas\u0131 v\u0259 kanal\u0131n suburaxma qabiliyy\u0259tinin art\u0131r\u0131lmas\u0131 \u00fc\u00e7\u00fcn Az\u0259rbaycan Respublikas\u0131 Prezidentinin 2019-cu il 15 yanvar&hellip;","_links":{"self":[{"href":"https:\/\/arantv.az\/index.php?rest_route=\/wp\/v2\/posts\/100161"}],"collection":[{"href":"https:\/\/arantv.az\/index.php?rest_route=\/wp\/v2\/posts"}],"about":[{"href":"https:\/\/arantv.az\/index.php?rest_route=\/wp\/v2\/types\/post"}],"author":[{"embeddable":true,"href":"https:\/\/arantv.az\/index.php?rest_route=\/wp\/v2\/users\/2"}],"replies":[{"embeddable":true,"href":"https:\/\/arantv.az\/index.php?rest_route=%2Fwp%2Fv2%2Fcomments&post=100161"}],"version-history":[{"count":0,"href":"https:\/\/arantv.az\/index.php?rest_route=\/wp\/v2\/posts\/100161\/revisions"}],"wp:featuredmedia":[{"embeddable":true,"href":"https:\/\/arantv.az\/index.php?rest_route=\/wp\/v2\/media\/100162"}],"wp:attachment":[{"href":"https:\/\/arantv.az\/index.php?rest_route=%2Fwp%2Fv2%2Fmedia&parent=100161"}],"wp:term":[{"taxonomy":"category","embeddable":true,"href":"https:\/\/arantv.az\/index.php?rest_route=%2Fwp%2Fv2%2Fcategories&post=100161"},{"taxonomy":"post_tag","embeddable":true,"href":"https:\/\/arantv.az\/index.php?rest_route=%2Fwp%2Fv2%2Ftags&post=100161"}],"curies":[{"name":"wp","href":"https:\/\/api.w.org\/{rel}","templated":true}]}}