{"id":100165,"date":"2019-11-23T15:01:27","date_gmt":"2019-11-23T12:01:27","guid":{"rendered":"http:\/\/arantv.az\/?p=100165"},"modified":"2019-11-23T15:01:27","modified_gmt":"2019-11-23T12:01:27","slug":"misirin-deputatlar-m%c9%99clisinin-birinci-vitse-spikeri-prezident-ilham-%c9%99liyev%c9%99-t%c9%99s%c9%99kkur-edib","status":"publish","type":"post","link":"https:\/\/arantv.az\/?p=100165","title":{"rendered":"Misirin Deputatlar M\u0259clisinin birinci vitse-spikeri Prezident \u0130lham \u018fliyev\u0259 t\u0259\u015f\u0259kk\u00fcr edib"},"content":{"rendered":"<p>Misir \u018fr\u0259b Respublikas\u0131 Deputatlar M\u0259clisinin birinci vitse-spikeri, \u015e\u0259rifl\u0259r C\u0259miyy\u0259tinin r\u0259hb\u0259ri \u018fl-Seyyid \u018fl-\u015e\u0259rif Prezident \u0130lham \u018fliyev\u0259 m\u0259ktub g\u00f6nd\u0259rib.<\/p>\n<p><strong>ARANTV.AZ<\/strong>\u00a0\u00a0<a href=\"http:\/\/azertag.az\/\" target=\"_blank\" rel=\"noopener\">AZ\u018fRTAC<\/a>-a istinad\u0259n bildirir ki, m\u0259ktubda deyilir:<\/p>\n<p>&#8220;Az\u0259rbaycan Respublikas\u0131n\u0131n Prezidenti\u00a0Zati-alil\u0259ri\u00a0c\u0259nab \u0130lham \u018fliyev\u0259<\/p>\n<p>\u018fs-s\u0259lamu-\u0259leykum v\u0259 r\u0259hm\u0259tullahi v\u0259 b\u0259r\u0259k\u0259tuhu.<\/p>\n<p>M\u00f6ht\u0259r\u0259m c\u0259nab Prezident.<\/p>\n<p>\u015e\u0259xs\u0259n \u00f6z ad\u0131mdan v\u0259 bu il noyabr\u0131n 14-15-d\u0259 D\u00fcnya dini liderl\u0259rinin II Bak\u0131 Sammitind\u0259 i\u015ftirak ed\u0259n Misir n\u00fcmay\u0259nd\u0259 hey\u0259ti ad\u0131ndan iki q\u0259dim m\u0259d\u0259niyy\u0259ti &#8211; \u015e\u0259rq v\u0259 Q\u0259rb m\u0259d\u0259niyy\u0259tl\u0259rini t\u0259msil ed\u0259n, tolerantl\u0131q, s\u00fclh i\u00e7\u0259risind\u0259 birg\u0259ya\u015fay\u0131\u015f n\u00fcmun\u0259si olan qarda\u015f v\u0259 do\u011fma \u00f6lk\u0259nizd\u0259 bizi mehriban qar\u015f\u0131lay\u0131b qonaqp\u0259rv\u0259rlik g\u00f6st\u0259rdiyiniz\u0259 v\u0259 s\u0259mimi g\u00f6r\u00fc\u015f\u0259 g\u00f6r\u0259 Zati-aliniz\u0259 d\u0259rin t\u0259\u015f\u0259kk\u00fcr\u00fcm\u00fc v\u0259 minn\u0259tdarl\u0131\u011f\u0131m\u0131 \u00e7atd\u0131r\u0131ram.<\/p>\n<p>F\u00fcrs\u0259td\u0259n istifad\u0259 edib Zati-aliniz\u0259 cansa\u011fl\u0131\u011f\u0131 v\u0259 do\u011fma Az\u0259rbaycana getdikc\u0259 artan t\u0259r\u0259qqi v\u0259 rifah arzulay\u0131ram.<\/p>\n<p>Y\u00fcks\u0259k ehtiram\u0131m\u0131z\u0131 q\u0259bul etm\u0259yinizi xahi\u015f edir\u0259m.<\/p>\n<p>D\u0259rin h\u00f6rm\u0259tl\u0259,<br \/>\n\u018fl-Seyyid \u018fl-\u015e\u0259rif<br \/>\nMisir \u018fr\u0259b Respublikas\u0131 Deputatlar M\u0259clisinin birinci vitse-spikeri, \u015e\u0259rifl\u0259r C\u0259miyy\u0259tinin r\u0259hb\u0259ri&#8221;<\/p>\n","protected":false},"excerpt":{"rendered":"<p>Misir \u018fr\u0259b Respublikas\u0131 Deputatlar M\u0259clisinin birinci vitse-spikeri, \u015e\u0259rifl\u0259r C\u0259miyy\u0259tinin r\u0259hb\u0259ri \u018fl-Seyyid \u018fl-\u015e\u0259rif Prezident \u0130lham \u018fliyev\u0259 m\u0259ktub g\u00f6nd\u0259rib. ARANTV.AZ\u00a0\u00a0AZ\u018fRTAC-a istinad\u0259n bildirir ki, m\u0259ktubda deyilir: &#8220;Az\u0259rbaycan Respublikas\u0131n\u0131n Prezidenti\u00a0Zati-alil\u0259ri\u00a0c\u0259nab \u0130lham \u018fliyev\u0259 \u018fs-s\u0259lamu-\u0259leykum v\u0259 r\u0259hm\u0259tullahi v\u0259 b\u0259r\u0259k\u0259tuhu. M\u00f6ht\u0259r\u0259m c\u0259nab Prezident. \u015e\u0259xs\u0259n \u00f6z ad\u0131mdan v\u0259 bu il noyabr\u0131n 14-15-d\u0259 D\u00fcnya dini liderl\u0259rinin II Bak\u0131 Sammitind\u0259 i\u015ftirak ed\u0259n Misir n\u00fcmay\u0259nd\u0259 hey\u0259ti ad\u0131ndan iki q\u0259dim m\u0259d\u0259niyy\u0259ti &#8211; \u015e\u0259rq v\u0259 Q\u0259rb m\u0259d\u0259niyy\u0259tl\u0259rini t\u0259msil ed\u0259n, tolerantl\u0131q, s\u00fclh i\u00e7\u0259risind\u0259 birg\u0259ya\u015fay\u0131\u015f n\u00fcmun\u0259si olan qarda\u015f v\u0259 do\u011fma \u00f6lk\u0259nizd\u0259 bizi mehriban qar\u015f\u0131lay\u0131b qonaqp\u0259rv\u0259rlik g\u00f6st\u0259rdiyiniz\u0259 v\u0259 s\u0259mimi g\u00f6r\u00fc\u015f\u0259 g\u00f6r\u0259 Zati-aliniz\u0259 d\u0259rin t\u0259\u015f\u0259kk\u00fcr\u00fcm\u00fc v\u0259 minn\u0259tdarl\u0131\u011f\u0131m\u0131&hellip;<\/p>\n","protected":false},"author":2,"featured_media":100166,"comment_status":"closed","ping_status":"closed","sticky":false,"template":"","format":"standard","meta":{"om_disable_all_campaigns":false,"_monsterinsights_skip_tracking":false,"_monsterinsights_sitenote_active":false,"_monsterinsights_sitenote_note":"","_monsterinsights_sitenote_category":0},"categories":[4],"tags":[],"aioseo_notices":[],"gutentor_comment":0,"rttpg_featured_image_url":{"full":["https:\/\/arantv.az\/wp-content\/uploads\/2019\/11\/2018_ilham_aliyev_05-10.jpg",1200,900,false],"landscape":["https:\/\/arantv.az\/wp-content\/uploads\/2019\/11\/2018_ilham_aliyev_05-10.jpg",1200,900,false],"portraits":["https:\/\/arantv.az\/wp-content\/uploads\/2019\/11\/2018_ilham_aliyev_05-10.jpg",1200,900,false],"thumbnail":["https:\/\/arantv.az\/wp-content\/uploads\/2019\/11\/2018_ilham_aliyev_05-10-150x150.jpg",150,150,true],"medium":["https:\/\/arantv.az\/wp-content\/uploads\/2019\/11\/2018_ilham_aliyev_05-10-300x225.jpg",300,225,true],"large":["https:\/\/arantv.az\/wp-content\/uploads\/2019\/11\/2018_ilham_aliyev_05-10-1024x768.jpg",640,480,true],"1536x1536":["https:\/\/arantv.az\/wp-content\/uploads\/2019\/11\/2018_ilham_aliyev_05-10.jpg",1200,900,false],"2048x2048":["https:\/\/arantv.az\/wp-content\/uploads\/2019\/11\/2018_ilham_aliyev_05-10.jpg",1200,900,false],"post-thumbnail":["https:\/\/arantv.az\/wp-content\/uploads\/2019\/11\/2018_ilham_aliyev_05-10-240x172.jpg",240,172,true],"advps-thumb-one":["https:\/\/arantv.az\/wp-content\/uploads\/2019\/11\/2018_ilham_aliyev_05-10-1200x620.jpg",1200,620,true]},"rttpg_author":{"display_name":"V\u00fcsal Rafiqo\u011flu","author_link":"https:\/\/arantv.az\/?author=2"},"rttpg_comment":0,"rttpg_category":"<a href=\"https:\/\/arantv.az\/?cat=4\" rel=\"category\">Siyas\u0259t<\/a>","rttpg_excerpt":"Misir \u018fr\u0259b Respublikas\u0131 Deputatlar M\u0259clisinin birinci vitse-spikeri, \u015e\u0259rifl\u0259r C\u0259miyy\u0259tinin r\u0259hb\u0259ri \u018fl-Seyyid \u018fl-\u015e\u0259rif Prezident \u0130lham \u018fliyev\u0259 m\u0259ktub g\u00f6nd\u0259rib. ARANTV.AZ\u00a0\u00a0AZ\u018fRTAC-a istinad\u0259n bildirir ki, m\u0259ktubda deyilir: &#8220;Az\u0259rbaycan Respublikas\u0131n\u0131n Prezidenti\u00a0Zati-alil\u0259ri\u00a0c\u0259nab \u0130lham \u018fliyev\u0259 \u018fs-s\u0259lamu-\u0259leykum v\u0259 r\u0259hm\u0259tullahi v\u0259 b\u0259r\u0259k\u0259tuhu. M\u00f6ht\u0259r\u0259m c\u0259nab Prezident. \u015e\u0259xs\u0259n \u00f6z ad\u0131mdan v\u0259 bu il noyabr\u0131n 14-15-d\u0259 D\u00fcnya dini liderl\u0259rinin II Bak\u0131 Sammitind\u0259 i\u015ftirak ed\u0259n Misir n\u00fcmay\u0259nd\u0259 hey\u0259ti&hellip;","_links":{"self":[{"href":"https:\/\/arantv.az\/index.php?rest_route=\/wp\/v2\/posts\/100165"}],"collection":[{"href":"https:\/\/arantv.az\/index.php?rest_route=\/wp\/v2\/posts"}],"about":[{"href":"https:\/\/arantv.az\/index.php?rest_route=\/wp\/v2\/types\/post"}],"author":[{"embeddable":true,"href":"https:\/\/arantv.az\/index.php?rest_route=\/wp\/v2\/users\/2"}],"replies":[{"embeddable":true,"href":"https:\/\/arantv.az\/index.php?rest_route=%2Fwp%2Fv2%2Fcomments&post=100165"}],"version-history":[{"count":0,"href":"https:\/\/arantv.az\/index.php?rest_route=\/wp\/v2\/posts\/100165\/revisions"}],"wp:featuredmedia":[{"embeddable":true,"href":"https:\/\/arantv.az\/index.php?rest_route=\/wp\/v2\/media\/100166"}],"wp:attachment":[{"href":"https:\/\/arantv.az\/index.php?rest_route=%2Fwp%2Fv2%2Fmedia&parent=100165"}],"wp:term":[{"taxonomy":"category","embeddable":true,"href":"https:\/\/arantv.az\/index.php?rest_route=%2Fwp%2Fv2%2Fcategories&post=100165"},{"taxonomy":"post_tag","embeddable":true,"href":"https:\/\/arantv.az\/index.php?rest_route=%2Fwp%2Fv2%2Ftags&post=100165"}],"curies":[{"name":"wp","href":"https:\/\/api.w.org\/{rel}","templated":true}]}}