{"id":100169,"date":"2019-11-23T15:03:06","date_gmt":"2019-11-23T12:03:06","guid":{"rendered":"http:\/\/arantv.az\/?p=100169"},"modified":"2019-11-23T15:03:06","modified_gmt":"2019-11-23T12:03:06","slug":"az%c9%99rbaycan-prezidenti-bosniya-v%c9%99-herseqovina-r%c9%99yas%c9%99t-hey%c9%99tinin-s%c9%99drini-t%c9%99brik-edib","status":"publish","type":"post","link":"https:\/\/arantv.az\/?p=100169","title":{"rendered":"Az\u0259rbaycan Prezidenti Bosniya v\u0259 Herseqovina R\u0259yas\u0259t Hey\u0259tinin S\u0259drini t\u0259brik edib"},"content":{"rendered":"<p>Az\u0259rbaycan Prezidenti \u0130lham \u018fliyev Bosniya v\u0259 Herseqovinan\u0131n R\u0259yas\u0259t Hey\u0259tinin S\u0259dri Jelko Kom\u015fi\u00e7\u0259 m\u0259ktub \u00fcnvanlay\u0131b.<\/p>\n<p><strong>ARANTV.AZ<\/strong>\u00a0\u00a0<a href=\"http:\/\/azertag.az\/\" target=\"_blank\" rel=\"noopener\">AZ\u018fRTAC<\/a>-a istinad\u0259n bildirir ki, m\u0259ktubda deyilir:<\/p>\n<p>&#8220;H\u00f6rm\u0259tli c\u0259nab S\u0259dr,<\/p>\n<p>Bosniya v\u0259 Herseqovinan\u0131n milli bayram\u0131 m\u00fcnasib\u0259til\u0259 Sizi v\u0259 xalq\u0131n\u0131z\u0131 s\u0259mimi q\u0259lbd\u0259n t\u0259brik edir\u0259m.<\/p>\n<p>\u0130nan\u0131ram ki, Az\u0259rbaycan Respublikas\u0131 il\u0259 Bosniya v\u0259 Herseqovina aras\u0131ndak\u0131 dostluq v\u0259 \u0259m\u0259kda\u015fl\u0131q m\u00fcnasib\u0259tl\u0259rinin inki\u015faf\u0131 bundan sonra da xalqlar\u0131m\u0131z\u0131n m\u0259nafel\u0259rin\u0259 xidm\u0259t ed\u0259c\u0259kdir.<\/p>\n<p>Bel\u0259 bir \u0259lam\u0259tdar g\u00fcnd\u0259 Siz\u0259 \u0259n xo\u015f arzular\u0131m\u0131 yetirir, Bosniya v\u0259 Herseqovinan\u0131n dost xalq\u0131na s\u00fclh v\u0259 firavanl\u0131q dil\u0259yir\u0259m&#8221;.<\/p>\n","protected":false},"excerpt":{"rendered":"<p>Az\u0259rbaycan Prezidenti \u0130lham \u018fliyev Bosniya v\u0259 Herseqovinan\u0131n R\u0259yas\u0259t Hey\u0259tinin S\u0259dri Jelko Kom\u015fi\u00e7\u0259 m\u0259ktub \u00fcnvanlay\u0131b. ARANTV.AZ\u00a0\u00a0AZ\u018fRTAC-a istinad\u0259n bildirir ki, m\u0259ktubda deyilir: &#8220;H\u00f6rm\u0259tli c\u0259nab S\u0259dr, Bosniya v\u0259 Herseqovinan\u0131n milli bayram\u0131 m\u00fcnasib\u0259til\u0259 Sizi v\u0259 xalq\u0131n\u0131z\u0131 s\u0259mimi q\u0259lbd\u0259n t\u0259brik edir\u0259m. \u0130nan\u0131ram ki, Az\u0259rbaycan Respublikas\u0131 il\u0259 Bosniya v\u0259 Herseqovina aras\u0131ndak\u0131 dostluq v\u0259 \u0259m\u0259kda\u015fl\u0131q m\u00fcnasib\u0259tl\u0259rinin inki\u015faf\u0131 bundan sonra da xalqlar\u0131m\u0131z\u0131n m\u0259nafel\u0259rin\u0259 xidm\u0259t ed\u0259c\u0259kdir. Bel\u0259 bir \u0259lam\u0259tdar g\u00fcnd\u0259 Siz\u0259 \u0259n xo\u015f arzular\u0131m\u0131 yetirir, Bosniya v\u0259 Herseqovinan\u0131n dost xalq\u0131na s\u00fclh v\u0259 firavanl\u0131q dil\u0259yir\u0259m&#8221;.<\/p>\n","protected":false},"author":2,"featured_media":100170,"comment_status":"closed","ping_status":"closed","sticky":false,"template":"","format":"standard","meta":{"om_disable_all_campaigns":false,"_monsterinsights_skip_tracking":false,"_monsterinsights_sitenote_active":false,"_monsterinsights_sitenote_note":"","_monsterinsights_sitenote_category":0},"categories":[4],"tags":[],"aioseo_notices":[],"gutentor_comment":0,"rttpg_featured_image_url":{"full":["https:\/\/arantv.az\/wp-content\/uploads\/2019\/11\/2018_ilham_aliyev_03-4.jpg",600,450,false],"landscape":["https:\/\/arantv.az\/wp-content\/uploads\/2019\/11\/2018_ilham_aliyev_03-4.jpg",600,450,false],"portraits":["https:\/\/arantv.az\/wp-content\/uploads\/2019\/11\/2018_ilham_aliyev_03-4.jpg",600,450,false],"thumbnail":["https:\/\/arantv.az\/wp-content\/uploads\/2019\/11\/2018_ilham_aliyev_03-4-150x150.jpg",150,150,true],"medium":["https:\/\/arantv.az\/wp-content\/uploads\/2019\/11\/2018_ilham_aliyev_03-4-300x225.jpg",300,225,true],"large":["https:\/\/arantv.az\/wp-content\/uploads\/2019\/11\/2018_ilham_aliyev_03-4.jpg",600,450,false],"1536x1536":["https:\/\/arantv.az\/wp-content\/uploads\/2019\/11\/2018_ilham_aliyev_03-4.jpg",600,450,false],"2048x2048":["https:\/\/arantv.az\/wp-content\/uploads\/2019\/11\/2018_ilham_aliyev_03-4.jpg",600,450,false],"post-thumbnail":["https:\/\/arantv.az\/wp-content\/uploads\/2019\/11\/2018_ilham_aliyev_03-4-240x172.jpg",240,172,true],"advps-thumb-one":["https:\/\/arantv.az\/wp-content\/uploads\/2019\/11\/2018_ilham_aliyev_03-4.jpg",600,450,false]},"rttpg_author":{"display_name":"V\u00fcsal Rafiqo\u011flu","author_link":"https:\/\/arantv.az\/?author=2"},"rttpg_comment":0,"rttpg_category":"<a href=\"https:\/\/arantv.az\/?cat=4\" rel=\"category\">Siyas\u0259t<\/a>","rttpg_excerpt":"Az\u0259rbaycan Prezidenti \u0130lham \u018fliyev Bosniya v\u0259 Herseqovinan\u0131n R\u0259yas\u0259t Hey\u0259tinin S\u0259dri Jelko Kom\u015fi\u00e7\u0259 m\u0259ktub \u00fcnvanlay\u0131b. ARANTV.AZ\u00a0\u00a0AZ\u018fRTAC-a istinad\u0259n bildirir ki, m\u0259ktubda deyilir: &#8220;H\u00f6rm\u0259tli c\u0259nab S\u0259dr, Bosniya v\u0259 Herseqovinan\u0131n milli bayram\u0131 m\u00fcnasib\u0259til\u0259 Sizi v\u0259 xalq\u0131n\u0131z\u0131 s\u0259mimi q\u0259lbd\u0259n t\u0259brik edir\u0259m. \u0130nan\u0131ram ki, Az\u0259rbaycan Respublikas\u0131 il\u0259 Bosniya v\u0259 Herseqovina aras\u0131ndak\u0131 dostluq v\u0259 \u0259m\u0259kda\u015fl\u0131q m\u00fcnasib\u0259tl\u0259rinin inki\u015faf\u0131 bundan sonra da xalqlar\u0131m\u0131z\u0131n m\u0259nafel\u0259rin\u0259&hellip;","_links":{"self":[{"href":"https:\/\/arantv.az\/index.php?rest_route=\/wp\/v2\/posts\/100169"}],"collection":[{"href":"https:\/\/arantv.az\/index.php?rest_route=\/wp\/v2\/posts"}],"about":[{"href":"https:\/\/arantv.az\/index.php?rest_route=\/wp\/v2\/types\/post"}],"author":[{"embeddable":true,"href":"https:\/\/arantv.az\/index.php?rest_route=\/wp\/v2\/users\/2"}],"replies":[{"embeddable":true,"href":"https:\/\/arantv.az\/index.php?rest_route=%2Fwp%2Fv2%2Fcomments&post=100169"}],"version-history":[{"count":0,"href":"https:\/\/arantv.az\/index.php?rest_route=\/wp\/v2\/posts\/100169\/revisions"}],"wp:featuredmedia":[{"embeddable":true,"href":"https:\/\/arantv.az\/index.php?rest_route=\/wp\/v2\/media\/100170"}],"wp:attachment":[{"href":"https:\/\/arantv.az\/index.php?rest_route=%2Fwp%2Fv2%2Fmedia&parent=100169"}],"wp:term":[{"taxonomy":"category","embeddable":true,"href":"https:\/\/arantv.az\/index.php?rest_route=%2Fwp%2Fv2%2Fcategories&post=100169"},{"taxonomy":"post_tag","embeddable":true,"href":"https:\/\/arantv.az\/index.php?rest_route=%2Fwp%2Fv2%2Ftags&post=100169"}],"curies":[{"name":"wp","href":"https:\/\/api.w.org\/{rel}","templated":true}]}}