{"id":100230,"date":"2019-11-23T16:24:33","date_gmt":"2019-11-23T13:24:33","guid":{"rendered":"http:\/\/arantv.az\/?p=100230"},"modified":"2019-11-23T16:24:33","modified_gmt":"2019-11-23T13:24:33","slug":"livan-islam-sammitinin-bas-katibi-prezident-ilham-%c9%99liyev%c9%99-m%c9%99ktub-unvanlayib","status":"publish","type":"post","link":"https:\/\/arantv.az\/?p=100230","title":{"rendered":"Livan \u0130slam Sammitinin ba\u015f katibi Prezident \u0130lham \u018fliyev\u0259 m\u0259ktub \u00fcnvanlay\u0131b"},"content":{"rendered":"<p>Livan \u0130slam Sammitinin ba\u015f katibi, \u0130slam-Xristian Milli Komit\u0259sinin ba\u015f katibi,Nyu-York &#8220;S\u00fclh u\u011frunda din&#8221; t\u0259\u015fkilat\u0131n\u0131n r\u0259yas\u0259t hey\u0259tinin \u00fczv\u00fc, &#8220;KA\u0130C\u0130\u0130D&#8221;in idar\u0259 hey\u0259tinin \u00fczv\u00fc, Amman Al \u018fl-Beyt t\u0259\u015fkilat\u0131n\u0131n idar\u0259 hey\u0259tinin \u00fczv\u00fc, \u018fbu-Dabi \u0130slam C\u0259miyy\u0259tl\u0259rind\u0259 S\u00fclh\u00fcn M\u00f6hk\u0259ml\u0259ndirilm\u0259si Forumunun katibl\u0259r hey\u0259tinin \u00fczv\u00fc Dr.M\u0259h\u0259mm\u0259d \u018fs-S\u0259mmak Prezident \u0130lham \u018fliyev\u0259 m\u0259ktub g\u00f6nd\u0259rib.<\/p>\n<p><strong>ARANTV.AZ<\/strong>\u00a0<a href=\"http:\/\/azertag.az\/\" target=\"_blank\" rel=\"noopener\">AZ\u018fRTAC<\/a>-a istinad\u0259n bildirir ki,\u00a0m\u0259ktubda deyilir:<\/p>\n<p>&#8220;M\u00f6ht\u0259r\u0259m Prezident, G\u00f6z\u0259l Bak\u0131 \u015f\u0259h\u0259rind\u0259, v\u0259fal\u0131 xalq\u0131n\u0131z\u0131n qonaqp\u0259rv\u0259rliyi \u015f\u0259raitind\u0259 ke\u00e7\u0259n v\u0259 Sizin d\u0259 a\u00e7\u0131l\u0131\u015f\u0131n\u0131 etdiyiniz D\u00fcnya dini liderl\u0259rinin II Bak\u0131 Sammitind\u0259 i\u015ftirak ed\u0259n Livan m\u00fcs\u0259lman v\u0259 xristian n\u00fcmay\u0259nd\u0259 hey\u0259ti ad\u0131ndan \u015eeyx\u00fclislam Allah\u015f\u00fck\u00fcr Pa\u015fazad\u0259 h\u0259zr\u0259tl\u0259rinin r\u0259hb\u0259rliyi il\u0259 b\u00fct\u00fcn mill\u0259tl\u0259rin din v\u0259 m\u0259d\u0259niyy\u0259t n\u00fcmay\u0259nd\u0259l\u0259ri aras\u0131nda Az\u0259rbaycan\u0131n tan\u0131\u015fl\u0131q, dialoq v\u0259 anla\u015fma k\u00f6rp\u00fcs\u00fc qurmas\u0131na g\u00f6r\u0259 Zati-aliniz\u0259 t\u0259\u015f\u0259kk\u00fcr v\u0259 r\u0259\u011fb\u0259timizi bildirm\u0259kd\u0259n \u015f\u0259r\u0259f duyuram.<\/p>\n<p>C\u0259nab Prezident, icaz\u0259 verin, x\u00fcsusil\u0259 \u0130slam c\u0259miyy\u0259tl\u0259rinin v\u0259 \u00fcmumilikd\u0259 b\u00fct\u00fcn b\u0259\u015f\u0259riyy\u0259tin ehtiyac duydu\u011fu bu m\u00fcsb\u0259t v\u0259 konstruktiv rolun \u0259h\u0259miyy\u0259tin\u0259 g\u00f6r\u0259 Siz\u0259 y\u00fcks\u0259k ehtiram\u0131m\u0131z\u0131 ifad\u0259 edim. Bu, m\u00fcnaqi\u015f\u0259 v\u0259 i\u011fti\u015fa\u015flar\u0131n h\u00f6km s\u00fcrd\u00fcy\u00fc, ba\u015fqalar\u0131na qar\u015f\u0131 ekstremizm, z\u00fclm v\u0259 zorak\u0131l\u0131q hallar\u0131n\u0131n yay\u0131ld\u0131\u011f\u0131 d\u00fcnyada \u0259n \u00e7\u0259tin v\u0259 n\u0259cib roldur.<\/p>\n<p>\u0130\u015ftirak etm\u0259kd\u0259 \u015f\u0259r\u0259f duydu\u011fumuz sammit boyunca bu hallarla m\u00fcbariz\u0259d\u0259 \u015eeyx\u00fclislam Allah\u015f\u00fck\u00fcr Pa\u015fazad\u0259 h\u0259zr\u0259tl\u0259rinin m\u00fcdrikliyi v\u0259 uzaqg\u00f6r\u0259nliyi, ham\u0131n\u0131n yan\u0131nda qazand\u0131\u011f\u0131 h\u00f6rm\u0259t il\u0259 tutdu\u011fu yolun \u0259h\u0259miyy\u0259tini v\u0259 z\u0259ruriliyini d\u0259rk etdik.<\/p>\n<p>Zati-alil\u0259ri, m\u0259n v\u0259 b\u00fct\u00fcn yolda\u015flar\u0131m \u015eeyx\u00fclislam\u0131n ham\u0131m\u0131za b\u00f6y\u00fck h\u00f6rm\u0259t b\u0259sl\u0259diyini hiss etdik. Biz onunla m\u0259d\u0259niyy\u0259tin, m\u0259h\u0259bb\u0259tin yay\u0131lmas\u0131nda, Allah\u0131n da bizd\u0259 g\u00f6rm\u0259k v\u0259 qiyam\u0259t g\u00fcn\u00fcn\u0259 kimi qalmas\u0131n\u0131 ist\u0259diyi m\u00fcxt\u0259lifliy\u0259 ehtiram b\u0259sl\u0259m\u0259k istiqam\u0259tind\u0259 birg\u0259 i\u015f g\u00f6r\u00fcr\u00fck.<\/p>\n<p>H\u0259m\u00e7inin hiss etdik ki, bu, n\u0259cib \u0259xlaqi d\u0259y\u0259rl\u0259r\u0259 riay\u0259t etm\u0259y\u0259, d\u0259y\u0259rl\u0259riniz v\u0259 g\u00f6z\u0259l idar\u0259etm\u0259 missiyan\u0131zla m\u00fc\u0259yy\u0259nl\u0259\u015f\u0259n bu ali b\u0259\u015f\u0259ri missiyaya olan bir h\u00f6rm\u0259tdir.<\/p>\n<p>Zati-alil\u0259ri, insanlar aras\u0131nda m\u0259h\u0259bb\u0259t, ehtiram v\u0259 s\u00fclh bayra\u011f\u0131n\u0131 qald\u0131rma\u011fa t\u0259\u015fviq ed\u0259n konstruktiv rolunuza g\u00f6r\u0259 t\u0259\u015f\u0259kk\u00fcr\u00fcm\u00fc v\u0259 y\u00fcks\u0259k ehtiram\u0131m\u0131 q\u0259bul etm\u0259yinizi rica edir\u0259m&#8221;.<\/p>\n","protected":false},"excerpt":{"rendered":"<p>Livan \u0130slam Sammitinin ba\u015f katibi, \u0130slam-Xristian Milli Komit\u0259sinin ba\u015f katibi,Nyu-York &#8220;S\u00fclh u\u011frunda din&#8221; t\u0259\u015fkilat\u0131n\u0131n r\u0259yas\u0259t hey\u0259tinin \u00fczv\u00fc, &#8220;KA\u0130C\u0130\u0130D&#8221;in idar\u0259 hey\u0259tinin \u00fczv\u00fc, Amman Al \u018fl-Beyt t\u0259\u015fkilat\u0131n\u0131n idar\u0259 hey\u0259tinin \u00fczv\u00fc, \u018fbu-Dabi \u0130slam C\u0259miyy\u0259tl\u0259rind\u0259 S\u00fclh\u00fcn M\u00f6hk\u0259ml\u0259ndirilm\u0259si Forumunun katibl\u0259r hey\u0259tinin \u00fczv\u00fc Dr.M\u0259h\u0259mm\u0259d \u018fs-S\u0259mmak Prezident \u0130lham \u018fliyev\u0259 m\u0259ktub g\u00f6nd\u0259rib. ARANTV.AZ\u00a0AZ\u018fRTAC-a istinad\u0259n bildirir ki,\u00a0m\u0259ktubda deyilir: &#8220;M\u00f6ht\u0259r\u0259m Prezident, G\u00f6z\u0259l Bak\u0131 \u015f\u0259h\u0259rind\u0259, v\u0259fal\u0131 xalq\u0131n\u0131z\u0131n qonaqp\u0259rv\u0259rliyi \u015f\u0259raitind\u0259 ke\u00e7\u0259n v\u0259 Sizin d\u0259 a\u00e7\u0131l\u0131\u015f\u0131n\u0131 etdiyiniz D\u00fcnya dini liderl\u0259rinin II Bak\u0131 Sammitind\u0259 i\u015ftirak ed\u0259n Livan m\u00fcs\u0259lman v\u0259 xristian n\u00fcmay\u0259nd\u0259 hey\u0259ti ad\u0131ndan \u015eeyx\u00fclislam Allah\u015f\u00fck\u00fcr Pa\u015fazad\u0259 h\u0259zr\u0259tl\u0259rinin r\u0259hb\u0259rliyi il\u0259 b\u00fct\u00fcn mill\u0259tl\u0259rin din v\u0259 m\u0259d\u0259niyy\u0259t&hellip;<\/p>\n","protected":false},"author":2,"featured_media":100170,"comment_status":"closed","ping_status":"closed","sticky":false,"template":"","format":"standard","meta":{"om_disable_all_campaigns":false,"_monsterinsights_skip_tracking":false,"_monsterinsights_sitenote_active":false,"_monsterinsights_sitenote_note":"","_monsterinsights_sitenote_category":0},"categories":[4],"tags":[],"aioseo_notices":[],"gutentor_comment":0,"rttpg_featured_image_url":{"full":["https:\/\/arantv.az\/wp-content\/uploads\/2019\/11\/2018_ilham_aliyev_03-4.jpg",600,450,false],"landscape":["https:\/\/arantv.az\/wp-content\/uploads\/2019\/11\/2018_ilham_aliyev_03-4.jpg",600,450,false],"portraits":["https:\/\/arantv.az\/wp-content\/uploads\/2019\/11\/2018_ilham_aliyev_03-4.jpg",600,450,false],"thumbnail":["https:\/\/arantv.az\/wp-content\/uploads\/2019\/11\/2018_ilham_aliyev_03-4-150x150.jpg",150,150,true],"medium":["https:\/\/arantv.az\/wp-content\/uploads\/2019\/11\/2018_ilham_aliyev_03-4-300x225.jpg",300,225,true],"large":["https:\/\/arantv.az\/wp-content\/uploads\/2019\/11\/2018_ilham_aliyev_03-4.jpg",600,450,false],"1536x1536":["https:\/\/arantv.az\/wp-content\/uploads\/2019\/11\/2018_ilham_aliyev_03-4.jpg",600,450,false],"2048x2048":["https:\/\/arantv.az\/wp-content\/uploads\/2019\/11\/2018_ilham_aliyev_03-4.jpg",600,450,false],"post-thumbnail":["https:\/\/arantv.az\/wp-content\/uploads\/2019\/11\/2018_ilham_aliyev_03-4-240x172.jpg",240,172,true],"advps-thumb-one":["https:\/\/arantv.az\/wp-content\/uploads\/2019\/11\/2018_ilham_aliyev_03-4.jpg",600,450,false]},"rttpg_author":{"display_name":"V\u00fcsal Rafiqo\u011flu","author_link":"https:\/\/arantv.az\/?author=2"},"rttpg_comment":0,"rttpg_category":"<a href=\"https:\/\/arantv.az\/?cat=4\" rel=\"category\">Siyas\u0259t<\/a>","rttpg_excerpt":"Livan \u0130slam Sammitinin ba\u015f katibi, \u0130slam-Xristian Milli Komit\u0259sinin ba\u015f katibi,Nyu-York &#8220;S\u00fclh u\u011frunda din&#8221; t\u0259\u015fkilat\u0131n\u0131n r\u0259yas\u0259t hey\u0259tinin \u00fczv\u00fc, &#8220;KA\u0130C\u0130\u0130D&#8221;in idar\u0259 hey\u0259tinin \u00fczv\u00fc, Amman Al \u018fl-Beyt t\u0259\u015fkilat\u0131n\u0131n idar\u0259 hey\u0259tinin \u00fczv\u00fc, \u018fbu-Dabi \u0130slam C\u0259miyy\u0259tl\u0259rind\u0259 S\u00fclh\u00fcn M\u00f6hk\u0259ml\u0259ndirilm\u0259si Forumunun katibl\u0259r hey\u0259tinin \u00fczv\u00fc Dr.M\u0259h\u0259mm\u0259d \u018fs-S\u0259mmak Prezident \u0130lham \u018fliyev\u0259 m\u0259ktub g\u00f6nd\u0259rib. ARANTV.AZ\u00a0AZ\u018fRTAC-a istinad\u0259n bildirir ki,\u00a0m\u0259ktubda deyilir: &#8220;M\u00f6ht\u0259r\u0259m Prezident, G\u00f6z\u0259l Bak\u0131 \u015f\u0259h\u0259rind\u0259, v\u0259fal\u0131&hellip;","_links":{"self":[{"href":"https:\/\/arantv.az\/index.php?rest_route=\/wp\/v2\/posts\/100230"}],"collection":[{"href":"https:\/\/arantv.az\/index.php?rest_route=\/wp\/v2\/posts"}],"about":[{"href":"https:\/\/arantv.az\/index.php?rest_route=\/wp\/v2\/types\/post"}],"author":[{"embeddable":true,"href":"https:\/\/arantv.az\/index.php?rest_route=\/wp\/v2\/users\/2"}],"replies":[{"embeddable":true,"href":"https:\/\/arantv.az\/index.php?rest_route=%2Fwp%2Fv2%2Fcomments&post=100230"}],"version-history":[{"count":0,"href":"https:\/\/arantv.az\/index.php?rest_route=\/wp\/v2\/posts\/100230\/revisions"}],"wp:featuredmedia":[{"embeddable":true,"href":"https:\/\/arantv.az\/index.php?rest_route=\/wp\/v2\/media\/100170"}],"wp:attachment":[{"href":"https:\/\/arantv.az\/index.php?rest_route=%2Fwp%2Fv2%2Fmedia&parent=100230"}],"wp:term":[{"taxonomy":"category","embeddable":true,"href":"https:\/\/arantv.az\/index.php?rest_route=%2Fwp%2Fv2%2Fcategories&post=100230"},{"taxonomy":"post_tag","embeddable":true,"href":"https:\/\/arantv.az\/index.php?rest_route=%2Fwp%2Fv2%2Ftags&post=100230"}],"curies":[{"name":"wp","href":"https:\/\/api.w.org\/{rel}","templated":true}]}}