{"id":100233,"date":"2019-11-23T16:27:14","date_gmt":"2019-11-23T13:27:14","guid":{"rendered":"http:\/\/arantv.az\/?p=100233"},"modified":"2019-11-23T16:27:14","modified_gmt":"2019-11-23T13:27:14","slug":"birinci-vitse-prezident-mehriban-%c9%99liyeva-moskvada-x-az%c9%99rbaycan-rusiya-regionlararasi-forumunda-istirak-edib-foto","status":"publish","type":"post","link":"https:\/\/arantv.az\/?p=100233","title":{"rendered":"Birinci vitse-prezident Mehriban \u018fliyeva Moskvada X Az\u0259rbaycan-Rusiya Regionlararas\u0131 Forumunda i\u015ftirak edib &#8211; FOTO"},"content":{"rendered":"<p>Az\u0259rbaycan Respublikas\u0131n\u0131n Birinci vitse-prezidenti Mehriban \u018fliyeva v\u0259 Rusiya Federasiyas\u0131 Federal M\u0259clisinin Federasiya \u015euras\u0131n\u0131n s\u0259dri Valentina Matviyenko noyabr\u0131n 23-d\u0259 Moskvada X Az\u0259rbaycan-Rusiya Regionlararas\u0131 Forumunda i\u015ftirak edibl\u0259r.<\/p>\n<p><strong>ARANTV.AZ<\/strong>\u00a0<a href=\"http:\/\/azertag.az\/\" target=\"_blank\" rel=\"noopener\">AZ\u018fRTAC<\/a>-a istinad\u0259n bildirir ki,\u00a0Birinci vitse-prezident Mehriban \u018fliyeva v\u0259 Federasiya \u015euras\u0131n\u0131n s\u0259dri Valentina Matviyenko forumda \u00e7\u0131x\u0131\u015f edibl\u0259r.<\/p>\n<p><em><strong>X\u0259b\u0259r yenil\u0259n\u0259c\u0259k&#8230;<\/strong><\/em><\/p>\n<h4><\/h4>\n<div class=\"article-gallery\">\n<div class=\"lSSlideOuter \">\n<div class=\"lSSlideWrapper usingCss\">\n<ul class=\"images-list lightSlider lsGrab lSSlide\">\n<li class=\"lslide active\" data-src=\"https:\/\/img.milli.az\/2019\/11\/23\/804721_(1).jpg\" data-fancybox=\"804721\"><img src=\"https:\/\/img.milli.az\/2019\/11\/23\/804721_(1).jpg\" alt=\"\" \/><\/li>\n<li class=\"lslide\" data-src=\"https:\/\/img.milli.az\/2019\/11\/23\/804721_(14).jpg\" data-fancybox=\"804721\"><img src=\"https:\/\/img.milli.az\/2019\/11\/23\/804721_(14).jpg\" alt=\"\" \/><\/li>\n<li class=\"lslide\" data-src=\"https:\/\/img.milli.az\/2019\/11\/23\/804721_(13).jpg\" data-fancybox=\"804721\"><img src=\"https:\/\/img.milli.az\/2019\/11\/23\/804721_(13).jpg\" alt=\"\" \/><\/li>\n<li class=\"lslide\" data-src=\"https:\/\/img.milli.az\/2019\/11\/23\/804721_(12).jpg\" data-fancybox=\"804721\"><img src=\"https:\/\/img.milli.az\/2019\/11\/23\/804721_(12).jpg\" alt=\"\" \/><\/li>\n<li class=\"lslide\" data-src=\"https:\/\/img.milli.az\/2019\/11\/23\/804721_(10).jpg\" data-fancybox=\"804721\"><img src=\"https:\/\/img.milli.az\/2019\/11\/23\/804721_(10).jpg\" alt=\"\" \/><\/li>\n<li class=\"lslide\" data-src=\"https:\/\/img.milli.az\/2019\/11\/23\/804721_(11).jpg\" data-fancybox=\"804721\"><img src=\"https:\/\/img.milli.az\/2019\/11\/23\/804721_(11).jpg\" alt=\"\" \/><\/li>\n<li class=\"lslide\" data-src=\"https:\/\/img.milli.az\/2019\/11\/23\/804721_(8).jpg\" data-fancybox=\"804721\"><img src=\"https:\/\/img.milli.az\/2019\/11\/23\/804721_(8).jpg\" alt=\"\" \/><\/li>\n<li class=\"lslide\" data-src=\"https:\/\/img.milli.az\/2019\/11\/23\/804721_(9).jpg\" data-fancybox=\"804721\"><img src=\"https:\/\/img.milli.az\/2019\/11\/23\/804721_(9).jpg\" alt=\"\" \/><\/li>\n<li class=\"lslide\" data-src=\"https:\/\/img.milli.az\/2019\/11\/23\/804721_(7).jpg\" data-fancybox=\"804721\"><img src=\"https:\/\/img.milli.az\/2019\/11\/23\/804721_(7).jpg\" alt=\"\" \/><\/li>\n<li class=\"lslide\" data-src=\"https:\/\/img.milli.az\/2019\/11\/23\/804721_(6).jpg\" data-fancybox=\"804721\"><img src=\"https:\/\/img.milli.az\/2019\/11\/23\/804721_(6).jpg\" alt=\"\" \/><\/li>\n<li class=\"lslide\" data-src=\"https:\/\/img.milli.az\/2019\/11\/23\/804721_(4).jpg\" data-fancybox=\"804721\"><img src=\"https:\/\/img.milli.az\/2019\/11\/23\/804721_(4).jpg\" alt=\"\" \/><\/li>\n<li class=\"lslide\" data-src=\"https:\/\/img.milli.az\/2019\/11\/23\/804721_(5).jpg\" data-fancybox=\"804721\"><img src=\"https:\/\/img.milli.az\/2019\/11\/23\/804721_(5).jpg\" alt=\"\" \/><\/li>\n<li class=\"lslide\" data-src=\"https:\/\/img.milli.az\/2019\/11\/23\/804721_(3).jpg\" data-fancybox=\"804721\"><img src=\"https:\/\/img.milli.az\/2019\/11\/23\/804721_(3).jpg\" alt=\"\" \/><\/li>\n<li class=\"lslide\" data-src=\"https:\/\/img.milli.az\/2019\/11\/23\/804721_(2).jpg\" data-fancybox=\"804721\"><img src=\"https:\/\/img.milli.az\/2019\/11\/23\/804721_(2).jpg\" alt=\"\" \/><\/li>\n<\/ul>\n<div class=\"lSAction\"><\/div>\n<\/div>\n<\/div>\n<div class=\"lSSlideOuter \">\n<div class=\"lSSlideWrapper usingCss\">\n<div class=\"lSAction\"><\/div>\n<\/div>\n<\/div>\n<\/div>\n","protected":false},"excerpt":{"rendered":"<p>Az\u0259rbaycan Respublikas\u0131n\u0131n Birinci vitse-prezidenti Mehriban \u018fliyeva v\u0259 Rusiya Federasiyas\u0131 Federal M\u0259clisinin Federasiya \u015euras\u0131n\u0131n s\u0259dri Valentina Matviyenko noyabr\u0131n 23-d\u0259 Moskvada X Az\u0259rbaycan-Rusiya Regionlararas\u0131 Forumunda i\u015ftirak edibl\u0259r. ARANTV.AZ\u00a0AZ\u018fRTAC-a istinad\u0259n bildirir ki,\u00a0Birinci vitse-prezident Mehriban \u018fliyeva v\u0259 Federasiya \u015euras\u0131n\u0131n s\u0259dri Valentina Matviyenko forumda \u00e7\u0131x\u0131\u015f edibl\u0259r. X\u0259b\u0259r yenil\u0259n\u0259c\u0259k&#8230;<\/p>\n","protected":false},"author":2,"featured_media":100234,"comment_status":"closed","ping_status":"closed","sticky":false,"template":"","format":"standard","meta":{"om_disable_all_campaigns":false,"_monsterinsights_skip_tracking":false,"_monsterinsights_sitenote_active":false,"_monsterinsights_sitenote_note":"","_monsterinsights_sitenote_category":0},"categories":[4],"tags":[],"aioseo_notices":[],"gutentor_comment":0,"rttpg_featured_image_url":{"full":["https:\/\/arantv.az\/wp-content\/uploads\/2019\/11\/804721.jpg",1200,900,false],"landscape":["https:\/\/arantv.az\/wp-content\/uploads\/2019\/11\/804721.jpg",1200,900,false],"portraits":["https:\/\/arantv.az\/wp-content\/uploads\/2019\/11\/804721.jpg",1200,900,false],"thumbnail":["https:\/\/arantv.az\/wp-content\/uploads\/2019\/11\/804721-150x150.jpg",150,150,true],"medium":["https:\/\/arantv.az\/wp-content\/uploads\/2019\/11\/804721-300x225.jpg",300,225,true],"large":["https:\/\/arantv.az\/wp-content\/uploads\/2019\/11\/804721-1024x768.jpg",640,480,true],"1536x1536":["https:\/\/arantv.az\/wp-content\/uploads\/2019\/11\/804721.jpg",1200,900,false],"2048x2048":["https:\/\/arantv.az\/wp-content\/uploads\/2019\/11\/804721.jpg",1200,900,false],"post-thumbnail":["https:\/\/arantv.az\/wp-content\/uploads\/2019\/11\/804721-240x172.jpg",240,172,true],"advps-thumb-one":["https:\/\/arantv.az\/wp-content\/uploads\/2019\/11\/804721-1200x620.jpg",1200,620,true]},"rttpg_author":{"display_name":"V\u00fcsal Rafiqo\u011flu","author_link":"https:\/\/arantv.az\/?author=2"},"rttpg_comment":0,"rttpg_category":"<a href=\"https:\/\/arantv.az\/?cat=4\" rel=\"category\">Siyas\u0259t<\/a>","rttpg_excerpt":"Az\u0259rbaycan Respublikas\u0131n\u0131n Birinci vitse-prezidenti Mehriban \u018fliyeva v\u0259 Rusiya Federasiyas\u0131 Federal M\u0259clisinin Federasiya \u015euras\u0131n\u0131n s\u0259dri Valentina Matviyenko noyabr\u0131n 23-d\u0259 Moskvada X Az\u0259rbaycan-Rusiya Regionlararas\u0131 Forumunda i\u015ftirak edibl\u0259r. ARANTV.AZ\u00a0AZ\u018fRTAC-a istinad\u0259n bildirir ki,\u00a0Birinci vitse-prezident Mehriban \u018fliyeva v\u0259 Federasiya \u015euras\u0131n\u0131n s\u0259dri Valentina Matviyenko forumda \u00e7\u0131x\u0131\u015f edibl\u0259r. X\u0259b\u0259r yenil\u0259n\u0259c\u0259k&#8230;","_links":{"self":[{"href":"https:\/\/arantv.az\/index.php?rest_route=\/wp\/v2\/posts\/100233"}],"collection":[{"href":"https:\/\/arantv.az\/index.php?rest_route=\/wp\/v2\/posts"}],"about":[{"href":"https:\/\/arantv.az\/index.php?rest_route=\/wp\/v2\/types\/post"}],"author":[{"embeddable":true,"href":"https:\/\/arantv.az\/index.php?rest_route=\/wp\/v2\/users\/2"}],"replies":[{"embeddable":true,"href":"https:\/\/arantv.az\/index.php?rest_route=%2Fwp%2Fv2%2Fcomments&post=100233"}],"version-history":[{"count":0,"href":"https:\/\/arantv.az\/index.php?rest_route=\/wp\/v2\/posts\/100233\/revisions"}],"wp:featuredmedia":[{"embeddable":true,"href":"https:\/\/arantv.az\/index.php?rest_route=\/wp\/v2\/media\/100234"}],"wp:attachment":[{"href":"https:\/\/arantv.az\/index.php?rest_route=%2Fwp%2Fv2%2Fmedia&parent=100233"}],"wp:term":[{"taxonomy":"category","embeddable":true,"href":"https:\/\/arantv.az\/index.php?rest_route=%2Fwp%2Fv2%2Fcategories&post=100233"},{"taxonomy":"post_tag","embeddable":true,"href":"https:\/\/arantv.az\/index.php?rest_route=%2Fwp%2Fv2%2Ftags&post=100233"}],"curies":[{"name":"wp","href":"https:\/\/api.w.org\/{rel}","templated":true}]}}