{"id":100237,"date":"2019-11-23T16:31:32","date_gmt":"2019-11-23T13:31:32","guid":{"rendered":"http:\/\/arantv.az\/?p=100237"},"modified":"2019-11-23T16:31:32","modified_gmt":"2019-11-23T13:31:32","slug":"az%c9%99rbaycanin-birinci-vitse-prezidenti-mehriban-%c9%99liyeva-moskvanin-xalq-t%c9%99s%c9%99rrufati-nailiyy%c9%99tl%c9%99ri-s%c9%99rgisind%c9%99-yenid%c9%99n-qurulan-az%c9%99rbaycan","status":"publish","type":"post","link":"https:\/\/arantv.az\/?p=100237","title":{"rendered":"Az\u0259rbaycan\u0131n Birinci vitse-prezidenti Mehriban \u018fliyeva Moskvan\u0131n Xalq T\u0259s\u0259rr\u00fcfat\u0131 Nailiyy\u0259tl\u0259ri S\u0259rgisind\u0259 yenid\u0259n qurulan \u201cAz\u0259rbaycan\u201d pavilyonunun a\u00e7\u0131l\u0131\u015f\u0131nda i\u015ftirak edib &#8211; FOTO"},"content":{"rendered":"<p>Noyabr\u0131n 23-d\u0259 Moskvan\u0131n Xalq T\u0259s\u0259rr\u00fcfat\u0131 Nailiyy\u0259tl\u0259ri S\u0259rgisind\u0259ki &#8220;Az\u0259rbaycan&#8221; pavilyonunun \u0259sasl\u0131 b\u0259rpa v\u0259 t\u0259mird\u0259n sonra a\u00e7\u0131l\u0131\u015f m\u0259rasimi olub.<\/p>\n<p><strong>ARANTV.AZ<\/strong>\u00a0\u00a0<a href=\"http:\/\/azertag.az\/\" target=\"_blank\" rel=\"noopener\">AZ\u018fRTAC<\/a>-a istinad\u0259n bildirir ki,\u00a0m\u0259rasimd\u0259 Rusiya Federasiyas\u0131nda r\u0259smi s\u0259f\u0259rd\u0259 olan Az\u0259rbaycan Respublikas\u0131n\u0131n Birinci vitse-prezidenti Mehriban \u018fliyeva, Heyd\u0259r \u018fliyev Fondunun vitse-prezidenti Leyla \u018fliyeva v\u0259 Rusiya Federasiyas\u0131 Federal M\u0259clisinin Federasiya \u015euras\u0131n\u0131n s\u0259dri Valentina Matviyenko i\u015ftirak edibl\u0259r.<\/p>\n<p>Bu il \u0259lam\u0259tdar yubileyini &#8211; 80 illiyini qeyd ed\u0259n Xalq T\u0259s\u0259rr\u00fcfat\u0131 Nailiyy\u0259tl\u0259ri S\u0259rgisi haz\u0131rda yen\u0259 d\u0259 izl\u0259yicil\u0259ri m\u00fcxt\u0259lif \u00f6lk\u0259l\u0259rin pavilyonlar\u0131, \u00f6z\u00fcn\u0259m\u0259xsus eksponatlar il\u0259 heyr\u0259t\u0259 g\u0259tirir. D\u00fcnyan\u0131n 50 n\u0259h\u0259ng s\u0259rgi m\u0259rk\u0259zi s\u0131ras\u0131na daxil olan Xalq T\u0259s\u0259rr\u00fcfat\u0131 Nailiyy\u0259tl\u0259ri S\u0259rgisi ild\u0259 30 milyon izl\u0259yici q\u0259bul edir. Bu g\u00fcnd\u0259n is\u0259 Az\u0259rbaycan\u0131n da Xalq T\u0259s\u0259rr\u00fcfat\u0131 Nailiyy\u0259tl\u0259ri S\u0259rgisind\u0259 \u00f6z evi var. Heyd\u0259r \u018fliyev Fondunun d\u0259st\u0259yi il\u0259 buradak\u0131 &#8220;Az\u0259rbaycan&#8221; pavilyonu \u0259sasl\u0131 b\u0259rpa olunub.<\/p>\n<p>Nadir s\u0259rgi \u015f\u0259h\u0259rciyi hesab olunan Xalq T\u0259s\u0259rr\u00fcfat\u0131 Nailiyy\u0259tl\u0259ri S\u0259rgisinin incil\u0259rind\u0259n say\u0131lan &#8220;Az\u0259rbaycan&#8221; pavilyonu 1939-cu ild\u0259 tikilib. Milli pavilyonumuzda b\u0259rpa i\u015fl\u0259ri onun binas\u0131n\u0131n tarixi g\u00f6r\u00fcn\u00fc\u015f\u00fc, memarl\u0131q-etnik \u00f6z\u00fcn\u0259m\u0259xsuslu\u011fu saxlan\u0131lmaqla h\u0259yata ke\u00e7irilib.<\/p>\n<p>Az\u0259rbaycan\u0131n Birinci vitse-prezidenti Mehriban \u018fliyevan\u0131, Heyd\u0259r \u018fliyev Fondunun vitse-prezidenti Leyla \u018fliyevan\u0131 v\u0259 Rusiya Federasiyas\u0131 Federal M\u0259clisinin Federasiya \u015euras\u0131n\u0131n s\u0259dri Valentina Matviyenkonu Xalq T\u0259s\u0259rr\u00fcfat\u0131 Nailiyy\u0259tl\u0259ri S\u0259rgisinin direktoru Sergey \u015eaqurov qar\u015f\u0131lad\u0131.<\/p>\n<p>Birinci vitse-prezident Mehriban \u018fliyeva, Federasiya \u015euras\u0131n\u0131n s\u0259dri Valentina Matviyenko v\u0259 Moskva \u015f\u0259h\u0259ri merinin m\u00fcavini Natalya Serqunina &#8220;Az\u0259rbaycan&#8221; pavilyonunun r\u0259mzi a\u00e7\u0131l\u0131\u015f\u0131n\u0131 bildir\u0259n lenti k\u0259sdil\u0259r.<\/p>\n<p>Sonra pavilyonun yenid\u0259nqurmadan \u0259vv\u0259lki v\u0259 t\u0259mir i\u015fl\u0259ri apar\u0131lan zaman g\u00f6r\u00fcnt\u00fcl\u0259ri \u0259ks etdir\u0259n stendl\u0259 tan\u0131\u015fl\u0131q oldu.<\/p>\n<p>Haz\u0131rda nadir memarl\u0131q simas\u0131 b\u0259rpa olunan milli pavilyon, h\u0259m\u00e7inin yeni m\u0259zmunla izl\u0259yicil\u0259rini qar\u015f\u0131lay\u0131r. Burada yeddi zalda xalq\u0131m\u0131z\u0131n q\u0259dim tarixini, m\u0259d\u0259niyy\u0259tini, \u0259n\u0259n\u0259l\u0259rini \u0259ks etdir\u0259n eksponatlarla yana\u015f\u0131, m\u00fcst\u0259qil Az\u0259rbaycan\u0131n tarixi, \u00f6lk\u0259mizin iqtisadi-siyasi, humanitar sah\u0259l\u0259rd\u0259ki nailiyy\u0259tl\u0259ri, turizm potensial\u0131 bar\u0259d\u0259 m\u0259lumatlar \u0259ld\u0259 etm\u0259k m\u00fcmk\u00fcnd\u00fcr.<\/p>\n<p>Daimi ekspozisiya zal\u0131nda milli musiqi, xal\u00e7a\u00e7\u0131l\u0131q, s\u0259n\u0259tkarl\u0131q n\u00fcmun\u0259l\u0259ri s\u0259rgil\u0259nir. H\u0259m\u00e7inin pavilyonda Az\u0259rbaycan\u0131n m\u0259\u015fhur r\u0259ssamlar\u0131n\u0131n \u0259s\u0259rl\u0259ri t\u0259qdim edilir. Pavilyonun ekspozisiya zal\u0131nda, eyni zamanda, Az\u0259rbaycan xalq\u0131n\u0131n \u00fcmummilli lideri Heyd\u0259r \u018fliyev, Az\u0259rbaycan-Rusiya \u0259laq\u0259l\u0259rinin geni\u015fl\u0259nm\u0259sind\u0259 vacib rol oynam\u0131\u015f \u00f6lk\u0259 ziyal\u0131lar\u0131 bar\u0259d\u0259 m\u0259lumatlar t\u0259qdim olunur. Burada ayr\u0131-ayr\u0131 zallarda m\u00fcxt\u0259lif m\u00f6vzularda m\u00fchazir\u0259 v\u0259 konfranslar\u0131n ke\u00e7irilm\u0259si, musiqi proqramlar\u0131n\u0131n, el\u0259c\u0259 d\u0259 turizm zonas\u0131nda Az\u0259rbaycan\u0131n turizm imkanlar\u0131 bar\u0259d\u0259 m\u0259lumatlar\u0131n t\u0259qdimat\u0131 n\u0259z\u0259rd\u0259 tutulur.<\/p>\n<p>&#8220;Ticar\u0259t evi&#8221; zonas\u0131nda is\u0259 Az\u0259rbaycan istehsal\u0131 olan m\u0259hsullar t\u0259qdim edilir. Burada &#8220;Aznar&#8221;, &#8220;Aspi Aqro&#8221; MMC, &#8220;Azersun Holding&#8221;, &#8220;\u015eirvan \u015e\u0259rablar\u0131&#8221;, &#8220;Gazelli Qrup&#8221;, &#8220;Gilan&#8221; MMC, &#8220;\u0130smay\u0131ll\u0131 \u015e\u0259rab-2&#8221;, &#8220;Balxurma&#8221; MMC, &#8220;Marandi&#8221; MMC, &#8220;K\u0259ndd\u0259n \u015f\u0259h\u0259r\u0259&#8221; brendi, &#8220;Xurcun&#8221;, &#8220;Viva&#8221; v\u0259 dig\u0259r yerli istehsal\u00e7\u0131lar\u0131n m\u0259hsullar\u0131 il\u0259 tan\u0131\u015f olmaq, eyni zamanda, milli suvenirl\u0259r \u0259ld\u0259 etm\u0259k m\u00fcmk\u00fcnd\u00fcr.<\/p>\n<p>Xalq T\u0259s\u0259rr\u00fcfat\u0131 Nailiyy\u0259tl\u0259ri S\u0259rgisi &#8220;Ostankino&#8221; park\u0131 il\u0259 birl\u0259\u015fdirildikd\u0259n sonra onun \u00fcmumi \u0259razisi 325 hektardan \u00e7oxdur. Burada memarl\u0131\u011f\u0131n bir s\u0131ra \u015fah \u0259s\u0259rl\u0259ri yer al\u0131b, 49 obyekt, o c\u00fcml\u0259d\u0259n &#8220;Az\u0259rbaycan&#8221; pavilyonu m\u0259d\u0259ni irs n\u00fcmun\u0259si kimi tan\u0131n\u0131b.<\/p>\n<p>Kitabxana v\u0259 oxu zal\u0131nda m\u00fcxt\u0259lif kitablar, o c\u00fcml\u0259d\u0259n Heyd\u0259r \u018fliyev Fondunun n\u0259\u015frl\u0259ri il\u0259 tan\u0131\u015f olmaq m\u00fcmk\u00fcnd\u00fcr.<\/p>\n<p>Pavilyonun a\u00e7\u0131l\u0131\u015f\u0131 \u0259r\u0259f\u0259sind\u0259 Heyd\u0259r \u018fliyev Fondu t\u0259r\u0259find\u0259n &#8220;Az\u0259rbaycan&#8221; pavilyonunun tarixini \u0259ks etdir\u0259n kitab n\u0259\u015fr olunub. Kitabda m\u00fcxt\u0259lif materiallar, arxiv fotolar\u0131 \u0259sas\u0131nda &#8220;Az\u0259rbaycan&#8221; pavilyonunun tarixi, burada apar\u0131lan kompleks b\u0259rpa i\u015fl\u0259rinin xronikas\u0131 t\u0259qdim edilir.<\/p>\n<p>Az\u0259rbaycan Respublikas\u0131n\u0131n Birinci vitse-prezidenti v\u0259 Rusiya Federasiyas\u0131 Federal M\u0259clisinin Federasiya \u015euras\u0131n\u0131n s\u0259dri f\u0259xri qonaqlar kitab\u0131na \u00fcr\u0259k s\u00f6zl\u0259rini yazd\u0131lar.<\/p>\n<p>Az\u0259rbaycan Respublikas\u0131n\u0131n Birinci vitse-prezidenti Mehriban \u018fliyeva m\u0259rasimd\u0259 \u00e7\u0131x\u0131\u015f etdi.<\/p>\n<div><strong>Birinci vitse-prezident Mehriban \u018fliyevan\u0131n\u00a0\u00e7\u0131x\u0131\u015f\u0131<\/strong><\/div>\n<p>-\u018fziz dostlar, Xalq T\u0259s\u0259rr\u00fcfat\u0131 Nailiyy\u0259tl\u0259ri S\u0259rgisind\u0259 &#8220;Az\u0259rbaycan&#8221; milli pavilyonunun a\u00e7\u0131l\u0131\u015f\u0131nda sizi \u00fcr\u0259kd\u0259n salamlay\u0131ram. Sizin ham\u0131n\u0131z\u0131 yax\u0131n vaxtlarda 80 ya\u015f\u0131 tamam olmu\u015f bu \u0259fsan\u0259vi s\u0259rgi m\u0259kan\u0131n\u0131n yubileyi m\u00fcnasib\u0259til\u0259 t\u0259brik etm\u0259k ist\u0259yir\u0259m.<\/p>\n<p>\u0130lk n\u00f6vb\u0259d\u0259, h\u00f6rm\u0259tli Valentina \u0130vanovnaya bizim milli pavilyonun a\u00e7\u0131l\u0131\u015f\u0131nda i\u015ftirak etdiyin\u0259, \u00f6lk\u0259miz\u0259 s\u0259mimi, mehriban m\u00fcnasib\u0259tin\u0259 g\u00f6r\u0259 d\u0259rin minn\u0259tdarl\u0131\u011f\u0131m\u0131 bildirm\u0259k ist\u0259yir\u0259m. Bug\u00fcnk\u00fc t\u0259dbird\u0259 i\u015ftirak ed\u0259n rusiyal\u0131 qonaqlar\u0131m\u0131z\u0131n ham\u0131s\u0131n\u0131 salamlama\u011fa \u015fadam. \u00d6z h\u0259mv\u0259t\u0259nl\u0259rimizi d\u0259 g\u00f6rm\u0259y\u0259 \u015fadam.<\/p>\n<p>Bu g\u00fcn Xalq T\u0259s\u0259rr\u00fcfat\u0131 Nailiyy\u0259tl\u0259ri S\u0259rgisi nadir s\u0259rgi \u015f\u0259h\u0259ridir. O, d\u00fcnyan\u0131n 50 \u0259n iri s\u0259rgi m\u0259rk\u0259zi s\u0131ras\u0131na daxildir. Xalq T\u0259s\u0259rr\u00fcfat\u0131 Nailiyy\u0259tl\u0259ri S\u0259rgisin\u0259 h\u0259r il 30 milyona yax\u0131n qonaq g\u0259lir. \u018flb\u0259tt\u0259, bu g\u00fcn m\u0259n q\u00fcrur hissi ke\u00e7irir\u0259m ki, Moskvan\u0131n bu tarixi memarl\u0131q m\u0259rk\u0259zind\u0259 b\u0259rpadan sonra &#8220;Az\u0259rbaycan&#8221; milli pavilyonu a\u00e7\u0131l\u0131r.<\/p>\n<p>Pavilyon \u00f6z qap\u0131lar\u0131n\u0131 b\u00fct\u00fcn qonaqlar\u0131n \u00fcz\u00fcn\u0259 a\u00e7\u0131r. Bizim \u00f6lk\u0259miz\u0259 milli pavilyonun b\u0259rpas\u0131nda i\u015ftirak etm\u0259k imkan\u0131na g\u00f6r\u0259 Rusiya Federasiyas\u0131n\u0131n r\u0259hb\u0259rliyin\u0259, Prezident Vladimir Vladimirovi\u00e7 Putin\u0259, Moskva \u015f\u0259h\u0259rinin h\u00f6kum\u0259tin\u0259, Moskvan\u0131n meri c\u0259nab Sobyanin\u0259 t\u0259\u015f\u0259kk\u00fcr\u00fcm\u00fc bildirm\u0259k ist\u0259yir\u0259m.<\/p>\n<p>&#8220;Az\u0259rbaycan&#8221; pavilyonu 1939-cu ild\u0259 m\u0259\u015fhur Az\u0259rbaycan memarlar\u0131 Sad\u0131q Dada\u015fov v\u0259 Mikay\u0131l Useynovun layih\u0259si \u00fczr\u0259 yarad\u0131l\u0131b. Sonrak\u0131 ill\u0259rd\u0259 Xalq T\u0259s\u0259rr\u00fcfat\u0131 Nailiyy\u0259tl\u0259ri S\u0259rgisinin \u0259razisind\u0259ki bir \u00e7ox ba\u015fqa pavilyonlar kimi bu pavilyon da \u00e7oxsayl\u0131 d\u0259yi\u015fiklikl\u0259r\u0259 m\u0259ruz qal\u0131b, yenid\u0259n qurulub. M\u0259s\u0259l\u0259n, 1966-c\u0131 ild\u0259 bu nadir memarl\u0131q binas\u0131n\u0131n fasad\u0131 b\u00fct\u00f6v metal qutu il\u0259 \u00f6rt\u00fcl\u00fcb, bu is\u0259 he\u00e7 \u015f\u00fcbh\u0259siz, onun simas\u0131n\u0131 tamamil\u0259 d\u0259yi\u015fib. Bir s\u00f6zl\u0259, sonrak\u0131 ill\u0259rd\u0259 pavilyon \u00f6z\u00fcn\u00fcn memarl\u0131q, funksional v\u0259 milli identikliyini itirib. 2014-c\u00fc ild\u0259 Moskva \u015f\u0259h\u0259ri h\u00f6kum\u0259tinin t\u0259\u015f\u0259bb\u00fcs\u00fc il\u0259 ke\u00e7mi\u015f m\u00fctt\u0259fiq respublikalara \u00f6z milli pavilyonlar\u0131n\u0131n b\u0259rpas\u0131nda i\u015ftirak etm\u0259k t\u0259klif olunanda Az\u0259rbaycan bu x\u0259b\u0259ri b\u00f6y\u00fck co\u015fqu il\u0259 q\u0259bul etdi v\u0259 haz\u0131rl\u0131q i\u015fl\u0259rind\u0259n sonra 2017-ci ild\u0259 b\u0259rpa i\u015fl\u0259ri ba\u015fland\u0131. Pavilyonda b\u0259rpa i\u015fl\u0259ri Az\u0259rbaycan d\u00f6vl\u0259tinin d\u0259st\u0259yi v\u0259 Heyd\u0259r \u018fliyev Fondunun r\u0259hb\u0259rliyi il\u0259 apar\u0131l\u0131b. Bu binan\u0131n ilkin memarl\u0131q-etnik simas\u0131n\u0131 qaytarmaq m\u0259qs\u0259di qar\u015f\u0131ya qoyulmu\u015fdu. \u00c7ox g\u0259rgin i\u015f apar\u0131ld\u0131, Az\u0259rbaycandan v\u0259 Rusiyadan \u0259n yax\u015f\u0131 m\u00fct\u0259x\u0259ssisl\u0259r, memarlar, r\u0259ssamlar, b\u0259rpa\u00e7\u0131lar, m\u0259d\u0259niyy\u0259t tarix\u00e7il\u0259ri d\u0259v\u0259t edildi. Bu g\u00fcn n\u0259tic\u0259ni g\u00f6r\u00fcr\u00fck. Bu binan\u0131n tamamil\u0259 b\u0259rpa olunmu\u015f autentikliyini g\u00f6r\u00fcr\u00fck. \u015e\u00fcbh\u0259siz, bu c\u00fcr g\u00f6z\u0259l n\u0259tic\u0259 komanda \u015f\u0259klind\u0259 i\u015fin yekunudur. Bu g\u00fcn m\u0259n bizim milli pavilyonun b\u0259rpas\u0131 \u00fc\u00e7\u00fcn s\u0259y g\u00f6st\u0259r\u0259nl\u0259rin ham\u0131s\u0131na t\u0259\u015f\u0259kk\u00fcr\u00fcm\u00fc bildirm\u0259k ist\u0259yir\u0259m.<\/p>\n<p>&#8220;Az\u0259rbaycan&#8221; pavilyonunun zahiri simas\u0131n\u0131n b\u0259rpa olunmas\u0131 il\u0259 b\u0259rab\u0259r, o, h\u0259m d\u0259 yeni m\u0259zmun k\u0259sb edib. Burada bizim pavilyonun qonaqlar\u0131 xalq\u0131m\u0131z\u0131n z\u0259ngin \u00e7ox\u0259srlik tarixi, m\u0259d\u0259niyy\u0259ti, \u0259n\u0259n\u0259l\u0259ri il\u0259 tan\u0131\u015f ola, eyni zamanda, m\u00fcasir m\u00fcst\u0259qil Az\u0259rbaycan haqq\u0131nda, onun ictimai-siyasi, iqtisadi, humanitar sah\u0259l\u0259rd\u0259 u\u011furlar\u0131 bar\u0259d\u0259 informasiya \u0259ld\u0259 ed\u0259 bil\u0259rl\u0259r. \u018flb\u0259tt\u0259, \u015f\u00fcbh\u0259 etmir\u0259m ki, g\u0259l\u0259c\u0259kd\u0259 bu m\u0259kanda t\u0259\u015fkil edil\u0259c\u0259k t\u0259dbirl\u0259r, g\u00f6r\u00fc\u015fl\u0259r, s\u0259rgil\u0259r Rusiya il\u0259 Az\u0259rbaycan aras\u0131nda dostluq m\u00fcnasib\u0259tl\u0259rinin daha da m\u00f6hk\u0259ml\u0259nm\u0259sin\u0259 \u015f\u0259rait yaradacaq.<\/p>\n<p>Rusiya il\u0259 Az\u0259rbaycan aras\u0131nda m\u00fcnasib\u0259tl\u0259r q\u0259dim v\u0259 m\u00f6hk\u0259m dostluq v\u0259 mehriban qon\u015fuluq \u0259n\u0259n\u0259l\u0259rin\u0259 \u0259saslan\u0131r. Bu g\u00fcn biz \u00f6z m\u00fcnasib\u0259tl\u0259rimizi strateji t\u0259r\u0259fda\u015fl\u0131q adland\u0131r\u0131r\u0131q. F\u00fcrs\u0259td\u0259n istifad\u0259 edib, m\u0259ni Rusiyaya r\u0259smi s\u0259f\u0259r\u0259 d\u0259v\u0259t etdiyin\u0259 v\u0259 m\u0259ni &#8220;Dostluq&#8221; ordeni il\u0259 t\u0259ltif etdiyin\u0259 g\u00f6r\u0259 Rusiya Federasiyas\u0131n\u0131n Prezidenti Vladimir Vladimirovi\u00e7 Putin\u0259 t\u0259\u015f\u0259kk\u00fcr\u00fcm\u00fc bildirm\u0259k ist\u0259yir\u0259m. Bu ordeni almaq m\u0259nim \u00fc\u00e7\u00fcn b\u00f6y\u00fck \u015f\u0259r\u0259fdir v\u0259 m\u0259n bu m\u00fckafat\u0131 Rusiya-Az\u0259rbaycan dostluq m\u00fcnasib\u0259tl\u0259rinin daha bir t\u0259sdiqi kimi q\u0259bul edir\u0259m.<\/p>\n<p>Bu g\u00fcn \u00f6lk\u0259l\u0259rimiz aras\u0131nda f\u0259al siyasi dialoq m\u00f6vcuddur. D\u00f6vl\u0259t ba\u015f\u00e7\u0131lar\u0131 s\u0259viyy\u0259sind\u0259 m\u00fcnt\u0259z\u0259m g\u00f6r\u00fc\u015fl\u0259r bunu t\u0259sdiq edir. Az\u0259rbaycan\u0131n v\u0259 Rusiya Federasiyas\u0131n\u0131n prezidentl\u0259ri aras\u0131nda etimada \u0259saslanan dostluq m\u00fcnasib\u0259tl\u0259ri dem\u0259k olar ki, b\u00fct\u00fcn sah\u0259l\u0259rd\u0259 bizim ikit\u0259r\u0259fli \u0259laq\u0259l\u0259rin dinamik v\u0259 intensiv inki\u015faf\u0131n\u0131 t\u0259yin edir. Bizim u\u011furlu iqtisadi \u0259m\u0259kda\u015fl\u0131\u011f\u0131m\u0131z \u00f6z b\u0259hr\u0259l\u0259rini verir. Rusiya Az\u0259rbaycan\u0131n \u0259sas ticar\u0259t t\u0259r\u0259fda\u015flar\u0131ndan biridir, qeyri-neft m\u0259hsullar\u0131n\u0131n idxal\u0131 \u00fczr\u0259 is\u0259 birinci yeri tutur. Rusiya il\u0259 Az\u0259rbaycan aras\u0131nda \u0259mt\u0259\u0259 d\u00f6vriyy\u0259si davaml\u0131 \u015f\u0259kild\u0259 art\u0131r. Ke\u00e7\u0259n il bu g\u00f6st\u0259rici 19 faiz artaraq 2,6 milyard AB\u015e dollar\u0131na b\u0259rab\u0259r olub, cari ilin 9 ay\u0131 \u0259rzind\u0259 is\u0259 26 faiz art\u0131m m\u00fc\u015fahid\u0259 olunur. Sevindirici hald\u0131r ki, qar\u015f\u0131l\u0131ql\u0131 investisiyalar\u0131n h\u0259cmi art\u0131r. Rusiya Az\u0259rbaycana s\u0259rmay\u0259 yat\u0131r\u0131r. Az\u0259rbaycanda Rusiya investisiyalar\u0131n\u0131n h\u0259cmi 4,9 milyard, o c\u00fcml\u0259d\u0259n qeyri-neft sektoruna s\u0259rmay\u0259 yat\u0131r\u0131m\u0131n\u0131n h\u0259cmi 1 milyard dollard\u0131r. Az\u0259rbaycan\u0131n Rusiya iqtisadiyyat\u0131na investisiyalar\u0131 1,2 milyard dollar t\u0259\u015fkil edir.<\/p>\n<p>Rusiyadan Az\u0259rbaycana s\u0259f\u0259r ed\u0259n turistl\u0259rin say\u0131 durmadan art\u0131r. Ke\u00e7\u0259n il 900 min rusiyal\u0131 bizim \u00f6lk\u0259miz\u0259 s\u0259f\u0259r edib, cari ild\u0259 bu g\u00f6st\u0259ricil\u0259rin artaca\u011f\u0131n\u0131 g\u00f6zl\u0259yirik.<\/p>\n<p>Bizim ikit\u0259r\u0259fli \u0259laq\u0259l\u0259rimizd\u0259 regionlararas\u0131 \u0259m\u0259kda\u015fl\u0131q m\u00fch\u00fcm yer tutur. Az\u0259rbaycan Rusiya Federasiyas\u0131n\u0131n 70-d\u0259n \u00e7ox subyekti il\u0259 h\u0259m iqtisadi, h\u0259m d\u0259 humanitar sah\u0259d\u0259 \u0259laq\u0259l\u0259r qurub. Bu g\u00fcn m\u0259nim s\u0259f\u0259rim \u00e7\u0259r\u00e7iv\u0259sind\u0259 h\u00f6rm\u0259tli Valentina \u0130vanovna il\u0259 birlikd\u0259 X yubiley Regionlararas\u0131 Forumun a\u00e7\u0131l\u0131\u015f\u0131nda i\u015ftirak ed\u0259c\u0259yik.<\/p>\n<p>\u00d6lk\u0259l\u0259rimizi bir-birin\u0259 ba\u011flayan humanitar \u0259laq\u0259l\u0259ri x\u00fcsusi vur\u011fulamaq ist\u0259yir\u0259m. Bildiyiniz kimi, Az\u0259rbaycanda Rusiya m\u0259d\u0259niyy\u0259tin\u0259, rus dilin\u0259 d\u0259rin h\u00f6rm\u0259tl\u0259 yana\u015f\u0131rlar. \u00d6lk\u0259mizd\u0259 rus dilinin \u00f6yr\u0259nilm\u0259si tam h\u0259cmd\u0259 qorunub saxlan\u0131l\u0131b. 338 m\u0259kt\u0259bd\u0259 t\u0259dris rus dilind\u0259 apar\u0131l\u0131r, Az\u0259rbaycan\u0131n 14 d\u00f6vl\u0259t ali m\u0259kt\u0259bind\u0259 rusdilli b\u00f6lm\u0259 var, 50 m\u0259kt\u0259bd\u0259 T\u0259hsil Nazirliyinin rus dilinin intensiv t\u0259drisi \u00fczr\u0259 pilot layih\u0259si h\u0259yata ke\u00e7irilir. Ali t\u0259hsil s\u0259viyy\u0259sind\u0259 d\u0259 u\u011furlu \u0259m\u0259kda\u015fl\u0131q edirik. Bizim paytaxt\u0131m\u0131zda Lomonosov ad\u0131na Moskva D\u00f6vl\u0259t Universitetinin v\u0259 Se\u00e7enov ad\u0131na Birinci Moskva D\u00f6vl\u0259t Tibb Universitetinin filiallar\u0131 u\u011furla f\u0259aliyy\u0259t g\u00f6st\u0259rir. Bu ild\u0259n etibar\u0259n Az\u0259rbaycan Diplomatik Akademiyas\u0131n\u0131n v\u0259 Moskva D\u00f6vl\u0259t Beyn\u0259lxalq M\u00fcnasib\u0259tl\u0259r \u0130nstitutunun ikili magistr diplomlar\u0131 proqram\u0131n\u0131n birg\u0259 icras\u0131na ba\u015flan\u0131b. Rusiyada 11 mind\u0259n \u00e7ox az\u0259rbaycanl\u0131 t\u0259l\u0259b\u0259 t\u0259hsil al\u0131r. Bizim t\u0259l\u0259b\u0259l\u0259rin Rusiyada t\u0259hsil almas\u0131n\u0131n d\u0259st\u0259kl\u0259nm\u0259sin\u0259 g\u00f6r\u0259 Rusiya h\u00f6kum\u0259tin\u0259 t\u0259\u015f\u0259kk\u00fcr\u00fcm\u00fc bildirm\u0259k ist\u0259yir\u0259m. Az\u0259rbaycanda \u00e7oxminli rus icmas\u0131 \u00f6lk\u0259mizin \u00fcmumi inki\u015faf\u0131na layiqli t\u00f6hf\u0259 verir. Bir s\u00f6zl\u0259, humanitar sah\u0259d\u0259 m\u00fcnasib\u0259tl\u0259rimizin n\u00fcmun\u0259vi oldu\u011funu des\u0259m, z\u0259nnimc\u0259, yan\u0131lmaram.<\/p>\n<p>\u018fziz dostlar, sizi bu \u0259lam\u0259tdar hadis\u0259, Xalq T\u0259s\u0259rr\u00fcfat\u0131 Nailiyy\u0259tl\u0259ri S\u0259rgisinin \u0259razisind\u0259 &#8220;Az\u0259rbaycan&#8221; pavilyonunun a\u00e7\u0131l\u0131\u015f\u0131 m\u00fcnasib\u0259til\u0259 bir daha t\u0259brik edir\u0259m. \u018fmin\u0259m ki, ist\u0259r iqtisadi, ist\u0259rs\u0259 d\u0259 humanitar sah\u0259d\u0259 Az\u0259rbaycan-Rusiya m\u00fcnasib\u0259tl\u0259rinin daha da inki\u015faf etdirilm\u0259si \u00fc\u00e7\u00fcn m\u00f6vcud potensial g\u0259l\u0259c\u0259kd\u0259 xalqlar\u0131m\u0131z\u0131n rifah\u0131 namin\u0259 u\u011furla realla\u015fd\u0131r\u0131lacaq. Diqq\u0259tiniz\u0259 g\u00f6r\u0259 sa\u011f olun. Siz\u0259 m\u00f6hk\u0259m cansa\u011fl\u0131\u011f\u0131 v\u0259 u\u011furlar arzu edir\u0259m. Sa\u011f olun.<\/p>\n<p><strong>xxx<\/strong><\/p>\n<p>Sonra Rusiya Federasiyas\u0131 Federal M\u0259clisinin Federasiya \u015euras\u0131n\u0131n s\u0259dri Valentina Matviyenko \u00e7\u0131x\u0131\u015f etdi.<\/p>\n<div><strong>Federasiya \u015euras\u0131n\u0131n s\u0259dri Valentina Matviyenkonun\u00a0\u00e7\u0131x\u0131\u015f\u0131<\/strong><\/div>\n<p>-\u00c7ox h\u00f6rm\u0259tli Mehriban Arif q\u0131z\u0131.<\/p>\n<p>H\u00f6rm\u0259tli xan\u0131mlar v\u0259 c\u0259nablar, \u0259ziz dostlar.<\/p>\n<p>Biz bu g\u00fcn bel\u0259 t\u0259nt\u0259n\u0259li \u015f\u0259raitd\u0259 \u0259lam\u0259tdar bir hadis\u0259 m\u00fcnasib\u0259til\u0259 topla\u015fm\u0131\u015f\u0131q. Xalq T\u0259s\u0259rr\u00fcfat\u0131 Nailiyy\u0259tl\u0259ri S\u0259rgisinin incil\u0259rind\u0259n biri \u0259sasl\u0131 b\u0259rpadan sonra yenid\u0259n \u00f6z qap\u0131lar\u0131n\u0131 moskval\u0131lara v\u0259 paytaxt\u0131m\u0131z\u0131n qonaqlar\u0131na a\u00e7\u0131r. &#8220;Az\u0259rbaycan&#8221; pavilyonu Xalq T\u0259s\u0259rr\u00fcfat\u0131 Nailiyy\u0259tl\u0259ri S\u0259rgisinin ya\u015f\u0131d\u0131d\u0131r v\u0259 h\u00f6rm\u0259tli Mehriban Arif q\u0131z\u0131n\u0131n art\u0131q dediyi kimi, d\u00fcz 80 il \u0259vv\u0259l a\u00e7\u0131l\u0131b. O, g\u00f6rk\u0259mli Az\u0259rbaycan arxitektorlar\u0131 t\u0259r\u0259find\u0259n tikilib v\u0259 dey\u0259rdim ki, h\u0259min vaxt da, bu g\u00fcn d\u0259 memarl\u0131q incisidir.<\/p>\n<p>\u018flam\u0259tdar hald\u0131r ki, pavilyonun a\u00e7\u0131l\u0131\u015f\u0131nda Az\u0259rbaycan\u0131n Birinci vitse-prezidenti Mehriban Arif q\u0131z\u0131 \u018fliyeva i\u015ftirak edir. Bu, bug\u00fcnk\u00fc hadis\u0259y\u0259 x\u00fcsusi \u0259h\u0259miyy\u0259t qazand\u0131r\u0131r. M\u0259n \u00e7ox \u015fadam ki, Mehriban Arif q\u0131z\u0131, d\u00fcn\u0259n Rusiya Federasiyas\u0131n\u0131n Prezidenti Siz\u0259 &#8220;Dostluq&#8221; ordeni t\u0259qdim edib. Bu, Sizin \u015f\u0259xs\u0259n Rusiya-Az\u0259rbaycan m\u00fcnasib\u0259tl\u0259rinin m\u00f6hk\u0259ml\u0259nm\u0259sin\u0259 v\u0259 bir \u00e7ox ba\u015fqa m\u0259s\u0259l\u0259l\u0259r\u0259, m\u0259d\u0259niyy\u0259tin inki\u015faf\u0131na, humanitar layih\u0259l\u0259r\u0259 Sizin t\u00f6hf\u0259nizin qiym\u0259tl\u0259ndirilm\u0259sidir. H\u0259mkarlar, g\u0259lin Mehriban Arif q\u0131z\u0131 \u018fliyevan\u0131 y\u00fcks\u0259k d\u00f6vl\u0259t m\u00fckafat\u0131 m\u00fcnasib\u0259til\u0259 bir daha t\u0259brik ed\u0259k.<\/p>\n<p>Biz bilirik ki, Prezident \u0130lham \u018fliyev v\u0259 Siz \u00f6lk\u0259l\u0259rimiz aras\u0131nda dostlu\u011fun m\u00f6hk\u0259ml\u0259nm\u0259si, o c\u00fcml\u0259d\u0259n m\u0259d\u0259niyy\u0259t v\u0259 humanitar sah\u0259l\u0259rd\u0259 \u0259m\u0259kda\u015fl\u0131q \u0259laq\u0259l\u0259rinin inki\u015faf\u0131 \u00fc\u00e7\u00fcn \u00e7ox i\u015fl\u0259r g\u00f6r\u00fcrs\u00fcn\u00fcz. Biz bunu \u00e7ox y\u00fcks\u0259k qiym\u0259tl\u0259ndiririk. Az\u0259rbaycan arxitektorlar\u0131n\u0131n d\u00fc\u015f\u00fcnd\u00fcy\u00fc kimi, &#8220;Az\u0259rbaycan&#8221; pavilyonu ziyar\u0259t\u00e7il\u0259r\u0259 k\u00f6hn\u0259 Bak\u0131n\u0131n k\u00fc\u00e7\u0259l\u0259rini xat\u0131rladacaq, onlar\u0131 sanki g\u00fcn\u0259\u015fli Az\u0259rbaycan torpa\u011f\u0131na aparacaqd\u0131. Pavilyonun b\u0259z\u0259dilm\u0259sind\u0259 nadir ornament kompozisiyalar\u0131ndan, \u015f\u0259b\u0259k\u0259 freskalar\u0131ndan, Az\u0259rbaycan ustalar\u0131n\u0131n mismardan istifad\u0259 etm\u0259d\u0259n ki\u00e7ik qoz a\u011fac\u0131 detallar\u0131ndan y\u0131\u011fd\u0131qlar\u0131 \u015f\u0259b\u0259k\u0259l\u0259rd\u0259n istifad\u0259 olunmu\u015fdu. Burada milli \u0259n\u0259n\u0259l\u0259r, milli m\u0259tb\u0259x yer alm\u0131\u015fd\u0131, amma zaman ke\u00e7ir, z\u00f6vql\u0259r d\u0259yi\u015firdi. 1960-c\u0131 ill\u0259rd\u0259 pavilyon yenid\u0259n quruldu. T\u0259\u0259ss\u00fcf ki, nadir d\u0259y\u0259r\u0259 malik olanlar\u0131n bir \u00e7oxu m\u0259hv edildi.<\/p>\n<p>Be\u015f il \u0259vv\u0259l &#8220;Az\u0259rbaycan&#8221; pavilyonunun onun \u0259vv\u0259lki tarixi g\u00f6rk\u0259mind\u0259 b\u0259rpa edilm\u0259si haqq\u0131nda raz\u0131l\u0131q \u0259ld\u0259 olundu. 2016-c\u0131 ild\u0259 &#8220;Az\u0259rbaycan&#8221; pavilyonu Az\u0259rbaycan t\u0259r\u0259fin\u0259 t\u0259hvil verildi. \u00d6t\u0259n m\u00fcdd\u0259td\u0259 Az\u0259rbaycan\u0131n v\u0259 Rusiyan\u0131n nadir ustalar\u0131 t\u0259r\u0259find\u0259n bel\u0259 inc\u0259, d\u0259qiq, g\u00f6z\u0259l i\u015fl\u0259r g\u00f6r\u00fcl\u00fcb. Bu g\u00fcn bizim qar\u015f\u0131m\u0131zda b\u0259rpa olunmu\u015f bel\u0259 g\u00f6z\u0259l pavilyon var. \u0130st\u0259rdim ki, h\u0259r \u015feyd\u0259n \u0259vv\u0259l, pavilyonun yenid\u0259n qurulmas\u0131na \u00f6z \u0259m\u0259yini s\u0259rf etmi\u015f b\u0259rpa\u00e7\u0131lara, ustalara t\u0259\u015f\u0259kk\u00fcr\u00fcm\u00fc ifad\u0259 edim. B\u00fct\u00fcn b\u0259rpa i\u015fl\u0259ri h\u00f6rm\u0259tli Mehriban Arif q\u0131z\u0131n\u0131n ba\u015f\u00e7\u0131l\u0131q etdiyi Heyd\u0259r \u018fliyev Fondunun r\u0259hb\u0259rliyi il\u0259 apar\u0131l\u0131b. G\u00f6st\u0259rdiyiniz d\u0259st\u0259y\u0259 v\u0259 burada yerin\u0259 yetirilmi\u015f nadir i\u015fl\u0259r\u0259 g\u00f6r\u0259 Siz\u0259 v\u0259 Fonda &#8220;\u00c7ox sa\u011f olun!&#8221; deyir\u0259m. Yeri g\u0259lmi\u015fk\u0259n, dem\u0259k ist\u0259yir\u0259m ki, Rusiyada Heyd\u0259r \u018fliyevi d\u0259yi\u015fm\u0259z olaraq h\u0259r zaman b\u00f6y\u00fck s\u0259mimiyy\u0259t v\u0259 b\u00f6y\u00fck ehtiramla xat\u0131rlay\u0131rlar.<\/p>\n<p>B\u0259rpa i\u015fl\u0259rinin gedi\u015fin\u0259 b\u00f6y\u00fck diqq\u0259t yetir\u0259n, z\u0259ruri t\u0259\u015fkilati yard\u0131m g\u00f6st\u0259r\u0259n Moskva meri Sergey Semyonovi\u00e7 Sobyanin\u0259 d\u0259 minn\u0259tdarl\u0131\u011f\u0131m\u0131 \u00e7atd\u0131rmaq ist\u0259yir\u0259m. Vitse-mer Natalya Alekseyevna Serqunina burada i\u015ftirak edir, z\u0259hm\u0259t olmasa, Sergey Semyonovi\u00e7\u0259 b\u00f6y\u00fck minn\u0259tdarl\u0131\u011f\u0131m\u0131 \u00e7atd\u0131r\u0131n. H\u0259m\u00e7inin Az\u0259rbaycan\u0131n Rusiyada f\u00f6vq\u0259lad\u0259 v\u0259 s\u0259lahiyy\u0259tli s\u0259firi, art\u0131q Rusiya il\u0259 Az\u0259rbaycan aras\u0131nda dostlu\u011fun bir n\u00f6v r\u0259mzin\u0259 \u00e7evrilmi\u015f v\u0259 b\u0259rpa i\u015fl\u0259rinin gedi\u015fin\u0259 d\u0259 b\u00f6y\u00fck diqq\u0259t yetir\u0259n Polad B\u00fclb\u00fclo\u011fluna da t\u0259\u015f\u0259kk\u00fcr etm\u0259k ist\u0259yir\u0259m.<\/p>\n<p>Hesab edir\u0259m ki, bug\u00fcnk\u00fc pavilyonun a\u00e7\u0131l\u0131\u015f\u0131 b\u00f6y\u00fck hadis\u0259dir. Bu, \u00f6lk\u0259l\u0259rimiz aras\u0131nda dostlu\u011fun \u0259lam\u0259ti v\u0259 r\u0259mzidir. \u018fmin\u0259m ki, bu pavilyon Az\u0259rbaycan\u0131n Moskvadak\u0131 qeyri-formal m\u0259d\u0259niyy\u0259t n\u00fcmay\u0259nd\u0259liyi statusunu da\u015f\u0131yacaq. Bilir\u0259m ki, pavilyonun r\u0259hb\u0259rliyinin m\u00fcxt\u0259lif s\u0259rgil\u0259rin, konfranslar\u0131n, dig\u0259r t\u0259dbirl\u0259rin ke\u00e7irilm\u0259si \u00fczr\u0259 b\u00f6y\u00fck planlar\u0131 var. Bel\u0259likl\u0259, Moskva sakinl\u0259ri d\u0259, paytaxt\u0131n \u00e7oxsayl\u0131 qonaqlar\u0131 da bu m\u0259kanda h\u0259m Az\u0259rbaycan xalq\u0131n\u0131n q\u0259dim m\u0259d\u0259niyy\u0259ti v\u0259 \u0259n\u0259n\u0259l\u0259ri, tarixi v\u0259 \u0259lb\u0259tt\u0259, h\u0259m d\u0259 Az\u0259rbaycan\u0131n m\u00fcasir u\u011furlar\u0131 il\u0259 tan\u0131\u015f ola bil\u0259c\u0259kl\u0259r. Biz sizin \u0259sl dostlar\u0131n\u0131z kimi, \u00f6lk\u0259nin nec\u0259 d\u0259yi\u015fm\u0259si, \u00f6lk\u0259d\u0259 iqtisadi v\u0259 sosial inki\u015faf, v\u0259t\u0259nda\u015flar\u0131n rifah\u0131n\u0131n yax\u015f\u0131la\u015fd\u0131r\u0131lmas\u0131 istiqam\u0259tind\u0259 g\u00f6r\u00fcl\u0259n b\u00f6y\u00fck i\u015fl\u0259r\u0259 g\u00f6r\u0259 \u00e7ox \u015fad\u0131q v\u0259 bunlarla f\u0259xr edirik. Bak\u0131 \u00e7ox g\u00f6z\u0259ll\u0259\u015fib, h\u0259r d\u0259f\u0259 s\u0259f\u0259r ed\u0259nd\u0259 valeh olursan, h\u0259mi\u015f\u0259 yeni n\u0259 is\u0259 g\u00f6r\u00fcrs\u0259n. Ona g\u00f6r\u0259 d\u0259 t\u0259\u0259cc\u00fcbl\u00fc deyil ki, Rusiyadan turistl\u0259rin say\u0131 bu c\u00fcr templ\u0259rl\u0259 art\u0131r. Bak\u0131 da, \u00e7ox g\u00f6z\u0259l \u00f6lk\u0259 olan Az\u0259rbaycan da olduqca qonaqp\u0259rv\u0259r v\u0259 xo\u015fniyy\u0259tlidir. \u018fmin\u0259m ki, bizim turistl\u0259rin say\u0131 g\u0259l\u0259c\u0259kd\u0259 d\u0259 artacaq. Biz is\u0259 Az\u0259rbaycandan Rusiyaya g\u0259l\u0259n turistl\u0259rin say\u0131n\u0131n artmas\u0131nda maraql\u0131y\u0131q. H\u0259m\u00e7inin bunun \u00fc\u00e7\u00fcn d\u0259 \u015f\u0259rait yaradaca\u011f\u0131q.<\/p>\n<p>M\u0259n ham\u0131n\u0131 bu \u0259lam\u0259tdar hadis\u0259 m\u00fcnasib\u0259til\u0259 t\u0259brik etm\u0259k ist\u0259yir\u0259m. D\u00fc\u015f\u00fcn\u00fcr\u0259m ki, Xalq T\u0259s\u0259rr\u00fcfat\u0131 Nailiyy\u0259tl\u0259ri S\u0259rgisind\u0259 &#8220;Az\u0259rbaycan&#8221; pavilyonunun a\u00e7\u0131l\u0131\u015f\u0131 2020-ci il\u0259 planla\u015fd\u0131r\u0131lan Az\u0259rbaycan M\u0259d\u0259niyy\u0259ti G\u00fcnl\u0259rinin \u0259r\u0259f\u0259sidir. Bu yax\u0131nlardak\u0131 s\u0259f\u0259rim zaman\u0131 Az\u0259rbaycanda Rusiya Federasiyas\u0131 M\u0259d\u0259niyy\u0259t G\u00fcnl\u0259rinin a\u00e7\u0131l\u0131\u015f\u0131n\u0131 etm\u0259k m\u0259nim \u00fc\u00e7\u00fcn b\u00f6y\u00fck \u015f\u0259r\u0259f idi. Bizim t\u0259\u015fkil etdiyimiz m\u0259d\u0259niyy\u0259t t\u0259dbirl\u0259rin\u0259 nec\u0259 b\u00f6y\u00fck mara\u011f\u0131n oldu\u011funu bilir\u0259m.<\/p>\n<p>H\u00f6rm\u0259tli Mehriban Arif q\u0131z\u0131, biz Az\u0259rbaycan\u0131n m\u0259d\u0259niyy\u0259t t\u0259msil\u00e7il\u0259rini d\u0259 bu c\u00fcr s\u0259birsizlikl\u0259 Rusiyada g\u00f6zl\u0259yirik. Biz Az\u0259rbaycan\u0131 sevirik. Biz Az\u0259rbaycan m\u0259d\u0259niyy\u0259tini sevirik. \u018fmin\u0259m ki, M\u0259d\u0259niyy\u0259t G\u00fcnl\u0259ri b\u00f6y\u00fck u\u011furla ke\u00e7\u0259c\u0259k.<\/p>\n<p>Bir daha ham\u0131n\u0131 bu \u0259lam\u0259tdar hadis\u0259 m\u00fcnasib\u0259til\u0259 t\u0259brik etm\u0259k ist\u0259yir\u0259m. H\u00f6rm\u0259tli Mehriban Arif q\u0131z\u0131, Rusiyan\u0131n \u00fcnvan\u0131na s\u00f6yl\u0259diyiniz s\u00f6zl\u0259r\u0259 v\u0259 \u0259m\u0259kda\u015fl\u0131\u011f\u0131m\u0131z\u0131n g\u0259l\u0259c\u0259k inki\u015faf\u0131 \u00fc\u00e7\u00fcn g\u00f6st\u0259rdiyiniz s\u0259yl\u0259r\u0259 g\u00f6r\u0259 Siz\u0259 &#8220;\u00c7ox sa\u011f olun!&#8221; deyir\u0259m. Sa\u011f olun.<\/p>\n<p><strong>xxx<\/strong><\/p>\n<p>\u00d6lk\u0259mizin Rusiyadak\u0131 s\u0259firi Polad B\u00fclb\u00fclo\u011flu \u00e7\u0131x\u0131\u015f ed\u0259r\u0259k K\u0259nd T\u0259s\u0259rr\u00fcfat\u0131 Nailiyy\u0259tl\u0259ri S\u0259rgisind\u0259 &#8220;Az\u0259rbaycan&#8221; pavilyonunun a\u00e7\u0131l\u0131\u015f\u0131n\u0131 tarixi hadis\u0259 adland\u0131rd\u0131. S\u0259fir bildirdi ki, vaxtil\u0259 bu pavilyonda Az\u0259rbaycan\u0131n layiqinc\u0259 t\u0259msil olunmas\u0131 \u00fc\u00e7\u00fcn b\u00fct\u00fcn i\u015fl\u0259r g\u00f6r\u00fclm\u00fc\u015fd\u00fc v\u0259 bu g\u00fcn Birinci vitse-prezident Mehriban \u018fliyevan\u0131n r\u0259hb\u0259rlik etdiyi Heyd\u0259r \u018fliyev Fondunun d\u0259st\u0259yi il\u0259 pavilyonumuz yenid\u0259n \u00f6z f\u0259aliyy\u0259tini b\u0259rpa edir.<\/p>\n<p>Qeyd ed\u0259k ki, bu layih\u0259 m\u0259d\u0259niyy\u0259tl\u0259raras\u0131 v\u0259 mill\u0259tl\u0259raras\u0131 dialoq, xalqlar\u0131n bir-birin\u0259 yax\u0131nla\u015fmas\u0131 bax\u0131m\u0131ndan b\u00f6y\u00fck rol oynay\u0131r.<\/p>\n<h4><\/h4>\n<div class=\"article-gallery\">\n<div class=\"lSSlideOuter \">\n<div class=\"lSSlideWrapper usingCss\">\n<ul class=\"images-list lightSlider lsGrab lSSlide\">\n<li class=\"lslide active\" data-src=\"https:\/\/img.milli.az\/2019\/11\/23\/804720_(1).jpg\" data-fancybox=\"804720\"><img src=\"https:\/\/img.milli.az\/2019\/11\/23\/804720_(1).jpg\" alt=\"\" \/><\/li>\n<li class=\"lslide\" data-src=\"https:\/\/img.milli.az\/2019\/11\/23\/804720_(52).jpg\" data-fancybox=\"804720\"><img src=\"https:\/\/img.milli.az\/2019\/11\/23\/804720_(52).jpg\" alt=\"\" \/><\/li>\n<li class=\"lslide\" data-src=\"https:\/\/img.milli.az\/2019\/11\/23\/804720_(51).jpg\" data-fancybox=\"804720\"><img src=\"https:\/\/img.milli.az\/2019\/11\/23\/804720_(51).jpg\" alt=\"\" \/><\/li>\n<li class=\"lslide\" data-src=\"https:\/\/img.milli.az\/2019\/11\/23\/804720_(50).jpg\" data-fancybox=\"804720\"><img src=\"https:\/\/img.milli.az\/2019\/11\/23\/804720_(50).jpg\" alt=\"\" \/><\/li>\n<li class=\"lslide\" data-src=\"https:\/\/img.milli.az\/2019\/11\/23\/804720_(49).jpg\" data-fancybox=\"804720\"><img src=\"https:\/\/img.milli.az\/2019\/11\/23\/804720_(49).jpg\" alt=\"\" \/><\/li>\n<li class=\"lslide\" data-src=\"https:\/\/img.milli.az\/2019\/11\/23\/804720_(48).jpg\" data-fancybox=\"804720\"><img src=\"https:\/\/img.milli.az\/2019\/11\/23\/804720_(48).jpg\" alt=\"\" \/><\/li>\n<li class=\"lslide\" data-src=\"https:\/\/img.milli.az\/2019\/11\/23\/804720_(47).jpg\" data-fancybox=\"804720\"><img src=\"https:\/\/img.milli.az\/2019\/11\/23\/804720_(47).jpg\" alt=\"\" \/><\/li>\n<li class=\"lslide\" data-src=\"https:\/\/img.milli.az\/2019\/11\/23\/804720_(45).jpg\" data-fancybox=\"804720\"><img src=\"https:\/\/img.milli.az\/2019\/11\/23\/804720_(45).jpg\" alt=\"\" \/><\/li>\n<li class=\"lslide\" data-src=\"https:\/\/img.milli.az\/2019\/11\/23\/804720_(46).jpg\" data-fancybox=\"804720\"><img src=\"https:\/\/img.milli.az\/2019\/11\/23\/804720_(46).jpg\" alt=\"\" \/><\/li>\n<li class=\"lslide\" data-src=\"https:\/\/img.milli.az\/2019\/11\/23\/804720_(44).jpg\" data-fancybox=\"804720\"><img src=\"https:\/\/img.milli.az\/2019\/11\/23\/804720_(44).jpg\" alt=\"\" \/><\/li>\n<li class=\"lslide\" data-src=\"https:\/\/img.milli.az\/2019\/11\/23\/804720_(43).jpg\" data-fancybox=\"804720\"><img src=\"https:\/\/img.milli.az\/2019\/11\/23\/804720_(43).jpg\" alt=\"\" \/><\/li>\n<li class=\"lslide\" data-src=\"https:\/\/img.milli.az\/2019\/11\/23\/804720_(42).jpg\" data-fancybox=\"804720\"><img src=\"https:\/\/img.milli.az\/2019\/11\/23\/804720_(42).jpg\" alt=\"\" \/><\/li>\n<li class=\"lslide\" data-src=\"https:\/\/img.milli.az\/2019\/11\/23\/804720_(41).jpg\" data-fancybox=\"804720\"><img src=\"https:\/\/img.milli.az\/2019\/11\/23\/804720_(41).jpg\" alt=\"\" \/><\/li>\n<li class=\"lslide\" data-src=\"https:\/\/img.milli.az\/2019\/11\/23\/804720_(40).jpg\" data-fancybox=\"804720\"><img src=\"https:\/\/img.milli.az\/2019\/11\/23\/804720_(40).jpg\" alt=\"\" \/><\/li>\n<li class=\"lslide\" data-src=\"https:\/\/img.milli.az\/2019\/11\/23\/804720_(39).jpg\" data-fancybox=\"804720\"><img src=\"https:\/\/img.milli.az\/2019\/11\/23\/804720_(39).jpg\" alt=\"\" \/><\/li>\n<li class=\"lslide\" data-src=\"https:\/\/img.milli.az\/2019\/11\/23\/804720_(38).jpg\" data-fancybox=\"804720\"><img src=\"https:\/\/img.milli.az\/2019\/11\/23\/804720_(38).jpg\" alt=\"\" \/><\/li>\n<li class=\"lslide\" data-src=\"https:\/\/img.milli.az\/2019\/11\/23\/804720_(37).jpg\" data-fancybox=\"804720\"><img src=\"https:\/\/img.milli.az\/2019\/11\/23\/804720_(37).jpg\" alt=\"\" \/><\/li>\n<li class=\"lslide\" data-src=\"https:\/\/img.milli.az\/2019\/11\/23\/804720_(36).jpg\" data-fancybox=\"804720\"><img src=\"https:\/\/img.milli.az\/2019\/11\/23\/804720_(36).jpg\" alt=\"\" \/><\/li>\n<li class=\"lslide\" data-src=\"https:\/\/img.milli.az\/2019\/11\/23\/804720_(35).jpg\" data-fancybox=\"804720\"><img src=\"https:\/\/img.milli.az\/2019\/11\/23\/804720_(35).jpg\" alt=\"\" \/><\/li>\n<li class=\"lslide\" data-src=\"https:\/\/img.milli.az\/2019\/11\/23\/804720_(34).jpg\" data-fancybox=\"804720\"><img src=\"https:\/\/img.milli.az\/2019\/11\/23\/804720_(34).jpg\" alt=\"\" \/><\/li>\n<li class=\"lslide\" data-src=\"https:\/\/img.milli.az\/2019\/11\/23\/804720_(33).jpg\" data-fancybox=\"804720\"><img src=\"https:\/\/img.milli.az\/2019\/11\/23\/804720_(33).jpg\" alt=\"\" \/><\/li>\n<li class=\"lslide\" data-src=\"https:\/\/img.milli.az\/2019\/11\/23\/804720_(32).jpg\" data-fancybox=\"804720\"><img src=\"https:\/\/img.milli.az\/2019\/11\/23\/804720_(32).jpg\" alt=\"\" \/><\/li>\n<li class=\"lslide\" data-src=\"https:\/\/img.milli.az\/2019\/11\/23\/804720_(31).jpg\" data-fancybox=\"804720\"><img src=\"https:\/\/img.milli.az\/2019\/11\/23\/804720_(31).jpg\" alt=\"\" \/><\/li>\n<li class=\"lslide\" data-src=\"https:\/\/img.milli.az\/2019\/11\/23\/804720_(30).jpg\" data-fancybox=\"804720\"><img src=\"https:\/\/img.milli.az\/2019\/11\/23\/804720_(30).jpg\" alt=\"\" \/><\/li>\n<li class=\"lslide\" data-src=\"https:\/\/img.milli.az\/2019\/11\/23\/804720_(29).jpg\" data-fancybox=\"804720\"><img src=\"https:\/\/img.milli.az\/2019\/11\/23\/804720_(29).jpg\" alt=\"\" \/><\/li>\n<li class=\"lslide\" data-src=\"https:\/\/img.milli.az\/2019\/11\/23\/804720_(28).jpg\" data-fancybox=\"804720\"><img src=\"https:\/\/img.milli.az\/2019\/11\/23\/804720_(28).jpg\" alt=\"\" \/><\/li>\n<li class=\"lslide\" data-src=\"https:\/\/img.milli.az\/2019\/11\/23\/804720_(27).jpg\" data-fancybox=\"804720\"><img src=\"https:\/\/img.milli.az\/2019\/11\/23\/804720_(27).jpg\" alt=\"\" \/><\/li>\n<li class=\"lslide\" data-src=\"https:\/\/img.milli.az\/2019\/11\/23\/804720_(26).jpg\" data-fancybox=\"804720\"><img src=\"https:\/\/img.milli.az\/2019\/11\/23\/804720_(26).jpg\" alt=\"\" \/><\/li>\n<li class=\"lslide\" data-src=\"https:\/\/img.milli.az\/2019\/11\/23\/804720_(25).jpg\" data-fancybox=\"804720\"><img src=\"https:\/\/img.milli.az\/2019\/11\/23\/804720_(25).jpg\" alt=\"\" \/><\/li>\n<li class=\"lslide\" data-src=\"https:\/\/img.milli.az\/2019\/11\/23\/804720_(24).jpg\" data-fancybox=\"804720\"><img src=\"https:\/\/img.milli.az\/2019\/11\/23\/804720_(24).jpg\" alt=\"\" \/><\/li>\n<li class=\"lslide\" data-src=\"https:\/\/img.milli.az\/2019\/11\/23\/804720_(23).jpg\" data-fancybox=\"804720\"><img src=\"https:\/\/img.milli.az\/2019\/11\/23\/804720_(23).jpg\" alt=\"\" \/><\/li>\n<li class=\"lslide\" data-src=\"https:\/\/img.milli.az\/2019\/11\/23\/804720_(22).jpg\" data-fancybox=\"804720\"><img src=\"https:\/\/img.milli.az\/2019\/11\/23\/804720_(22).jpg\" alt=\"\" \/><\/li>\n<li class=\"lslide\" data-src=\"https:\/\/img.milli.az\/2019\/11\/23\/804720_(21).jpg\" data-fancybox=\"804720\"><img src=\"https:\/\/img.milli.az\/2019\/11\/23\/804720_(21).jpg\" alt=\"\" \/><\/li>\n<li class=\"lslide\" data-src=\"https:\/\/img.milli.az\/2019\/11\/23\/804720_(20).jpg\" data-fancybox=\"804720\"><img src=\"https:\/\/img.milli.az\/2019\/11\/23\/804720_(20).jpg\" alt=\"\" \/><\/li>\n<li class=\"lslide\" data-src=\"https:\/\/img.milli.az\/2019\/11\/23\/804720_(19).jpg\" data-fancybox=\"804720\"><img src=\"https:\/\/img.milli.az\/2019\/11\/23\/804720_(19).jpg\" alt=\"\" \/><\/li>\n<li class=\"lslide\" data-src=\"https:\/\/img.milli.az\/2019\/11\/23\/804720_(18).jpg\" data-fancybox=\"804720\"><img src=\"https:\/\/img.milli.az\/2019\/11\/23\/804720_(18).jpg\" alt=\"\" \/><\/li>\n<li class=\"lslide\" data-src=\"https:\/\/img.milli.az\/2019\/11\/23\/804720_(17).jpg\" data-fancybox=\"804720\"><img src=\"https:\/\/img.milli.az\/2019\/11\/23\/804720_(17).jpg\" alt=\"\" \/><\/li>\n<li class=\"lslide\" data-src=\"https:\/\/img.milli.az\/2019\/11\/23\/804720_(16).jpg\" data-fancybox=\"804720\"><img src=\"https:\/\/img.milli.az\/2019\/11\/23\/804720_(16).jpg\" alt=\"\" \/><\/li>\n<li class=\"lslide\" data-src=\"https:\/\/img.milli.az\/2019\/11\/23\/804720_(15).jpg\" data-fancybox=\"804720\"><img src=\"https:\/\/img.milli.az\/2019\/11\/23\/804720_(15).jpg\" alt=\"\" \/><\/li>\n<li class=\"lslide\" data-src=\"https:\/\/img.milli.az\/2019\/11\/23\/804720_(14).jpg\" data-fancybox=\"804720\"><img src=\"https:\/\/img.milli.az\/2019\/11\/23\/804720_(14).jpg\" alt=\"\" \/><\/li>\n<li class=\"lslide\" data-src=\"https:\/\/img.milli.az\/2019\/11\/23\/804720_(13).jpg\" data-fancybox=\"804720\"><img src=\"https:\/\/img.milli.az\/2019\/11\/23\/804720_(13).jpg\" alt=\"\" \/><\/li>\n<li class=\"lslide\" data-src=\"https:\/\/img.milli.az\/2019\/11\/23\/804720_(12).jpg\" data-fancybox=\"804720\"><img src=\"https:\/\/img.milli.az\/2019\/11\/23\/804720_(12).jpg\" alt=\"\" \/><\/li>\n<li class=\"lslide\" data-src=\"https:\/\/img.milli.az\/2019\/11\/23\/804720_(11).jpg\" data-fancybox=\"804720\"><img src=\"https:\/\/img.milli.az\/2019\/11\/23\/804720_(11).jpg\" alt=\"\" \/><\/li>\n<li class=\"lslide\" data-src=\"https:\/\/img.milli.az\/2019\/11\/23\/804720_(10).jpg\" data-fancybox=\"804720\"><img src=\"https:\/\/img.milli.az\/2019\/11\/23\/804720_(10).jpg\" alt=\"\" \/><\/li>\n<li class=\"lslide\" data-src=\"https:\/\/img.milli.az\/2019\/11\/23\/804720_(9).jpg\" data-fancybox=\"804720\"><img src=\"https:\/\/img.milli.az\/2019\/11\/23\/804720_(9).jpg\" alt=\"\" \/><\/li>\n<li class=\"lslide\" data-src=\"https:\/\/img.milli.az\/2019\/11\/23\/804720_(8).jpg\" data-fancybox=\"804720\"><img src=\"https:\/\/img.milli.az\/2019\/11\/23\/804720_(8).jpg\" alt=\"\" \/><\/li>\n<li class=\"lslide\" data-src=\"https:\/\/img.milli.az\/2019\/11\/23\/804720_(7).jpg\" data-fancybox=\"804720\"><img src=\"https:\/\/img.milli.az\/2019\/11\/23\/804720_(7).jpg\" alt=\"\" \/><\/li>\n<li class=\"lslide\" data-src=\"https:\/\/img.milli.az\/2019\/11\/23\/804720_(6).jpg\" data-fancybox=\"804720\"><img src=\"https:\/\/img.milli.az\/2019\/11\/23\/804720_(6).jpg\" alt=\"\" \/><\/li>\n<li class=\"lslide\" data-src=\"https:\/\/img.milli.az\/2019\/11\/23\/804720_(5).jpg\" data-fancybox=\"804720\"><img src=\"https:\/\/img.milli.az\/2019\/11\/23\/804720_(5).jpg\" alt=\"\" \/><\/li>\n<li class=\"lslide\" data-src=\"https:\/\/img.milli.az\/2019\/11\/23\/804720_(4).jpg\" data-fancybox=\"804720\"><img src=\"https:\/\/img.milli.az\/2019\/11\/23\/804720_(4).jpg\" alt=\"\" \/><\/li>\n<li class=\"lslide\" data-src=\"https:\/\/img.milli.az\/2019\/11\/23\/804720_(2).jpg\" data-fancybox=\"804720\"><img src=\"https:\/\/img.milli.az\/2019\/11\/23\/804720_(2).jpg\" alt=\"\" \/><\/li>\n<li class=\"lslide\" data-src=\"https:\/\/img.milli.az\/2019\/11\/23\/804720_(3).jpg\" data-fancybox=\"804720\"><img src=\"https:\/\/img.milli.az\/2019\/11\/23\/804720_(3).jpg\" alt=\"\" \/><\/li>\n<\/ul>\n<div class=\"lSAction\"><\/div>\n<\/div>\n<\/div>\n<div class=\"lSSlideOuter \">\n<div class=\"lSSlideWrapper usingCss\">\n<div class=\"lSAction\"><\/div>\n<\/div>\n<\/div>\n<\/div>\n","protected":false},"excerpt":{"rendered":"<p>Noyabr\u0131n 23-d\u0259 Moskvan\u0131n Xalq T\u0259s\u0259rr\u00fcfat\u0131 Nailiyy\u0259tl\u0259ri S\u0259rgisind\u0259ki &#8220;Az\u0259rbaycan&#8221; pavilyonunun \u0259sasl\u0131 b\u0259rpa v\u0259 t\u0259mird\u0259n sonra a\u00e7\u0131l\u0131\u015f m\u0259rasimi olub. ARANTV.AZ\u00a0\u00a0AZ\u018fRTAC-a istinad\u0259n bildirir ki,\u00a0m\u0259rasimd\u0259 Rusiya Federasiyas\u0131nda r\u0259smi s\u0259f\u0259rd\u0259 olan Az\u0259rbaycan Respublikas\u0131n\u0131n Birinci vitse-prezidenti Mehriban \u018fliyeva, Heyd\u0259r \u018fliyev Fondunun vitse-prezidenti Leyla \u018fliyeva v\u0259 Rusiya Federasiyas\u0131 Federal M\u0259clisinin Federasiya \u015euras\u0131n\u0131n s\u0259dri Valentina Matviyenko i\u015ftirak edibl\u0259r. Bu il \u0259lam\u0259tdar yubileyini &#8211; 80 illiyini qeyd ed\u0259n Xalq T\u0259s\u0259rr\u00fcfat\u0131 Nailiyy\u0259tl\u0259ri S\u0259rgisi haz\u0131rda yen\u0259 d\u0259 izl\u0259yicil\u0259ri m\u00fcxt\u0259lif \u00f6lk\u0259l\u0259rin pavilyonlar\u0131, \u00f6z\u00fcn\u0259m\u0259xsus eksponatlar il\u0259 heyr\u0259t\u0259 g\u0259tirir. D\u00fcnyan\u0131n 50 n\u0259h\u0259ng s\u0259rgi m\u0259rk\u0259zi s\u0131ras\u0131na daxil olan Xalq T\u0259s\u0259rr\u00fcfat\u0131 Nailiyy\u0259tl\u0259ri S\u0259rgisi ild\u0259 30 milyon&hellip;<\/p>\n","protected":false},"author":2,"featured_media":100238,"comment_status":"closed","ping_status":"closed","sticky":false,"template":"","format":"standard","meta":{"om_disable_all_campaigns":false,"_monsterinsights_skip_tracking":false,"_monsterinsights_sitenote_active":false,"_monsterinsights_sitenote_note":"","_monsterinsights_sitenote_category":0},"categories":[4],"tags":[],"aioseo_notices":[],"gutentor_comment":0,"rttpg_featured_image_url":{"full":["https:\/\/arantv.az\/wp-content\/uploads\/2019\/11\/804720.jpg",1000,666,false],"landscape":["https:\/\/arantv.az\/wp-content\/uploads\/2019\/11\/804720.jpg",1000,666,false],"portraits":["https:\/\/arantv.az\/wp-content\/uploads\/2019\/11\/804720.jpg",1000,666,false],"thumbnail":["https:\/\/arantv.az\/wp-content\/uploads\/2019\/11\/804720-150x150.jpg",150,150,true],"medium":["https:\/\/arantv.az\/wp-content\/uploads\/2019\/11\/804720-300x200.jpg",300,200,true],"large":["https:\/\/arantv.az\/wp-content\/uploads\/2019\/11\/804720.jpg",640,426,false],"1536x1536":["https:\/\/arantv.az\/wp-content\/uploads\/2019\/11\/804720.jpg",1000,666,false],"2048x2048":["https:\/\/arantv.az\/wp-content\/uploads\/2019\/11\/804720.jpg",1000,666,false],"post-thumbnail":["https:\/\/arantv.az\/wp-content\/uploads\/2019\/11\/804720-240x172.jpg",240,172,true],"advps-thumb-one":["https:\/\/arantv.az\/wp-content\/uploads\/2019\/11\/804720-1000x620.jpg",1000,620,true]},"rttpg_author":{"display_name":"V\u00fcsal Rafiqo\u011flu","author_link":"https:\/\/arantv.az\/?author=2"},"rttpg_comment":0,"rttpg_category":"<a href=\"https:\/\/arantv.az\/?cat=4\" rel=\"category\">Siyas\u0259t<\/a>","rttpg_excerpt":"Noyabr\u0131n 23-d\u0259 Moskvan\u0131n Xalq T\u0259s\u0259rr\u00fcfat\u0131 Nailiyy\u0259tl\u0259ri S\u0259rgisind\u0259ki &#8220;Az\u0259rbaycan&#8221; pavilyonunun \u0259sasl\u0131 b\u0259rpa v\u0259 t\u0259mird\u0259n sonra a\u00e7\u0131l\u0131\u015f m\u0259rasimi olub. ARANTV.AZ\u00a0\u00a0AZ\u018fRTAC-a istinad\u0259n bildirir ki,\u00a0m\u0259rasimd\u0259 Rusiya Federasiyas\u0131nda r\u0259smi s\u0259f\u0259rd\u0259 olan Az\u0259rbaycan Respublikas\u0131n\u0131n Birinci vitse-prezidenti Mehriban \u018fliyeva, Heyd\u0259r \u018fliyev Fondunun vitse-prezidenti Leyla \u018fliyeva v\u0259 Rusiya Federasiyas\u0131 Federal M\u0259clisinin Federasiya \u015euras\u0131n\u0131n s\u0259dri Valentina Matviyenko i\u015ftirak edibl\u0259r. Bu il \u0259lam\u0259tdar yubileyini &#8211;&hellip;","_links":{"self":[{"href":"https:\/\/arantv.az\/index.php?rest_route=\/wp\/v2\/posts\/100237"}],"collection":[{"href":"https:\/\/arantv.az\/index.php?rest_route=\/wp\/v2\/posts"}],"about":[{"href":"https:\/\/arantv.az\/index.php?rest_route=\/wp\/v2\/types\/post"}],"author":[{"embeddable":true,"href":"https:\/\/arantv.az\/index.php?rest_route=\/wp\/v2\/users\/2"}],"replies":[{"embeddable":true,"href":"https:\/\/arantv.az\/index.php?rest_route=%2Fwp%2Fv2%2Fcomments&post=100237"}],"version-history":[{"count":0,"href":"https:\/\/arantv.az\/index.php?rest_route=\/wp\/v2\/posts\/100237\/revisions"}],"wp:featuredmedia":[{"embeddable":true,"href":"https:\/\/arantv.az\/index.php?rest_route=\/wp\/v2\/media\/100238"}],"wp:attachment":[{"href":"https:\/\/arantv.az\/index.php?rest_route=%2Fwp%2Fv2%2Fmedia&parent=100237"}],"wp:term":[{"taxonomy":"category","embeddable":true,"href":"https:\/\/arantv.az\/index.php?rest_route=%2Fwp%2Fv2%2Fcategories&post=100237"},{"taxonomy":"post_tag","embeddable":true,"href":"https:\/\/arantv.az\/index.php?rest_route=%2Fwp%2Fv2%2Ftags&post=100237"}],"curies":[{"name":"wp","href":"https:\/\/api.w.org\/{rel}","templated":true}]}}