{"id":100241,"date":"2019-11-23T16:37:06","date_gmt":"2019-11-23T13:37:06","guid":{"rendered":"http:\/\/arantv.az\/?p=100241"},"modified":"2019-11-23T16:37:06","modified_gmt":"2019-11-23T13:37:06","slug":"birinci-vitse-prezident-mehriban-%c9%99liyeva-bu-gun-biz-az%c9%99rbaycan-rusiya-munasib%c9%99tl%c9%99rini-strateji-t%c9%99r%c9%99fdasliq-adlandiririq","status":"publish","type":"post","link":"https:\/\/arantv.az\/?p=100241","title":{"rendered":"Birinci vitse-prezident Mehriban \u018fliyeva: &#8220;Bu g\u00fcn biz Az\u0259rbaycan-Rusiya m\u00fcnasib\u0259tl\u0259rini strateji t\u0259r\u0259fda\u015fl\u0131q adland\u0131r\u0131r\u0131q&#8221;"},"content":{"rendered":"<p><strong>Bu g\u00fcn biz Az\u0259rbaycan-Rusiya m\u00fcnasib\u0259tl\u0259rini strateji t\u0259r\u0259fda\u015fl\u0131q adland\u0131r\u0131r\u0131q.<\/strong><\/p>\n<p><strong>ARANTV.AZ\u00a0<\/strong>\u00a0<a href=\"http:\/\/azertag.az\/\" target=\"_blank\" rel=\"noopener\">AZ\u018fRTAC<\/a>-a istinad\u0259n bildirir ki,\u00a0bunu Az\u0259rbaycan\u0131n Birinci vitse-prezidenti Mehriban \u018fliyeva Moskvan\u0131n Xalq T\u0259s\u0259rr\u00fcfat\u0131 Nailiyy\u0259tl\u0259ri S\u0259rgisind\u0259 yenid\u0259n qurulan &#8220;Az\u0259rbaycan&#8221; pavilyonunun a\u00e7\u0131l\u0131\u015f\u0131nda i\u015ftirak\u0131nda \u00e7\u0131x\u0131\u015f ed\u0259rk\u0259n deyib.<\/p>\n<p>Birinci vitse-prezident Mehriban \u018fliyeva bildirib: &#8220;\u018fziz dostlar, Xalq T\u0259s\u0259rr\u00fcfat\u0131 Nailiyy\u0259tl\u0259ri S\u0259rgisind\u0259 &#8220;Az\u0259rbaycan&#8221; milli pavilyonunun a\u00e7\u0131l\u0131\u015f\u0131nda sizi \u00fcr\u0259kd\u0259n salamlay\u0131ram. Sizin ham\u0131n\u0131z\u0131 yax\u0131n vaxtlarda 80 ya\u015f\u0131 tamam olmu\u015f bu \u0259fsan\u0259vi s\u0259rgi m\u0259kan\u0131n\u0131n yubileyi m\u00fcnasib\u0259til\u0259 t\u0259brik etm\u0259k ist\u0259yir\u0259m.<\/p>\n<p>\u0130lk n\u00f6vb\u0259d\u0259, h\u00f6rm\u0259tli Valentina \u0130vanovnaya bizim milli pavilyonun a\u00e7\u0131l\u0131\u015f\u0131nda i\u015ftirak etdiyin\u0259, \u00f6lk\u0259miz\u0259 s\u0259mimi, mehriban m\u00fcnasib\u0259tin\u0259 g\u00f6r\u0259 d\u0259rin minn\u0259tdarl\u0131\u011f\u0131m\u0131 bildirm\u0259k ist\u0259yir\u0259m. Bug\u00fcnk\u00fc t\u0259dbird\u0259 i\u015ftirak ed\u0259n rusiyal\u0131 qonaqlar\u0131m\u0131z\u0131n ham\u0131s\u0131n\u0131 salamlama\u011fa \u015fadam. \u00d6z h\u0259mv\u0259t\u0259nl\u0259rimizi d\u0259 g\u00f6rm\u0259y\u0259 \u015fadam.<\/p>\n<p>Bu g\u00fcn Xalq T\u0259s\u0259rr\u00fcfat\u0131 Nailiyy\u0259tl\u0259ri S\u0259rgisi nadir s\u0259rgi \u015f\u0259h\u0259ridir. O, d\u00fcnyan\u0131n 50 \u0259n iri s\u0259rgi m\u0259rk\u0259zi s\u0131ras\u0131na daxildir. Xalq T\u0259s\u0259rr\u00fcfat\u0131 Nailiyy\u0259tl\u0259ri S\u0259rgisin\u0259 h\u0259r il 30 milyona yax\u0131n qonaq g\u0259lir. \u018flb\u0259tt\u0259, bu g\u00fcn m\u0259n q\u00fcrur hissi ke\u00e7irir\u0259m ki, Moskvan\u0131n bu tarixi memarl\u0131q m\u0259rk\u0259zind\u0259 b\u0259rpadan sonra &#8220;Az\u0259rbaycan&#8221; milli pavilyonu a\u00e7\u0131l\u0131r.<\/p>\n<p>Pavilyon \u00f6z qap\u0131lar\u0131n\u0131 b\u00fct\u00fcn qonaqlar\u0131n \u00fcz\u00fcn\u0259 a\u00e7\u0131r. Bizim \u00f6lk\u0259miz\u0259 milli pavilyonun b\u0259rpas\u0131nda i\u015ftirak etm\u0259k imkan\u0131na g\u00f6r\u0259 Rusiya Federasiyas\u0131n\u0131n r\u0259hb\u0259rliyin\u0259, Prezident Vladimir Vladimirovi\u00e7 Putin\u0259, Moskva \u015f\u0259h\u0259rinin h\u00f6kum\u0259tin\u0259, Moskvan\u0131n meri c\u0259nab Sobyanin\u0259 t\u0259\u015f\u0259kk\u00fcr\u00fcm\u00fc bildirm\u0259k ist\u0259yir\u0259m.<\/p>\n<p>&#8220;Az\u0259rbaycan&#8221; pavilyonu 1939-cu ild\u0259 m\u0259\u015fhur Az\u0259rbaycan memarlar\u0131 Sad\u0131q Dada\u015fov v\u0259 Mikay\u0131l Useynovun layih\u0259si \u00fczr\u0259 yarad\u0131l\u0131b. Sonrak\u0131 ill\u0259rd\u0259 Xalq T\u0259s\u0259rr\u00fcfat\u0131 Nailiyy\u0259tl\u0259ri S\u0259rgisinin \u0259razisind\u0259ki bir \u00e7ox ba\u015fqa pavilyonlar kimi bu pavilyon da \u00e7oxsayl\u0131 d\u0259yi\u015fiklikl\u0259r\u0259 m\u0259ruz qal\u0131b, yenid\u0259n qurulub. M\u0259s\u0259l\u0259n, 1966-c\u0131 ild\u0259 bu nadir memarl\u0131q binas\u0131n\u0131n fasad\u0131 b\u00fct\u00f6v metal qutu il\u0259 \u00f6rt\u00fcl\u00fcb, bu is\u0259 he\u00e7 \u015f\u00fcbh\u0259siz, onun simas\u0131n\u0131 tamamil\u0259 d\u0259yi\u015fib. Bir s\u00f6zl\u0259, sonrak\u0131 ill\u0259rd\u0259 pavilyon \u00f6z\u00fcn\u00fcn memarl\u0131q, funksional v\u0259 milli identikliyini itirib. 2014-c\u00fc ild\u0259 Moskva \u015f\u0259h\u0259ri h\u00f6kum\u0259tinin t\u0259\u015f\u0259bb\u00fcs\u00fc il\u0259 ke\u00e7mi\u015f m\u00fctt\u0259fiq respublikalara \u00f6z milli pavilyonlar\u0131n\u0131n b\u0259rpas\u0131nda i\u015ftirak etm\u0259k t\u0259klif olunanda Az\u0259rbaycan bu x\u0259b\u0259ri b\u00f6y\u00fck co\u015fqu il\u0259 q\u0259bul etdi v\u0259 haz\u0131rl\u0131q i\u015fl\u0259rind\u0259n sonra 2017-ci ild\u0259 b\u0259rpa i\u015fl\u0259ri ba\u015fland\u0131. Pavilyonda b\u0259rpa i\u015fl\u0259ri Az\u0259rbaycan d\u00f6vl\u0259tinin d\u0259st\u0259yi v\u0259 Heyd\u0259r \u018fliyev Fondunun r\u0259hb\u0259rliyi il\u0259 apar\u0131l\u0131b. Bu binan\u0131n ilkin memarl\u0131q-etnik simas\u0131n\u0131 qaytarmaq m\u0259qs\u0259di qar\u015f\u0131ya qoyulmu\u015fdu. \u00c7ox g\u0259rgin i\u015f apar\u0131ld\u0131, Az\u0259rbaycandan v\u0259 Rusiyadan \u0259n yax\u015f\u0131 m\u00fct\u0259x\u0259ssisl\u0259r, memarlar, r\u0259ssamlar, b\u0259rpa\u00e7\u0131lar, m\u0259d\u0259niyy\u0259t tarix\u00e7il\u0259ri d\u0259v\u0259t edildi. Bu g\u00fcn n\u0259tic\u0259ni g\u00f6r\u00fcr\u00fck. Bu binan\u0131n tamamil\u0259 b\u0259rpa olunmu\u015f autentikliyini g\u00f6r\u00fcr\u00fck. \u015e\u00fcbh\u0259siz, bu c\u00fcr g\u00f6z\u0259l n\u0259tic\u0259 komanda \u015f\u0259klind\u0259 i\u015fin yekunudur. Bu g\u00fcn m\u0259n bizim milli pavilyonun b\u0259rpas\u0131 \u00fc\u00e7\u00fcn s\u0259y g\u00f6st\u0259r\u0259nl\u0259rin ham\u0131s\u0131na t\u0259\u015f\u0259kk\u00fcr\u00fcm\u00fc bildirm\u0259k ist\u0259yir\u0259m.<\/p>\n<p>&#8220;Az\u0259rbaycan&#8221; pavilyonunun zahiri simas\u0131n\u0131n b\u0259rpa olunmas\u0131 il\u0259 b\u0259rab\u0259r, o, h\u0259m d\u0259 yeni m\u0259zmun k\u0259sb edib. Burada bizim pavilyonun qonaqlar\u0131 xalq\u0131m\u0131z\u0131n z\u0259ngin \u00e7ox\u0259srlik tarixi, m\u0259d\u0259niyy\u0259ti, \u0259n\u0259n\u0259l\u0259ri il\u0259 tan\u0131\u015f ola, eyni zamanda, m\u00fcasir m\u00fcst\u0259qil Az\u0259rbaycan haqq\u0131nda, onun ictimai-siyasi, iqtisadi, humanitar sah\u0259l\u0259rd\u0259 u\u011furlar\u0131 bar\u0259d\u0259 informasiya \u0259ld\u0259 ed\u0259 bil\u0259rl\u0259r. \u018flb\u0259tt\u0259, \u015f\u00fcbh\u0259 etmir\u0259m ki, g\u0259l\u0259c\u0259kd\u0259 bu m\u0259kanda t\u0259\u015fkil edil\u0259c\u0259k t\u0259dbirl\u0259r, g\u00f6r\u00fc\u015fl\u0259r, s\u0259rgil\u0259r Rusiya il\u0259 Az\u0259rbaycan aras\u0131nda dostluq m\u00fcnasib\u0259tl\u0259rinin daha da m\u00f6hk\u0259ml\u0259nm\u0259sin\u0259 \u015f\u0259rait yaradacaq.<\/p>\n<p>Rusiya il\u0259 Az\u0259rbaycan aras\u0131nda m\u00fcnasib\u0259tl\u0259r q\u0259dim v\u0259 m\u00f6hk\u0259m dostluq v\u0259 mehriban qon\u015fuluq \u0259n\u0259n\u0259l\u0259rin\u0259 \u0259saslan\u0131r. Bu g\u00fcn biz \u00f6z m\u00fcnasib\u0259tl\u0259rimizi strateji t\u0259r\u0259fda\u015fl\u0131q adland\u0131r\u0131r\u0131q. F\u00fcrs\u0259td\u0259n istifad\u0259 edib, m\u0259ni Rusiyaya r\u0259smi s\u0259f\u0259r\u0259 d\u0259v\u0259t etdiyin\u0259 v\u0259 m\u0259ni &#8220;Dostluq&#8221; ordeni il\u0259 t\u0259ltif etdiyin\u0259 g\u00f6r\u0259 Rusiya Federasiyas\u0131n\u0131n Prezidenti Vladimir Vladimirovi\u00e7 Putin\u0259 t\u0259\u015f\u0259kk\u00fcr\u00fcm\u00fc bildirm\u0259k ist\u0259yir\u0259m. Bu ordeni almaq m\u0259nim \u00fc\u00e7\u00fcn b\u00f6y\u00fck \u015f\u0259r\u0259fdir v\u0259 m\u0259n bu m\u00fckafat\u0131 Rusiya-Az\u0259rbaycan dostluq m\u00fcnasib\u0259tl\u0259rinin daha bir t\u0259sdiqi kimi q\u0259bul edir\u0259m.<\/p>\n<p>Bu g\u00fcn \u00f6lk\u0259l\u0259rimiz aras\u0131nda f\u0259al siyasi dialoq m\u00f6vcuddur. D\u00f6vl\u0259t ba\u015f\u00e7\u0131lar\u0131 s\u0259viyy\u0259sind\u0259 m\u00fcnt\u0259z\u0259m g\u00f6r\u00fc\u015fl\u0259r bunu t\u0259sdiq edir. Az\u0259rbaycan\u0131n v\u0259 Rusiya Federasiyas\u0131n\u0131n prezidentl\u0259ri aras\u0131nda etimada \u0259saslanan dostluq m\u00fcnasib\u0259tl\u0259ri dem\u0259k olar ki, b\u00fct\u00fcn sah\u0259l\u0259rd\u0259 bizim ikit\u0259r\u0259fli \u0259laq\u0259l\u0259rin dinamik v\u0259 intensiv inki\u015faf\u0131n\u0131 t\u0259yin edir. Bizim u\u011furlu iqtisadi \u0259m\u0259kda\u015fl\u0131\u011f\u0131m\u0131z \u00f6z b\u0259hr\u0259l\u0259rini verir. Rusiya Az\u0259rbaycan\u0131n \u0259sas ticar\u0259t t\u0259r\u0259fda\u015flar\u0131ndan biridir, qeyri-neft m\u0259hsullar\u0131n\u0131n idxal\u0131 \u00fczr\u0259 is\u0259 birinci yeri tutur. Rusiya il\u0259 Az\u0259rbaycan aras\u0131nda \u0259mt\u0259\u0259 d\u00f6vriyy\u0259si davaml\u0131 \u015f\u0259kild\u0259 art\u0131r. Ke\u00e7\u0259n il bu g\u00f6st\u0259rici 19 faiz artaraq 2,6 milyard AB\u015e dollar\u0131na b\u0259rab\u0259r olub, cari ilin 9 ay\u0131 \u0259rzind\u0259 is\u0259 26 faiz art\u0131m m\u00fc\u015fahid\u0259 olunur. Sevindirici hald\u0131r ki, qar\u015f\u0131l\u0131ql\u0131 investisiyalar\u0131n h\u0259cmi art\u0131r. Rusiya Az\u0259rbaycana s\u0259rmay\u0259 yat\u0131r\u0131r. Az\u0259rbaycanda Rusiya investisiyalar\u0131n\u0131n h\u0259cmi 4,9 milyard, o c\u00fcml\u0259d\u0259n qeyri-neft sektoruna s\u0259rmay\u0259 yat\u0131r\u0131m\u0131n\u0131n h\u0259cmi 1 milyard dollard\u0131r. Az\u0259rbaycan\u0131n Rusiya iqtisadiyyat\u0131na investisiyalar\u0131 1,2 milyard dollar t\u0259\u015fkil edir.<\/p>\n<p>Rusiyadan Az\u0259rbaycana s\u0259f\u0259r ed\u0259n turistl\u0259rin say\u0131 durmadan art\u0131r. Ke\u00e7\u0259n il 900 min rusiyal\u0131 bizim \u00f6lk\u0259miz\u0259 s\u0259f\u0259r edib, cari ild\u0259 bu g\u00f6st\u0259ricil\u0259rin artaca\u011f\u0131n\u0131 g\u00f6zl\u0259yirik.<\/p>\n<p>Bizim ikit\u0259r\u0259fli \u0259laq\u0259l\u0259rimizd\u0259 regionlararas\u0131 \u0259m\u0259kda\u015fl\u0131q m\u00fch\u00fcm yer tutur. Az\u0259rbaycan Rusiya Federasiyas\u0131n\u0131n 70-d\u0259n \u00e7ox subyekti il\u0259 h\u0259m iqtisadi, h\u0259m d\u0259 humanitar sah\u0259d\u0259 \u0259laq\u0259l\u0259r qurub. Bu g\u00fcn m\u0259nim s\u0259f\u0259rim \u00e7\u0259r\u00e7iv\u0259sind\u0259 h\u00f6rm\u0259tli Valentina \u0130vanovna il\u0259 birlikd\u0259 X yubiley Regionlararas\u0131 Forumun a\u00e7\u0131l\u0131\u015f\u0131nda i\u015ftirak ed\u0259c\u0259yik.<\/p>\n<p>\u00d6lk\u0259l\u0259rimizi bir-birin\u0259 ba\u011flayan humanitar \u0259laq\u0259l\u0259ri x\u00fcsusi vur\u011fulamaq ist\u0259yir\u0259m. Bildiyiniz kimi, Az\u0259rbaycanda Rusiya m\u0259d\u0259niyy\u0259tin\u0259, rus dilin\u0259 d\u0259rin h\u00f6rm\u0259tl\u0259 yana\u015f\u0131rlar. \u00d6lk\u0259mizd\u0259 rus dilinin \u00f6yr\u0259nilm\u0259si tam h\u0259cmd\u0259 qorunub saxlan\u0131l\u0131b. 338 m\u0259kt\u0259bd\u0259 t\u0259dris rus dilind\u0259 apar\u0131l\u0131r, Az\u0259rbaycan\u0131n 14 d\u00f6vl\u0259t ali m\u0259kt\u0259bind\u0259 rusdilli b\u00f6lm\u0259 var, 50 m\u0259kt\u0259bd\u0259 T\u0259hsil Nazirliyinin rus dilinin intensiv t\u0259drisi \u00fczr\u0259 pilot layih\u0259si h\u0259yata ke\u00e7irilir. Ali t\u0259hsil s\u0259viyy\u0259sind\u0259 d\u0259 u\u011furlu \u0259m\u0259kda\u015fl\u0131q edirik. Bizim paytaxt\u0131m\u0131zda Lomonosov ad\u0131na Moskva D\u00f6vl\u0259t Universitetinin v\u0259 Se\u00e7enov ad\u0131na Birinci Moskva D\u00f6vl\u0259t Tibb Universitetinin filiallar\u0131 u\u011furla f\u0259aliyy\u0259t g\u00f6st\u0259rir. Bu ild\u0259n etibar\u0259n Az\u0259rbaycan Diplomatik Akademiyas\u0131n\u0131n v\u0259 Moskva D\u00f6vl\u0259t Beyn\u0259lxalq M\u00fcnasib\u0259tl\u0259r \u0130nstitutunun ikili magistr diplomlar\u0131 proqram\u0131n\u0131n birg\u0259 icras\u0131na ba\u015flan\u0131b. Rusiyada 11 mind\u0259n \u00e7ox az\u0259rbaycanl\u0131 t\u0259l\u0259b\u0259 t\u0259hsil al\u0131r. Bizim t\u0259l\u0259b\u0259l\u0259rin Rusiyada t\u0259hsil almas\u0131n\u0131n d\u0259st\u0259kl\u0259nm\u0259sin\u0259 g\u00f6r\u0259 Rusiya h\u00f6kum\u0259tin\u0259 t\u0259\u015f\u0259kk\u00fcr\u00fcm\u00fc bildirm\u0259k ist\u0259yir\u0259m. Az\u0259rbaycanda \u00e7oxminli rus icmas\u0131 \u00f6lk\u0259mizin \u00fcmumi inki\u015faf\u0131na layiqli t\u00f6hf\u0259 verir. Bir s\u00f6zl\u0259, humanitar sah\u0259d\u0259 m\u00fcnasib\u0259tl\u0259rimizin n\u00fcmun\u0259vi oldu\u011funu des\u0259m, z\u0259nnimc\u0259, yan\u0131lmaram.<\/p>\n<p>\u018fziz dostlar, sizi bu \u0259lam\u0259tdar hadis\u0259, Xalq T\u0259s\u0259rr\u00fcfat\u0131 Nailiyy\u0259tl\u0259ri S\u0259rgisinin \u0259razisind\u0259 &#8220;Az\u0259rbaycan&#8221; pavilyonunun a\u00e7\u0131l\u0131\u015f\u0131 m\u00fcnasib\u0259til\u0259 bir daha t\u0259brik edir\u0259m. \u018fmin\u0259m ki, ist\u0259r iqtisadi, ist\u0259rs\u0259 d\u0259 humanitar sah\u0259d\u0259 Az\u0259rbaycan-Rusiya m\u00fcnasib\u0259tl\u0259rinin daha da inki\u015faf etdirilm\u0259si \u00fc\u00e7\u00fcn m\u00f6vcud potensial g\u0259l\u0259c\u0259kd\u0259 xalqlar\u0131m\u0131z\u0131n rifah\u0131 namin\u0259 u\u011furla realla\u015fd\u0131r\u0131lacaq. Diqq\u0259tiniz\u0259 g\u00f6r\u0259 sa\u011f olun. Siz\u0259 m\u00f6hk\u0259m cansa\u011fl\u0131\u011f\u0131 v\u0259 u\u011furlar arzu edir\u0259m. Sa\u011f olun&#8221;.<\/p>\n","protected":false},"excerpt":{"rendered":"<p>Bu g\u00fcn biz Az\u0259rbaycan-Rusiya m\u00fcnasib\u0259tl\u0259rini strateji t\u0259r\u0259fda\u015fl\u0131q adland\u0131r\u0131r\u0131q. ARANTV.AZ\u00a0\u00a0AZ\u018fRTAC-a istinad\u0259n bildirir ki,\u00a0bunu Az\u0259rbaycan\u0131n Birinci vitse-prezidenti Mehriban \u018fliyeva Moskvan\u0131n Xalq T\u0259s\u0259rr\u00fcfat\u0131 Nailiyy\u0259tl\u0259ri S\u0259rgisind\u0259 yenid\u0259n qurulan &#8220;Az\u0259rbaycan&#8221; pavilyonunun a\u00e7\u0131l\u0131\u015f\u0131nda i\u015ftirak\u0131nda \u00e7\u0131x\u0131\u015f ed\u0259rk\u0259n deyib. Birinci vitse-prezident Mehriban \u018fliyeva bildirib: &#8220;\u018fziz dostlar, Xalq T\u0259s\u0259rr\u00fcfat\u0131 Nailiyy\u0259tl\u0259ri S\u0259rgisind\u0259 &#8220;Az\u0259rbaycan&#8221; milli pavilyonunun a\u00e7\u0131l\u0131\u015f\u0131nda sizi \u00fcr\u0259kd\u0259n salamlay\u0131ram. Sizin ham\u0131n\u0131z\u0131 yax\u0131n vaxtlarda 80 ya\u015f\u0131 tamam olmu\u015f bu \u0259fsan\u0259vi s\u0259rgi m\u0259kan\u0131n\u0131n yubileyi m\u00fcnasib\u0259til\u0259 t\u0259brik etm\u0259k ist\u0259yir\u0259m. \u0130lk n\u00f6vb\u0259d\u0259, h\u00f6rm\u0259tli Valentina \u0130vanovnaya bizim milli pavilyonun a\u00e7\u0131l\u0131\u015f\u0131nda i\u015ftirak etdiyin\u0259, \u00f6lk\u0259miz\u0259 s\u0259mimi, mehriban m\u00fcnasib\u0259tin\u0259 g\u00f6r\u0259 d\u0259rin minn\u0259tdarl\u0131\u011f\u0131m\u0131 bildirm\u0259k ist\u0259yir\u0259m. Bug\u00fcnk\u00fc t\u0259dbird\u0259 i\u015ftirak ed\u0259n&hellip;<\/p>\n","protected":false},"author":2,"featured_media":100242,"comment_status":"closed","ping_status":"closed","sticky":false,"template":"","format":"standard","meta":{"om_disable_all_campaigns":false,"_monsterinsights_skip_tracking":false,"_monsterinsights_sitenote_active":false,"_monsterinsights_sitenote_note":"","_monsterinsights_sitenote_category":0},"categories":[4],"tags":[],"aioseo_notices":[],"gutentor_comment":0,"rttpg_featured_image_url":{"full":["https:\/\/arantv.az\/wp-content\/uploads\/2019\/11\/804726.jpg",1000,661,false],"landscape":["https:\/\/arantv.az\/wp-content\/uploads\/2019\/11\/804726.jpg",1000,661,false],"portraits":["https:\/\/arantv.az\/wp-content\/uploads\/2019\/11\/804726.jpg",1000,661,false],"thumbnail":["https:\/\/arantv.az\/wp-content\/uploads\/2019\/11\/804726-150x150.jpg",150,150,true],"medium":["https:\/\/arantv.az\/wp-content\/uploads\/2019\/11\/804726-300x198.jpg",300,198,true],"large":["https:\/\/arantv.az\/wp-content\/uploads\/2019\/11\/804726.jpg",640,423,false],"1536x1536":["https:\/\/arantv.az\/wp-content\/uploads\/2019\/11\/804726.jpg",1000,661,false],"2048x2048":["https:\/\/arantv.az\/wp-content\/uploads\/2019\/11\/804726.jpg",1000,661,false],"post-thumbnail":["https:\/\/arantv.az\/wp-content\/uploads\/2019\/11\/804726-240x172.jpg",240,172,true],"advps-thumb-one":["https:\/\/arantv.az\/wp-content\/uploads\/2019\/11\/804726-1000x620.jpg",1000,620,true]},"rttpg_author":{"display_name":"V\u00fcsal Rafiqo\u011flu","author_link":"https:\/\/arantv.az\/?author=2"},"rttpg_comment":0,"rttpg_category":"<a href=\"https:\/\/arantv.az\/?cat=4\" rel=\"category\">Siyas\u0259t<\/a>","rttpg_excerpt":"Bu g\u00fcn biz Az\u0259rbaycan-Rusiya m\u00fcnasib\u0259tl\u0259rini strateji t\u0259r\u0259fda\u015fl\u0131q adland\u0131r\u0131r\u0131q. ARANTV.AZ\u00a0\u00a0AZ\u018fRTAC-a istinad\u0259n bildirir ki,\u00a0bunu Az\u0259rbaycan\u0131n Birinci vitse-prezidenti Mehriban \u018fliyeva Moskvan\u0131n Xalq T\u0259s\u0259rr\u00fcfat\u0131 Nailiyy\u0259tl\u0259ri S\u0259rgisind\u0259 yenid\u0259n qurulan &#8220;Az\u0259rbaycan&#8221; pavilyonunun a\u00e7\u0131l\u0131\u015f\u0131nda i\u015ftirak\u0131nda \u00e7\u0131x\u0131\u015f ed\u0259rk\u0259n deyib. Birinci vitse-prezident Mehriban \u018fliyeva bildirib: &#8220;\u018fziz dostlar, Xalq T\u0259s\u0259rr\u00fcfat\u0131 Nailiyy\u0259tl\u0259ri S\u0259rgisind\u0259 &#8220;Az\u0259rbaycan&#8221; milli pavilyonunun a\u00e7\u0131l\u0131\u015f\u0131nda sizi \u00fcr\u0259kd\u0259n salamlay\u0131ram. Sizin ham\u0131n\u0131z\u0131 yax\u0131n vaxtlarda 80 ya\u015f\u0131&hellip;","_links":{"self":[{"href":"https:\/\/arantv.az\/index.php?rest_route=\/wp\/v2\/posts\/100241"}],"collection":[{"href":"https:\/\/arantv.az\/index.php?rest_route=\/wp\/v2\/posts"}],"about":[{"href":"https:\/\/arantv.az\/index.php?rest_route=\/wp\/v2\/types\/post"}],"author":[{"embeddable":true,"href":"https:\/\/arantv.az\/index.php?rest_route=\/wp\/v2\/users\/2"}],"replies":[{"embeddable":true,"href":"https:\/\/arantv.az\/index.php?rest_route=%2Fwp%2Fv2%2Fcomments&post=100241"}],"version-history":[{"count":0,"href":"https:\/\/arantv.az\/index.php?rest_route=\/wp\/v2\/posts\/100241\/revisions"}],"wp:featuredmedia":[{"embeddable":true,"href":"https:\/\/arantv.az\/index.php?rest_route=\/wp\/v2\/media\/100242"}],"wp:attachment":[{"href":"https:\/\/arantv.az\/index.php?rest_route=%2Fwp%2Fv2%2Fmedia&parent=100241"}],"wp:term":[{"taxonomy":"category","embeddable":true,"href":"https:\/\/arantv.az\/index.php?rest_route=%2Fwp%2Fv2%2Fcategories&post=100241"},{"taxonomy":"post_tag","embeddable":true,"href":"https:\/\/arantv.az\/index.php?rest_route=%2Fwp%2Fv2%2Ftags&post=100241"}],"curies":[{"name":"wp","href":"https:\/\/api.w.org\/{rel}","templated":true}]}}