{"id":100282,"date":"2019-11-25T08:14:12","date_gmt":"2019-11-25T05:14:12","guid":{"rendered":"http:\/\/arantv.az\/?p=100282"},"modified":"2019-11-25T08:14:12","modified_gmt":"2019-11-25T05:14:12","slug":"hatunun-%c9%99fsan%c9%99vi-uguru","status":"publish","type":"post","link":"https:\/\/arantv.az\/?p=100282","title":{"rendered":"Hatunun &#8220;\u0259fsan\u0259&#8221;vi  u\u011furu"},"content":{"rendered":"<p>T\u00fcrkiy\u0259li m\u00fc\u011f\u0259nni Ay\u015fe Hatun \u00d6nal\u0131n repertuar\u0131ndan olan \u201cEfsane\u201d mahn\u0131s\u0131 qarda\u015f \u00f6lk\u0259nin \u0259ks\u0259r radiolar\u0131nda \u0259n \u00e7ox s\u0259sl\u0259nil\u0259n mahn\u0131lar siyah\u0131s\u0131na d\u00fc\u015f\u00fcb. <strong>ARANTV.AZ<\/strong> x\u0259b\u0259r verir ki, ifa\u00e7\u0131n\u0131n son t\u0259qdim etdiyi \u201cEfsane\u201d mahn\u0131s\u0131 h\u0259ft\u0259l\u0259rl\u0259 radiolarda \u0259n \u00e7ox s\u0259sl\u0259n\u0259n v\u0259 \u00f6nd\u0259 olan mahn\u0131 olub. Qeyd ed\u0259k ki, b\u0259st\u0259nin s\u00f6zl\u0259ri v\u0259 musiqisi Fikri Karayel\u0259 m\u0259xsusdur.<\/p>\n<p><iframe loading=\"lazy\" width=\"640\" height=\"360\" src=\"https:\/\/www.youtube.com\/embed\/UbV99VJL7bY?feature=oembed\" frameborder=\"0\" allow=\"accelerometer; autoplay; encrypted-media; gyroscope; picture-in-picture\" allowfullscreen><\/iframe><\/p>\n","protected":false},"excerpt":{"rendered":"<p>T\u00fcrkiy\u0259li m\u00fc\u011f\u0259nni Ay\u015fe Hatun \u00d6nal\u0131n repertuar\u0131ndan olan \u201cEfsane\u201d mahn\u0131s\u0131 qarda\u015f \u00f6lk\u0259nin \u0259ks\u0259r radiolar\u0131nda \u0259n \u00e7ox s\u0259sl\u0259nil\u0259n mahn\u0131lar siyah\u0131s\u0131na d\u00fc\u015f\u00fcb. ARANTV.AZ x\u0259b\u0259r verir ki, ifa\u00e7\u0131n\u0131n son t\u0259qdim etdiyi \u201cEfsane\u201d mahn\u0131s\u0131 h\u0259ft\u0259l\u0259rl\u0259 radiolarda \u0259n \u00e7ox s\u0259sl\u0259n\u0259n v\u0259 \u00f6nd\u0259 olan mahn\u0131 olub. Qeyd ed\u0259k ki, b\u0259st\u0259nin s\u00f6zl\u0259ri v\u0259 musiqisi Fikri Karayel\u0259 m\u0259xsusdur.<\/p>\n","protected":false},"author":2,"featured_media":100283,"comment_status":"closed","ping_status":"closed","sticky":false,"template":"","format":"standard","meta":{"om_disable_all_campaigns":false,"_monsterinsights_skip_tracking":false,"_monsterinsights_sitenote_active":false,"_monsterinsights_sitenote_note":"","_monsterinsights_sitenote_category":0},"categories":[20],"tags":[],"aioseo_notices":[],"gutentor_comment":0,"rttpg_featured_image_url":{"full":["https:\/\/arantv.az\/wp-content\/uploads\/2019\/11\/75653335_1870462456431274_3303638146289238016_n.jpg",440,228,false],"landscape":["https:\/\/arantv.az\/wp-content\/uploads\/2019\/11\/75653335_1870462456431274_3303638146289238016_n.jpg",440,228,false],"portraits":["https:\/\/arantv.az\/wp-content\/uploads\/2019\/11\/75653335_1870462456431274_3303638146289238016_n.jpg",440,228,false],"thumbnail":["https:\/\/arantv.az\/wp-content\/uploads\/2019\/11\/75653335_1870462456431274_3303638146289238016_n-150x150.jpg",150,150,true],"medium":["https:\/\/arantv.az\/wp-content\/uploads\/2019\/11\/75653335_1870462456431274_3303638146289238016_n-300x155.jpg",300,155,true],"large":["https:\/\/arantv.az\/wp-content\/uploads\/2019\/11\/75653335_1870462456431274_3303638146289238016_n.jpg",440,228,false],"1536x1536":["https:\/\/arantv.az\/wp-content\/uploads\/2019\/11\/75653335_1870462456431274_3303638146289238016_n.jpg",440,228,false],"2048x2048":["https:\/\/arantv.az\/wp-content\/uploads\/2019\/11\/75653335_1870462456431274_3303638146289238016_n.jpg",440,228,false],"post-thumbnail":["https:\/\/arantv.az\/wp-content\/uploads\/2019\/11\/75653335_1870462456431274_3303638146289238016_n-240x172.jpg",240,172,true],"advps-thumb-one":["https:\/\/arantv.az\/wp-content\/uploads\/2019\/11\/75653335_1870462456431274_3303638146289238016_n.jpg",440,228,false]},"rttpg_author":{"display_name":"V\u00fcsal Rafiqo\u011flu","author_link":"https:\/\/arantv.az\/?author=2"},"rttpg_comment":0,"rttpg_category":"<a href=\"https:\/\/arantv.az\/?cat=20\" rel=\"category\">\u015eou biznes<\/a>","rttpg_excerpt":"T\u00fcrkiy\u0259li m\u00fc\u011f\u0259nni Ay\u015fe Hatun \u00d6nal\u0131n repertuar\u0131ndan olan \u201cEfsane\u201d mahn\u0131s\u0131 qarda\u015f \u00f6lk\u0259nin \u0259ks\u0259r radiolar\u0131nda \u0259n \u00e7ox s\u0259sl\u0259nil\u0259n mahn\u0131lar siyah\u0131s\u0131na d\u00fc\u015f\u00fcb. ARANTV.AZ x\u0259b\u0259r verir ki, ifa\u00e7\u0131n\u0131n son t\u0259qdim etdiyi \u201cEfsane\u201d mahn\u0131s\u0131 h\u0259ft\u0259l\u0259rl\u0259 radiolarda \u0259n \u00e7ox s\u0259sl\u0259n\u0259n v\u0259 \u00f6nd\u0259 olan mahn\u0131 olub. Qeyd ed\u0259k ki, b\u0259st\u0259nin s\u00f6zl\u0259ri v\u0259 musiqisi Fikri Karayel\u0259 m\u0259xsusdur.","_links":{"self":[{"href":"https:\/\/arantv.az\/index.php?rest_route=\/wp\/v2\/posts\/100282"}],"collection":[{"href":"https:\/\/arantv.az\/index.php?rest_route=\/wp\/v2\/posts"}],"about":[{"href":"https:\/\/arantv.az\/index.php?rest_route=\/wp\/v2\/types\/post"}],"author":[{"embeddable":true,"href":"https:\/\/arantv.az\/index.php?rest_route=\/wp\/v2\/users\/2"}],"replies":[{"embeddable":true,"href":"https:\/\/arantv.az\/index.php?rest_route=%2Fwp%2Fv2%2Fcomments&post=100282"}],"version-history":[{"count":0,"href":"https:\/\/arantv.az\/index.php?rest_route=\/wp\/v2\/posts\/100282\/revisions"}],"wp:featuredmedia":[{"embeddable":true,"href":"https:\/\/arantv.az\/index.php?rest_route=\/wp\/v2\/media\/100283"}],"wp:attachment":[{"href":"https:\/\/arantv.az\/index.php?rest_route=%2Fwp%2Fv2%2Fmedia&parent=100282"}],"wp:term":[{"taxonomy":"category","embeddable":true,"href":"https:\/\/arantv.az\/index.php?rest_route=%2Fwp%2Fv2%2Fcategories&post=100282"},{"taxonomy":"post_tag","embeddable":true,"href":"https:\/\/arantv.az\/index.php?rest_route=%2Fwp%2Fv2%2Ftags&post=100282"}],"curies":[{"name":"wp","href":"https:\/\/api.w.org\/{rel}","templated":true}]}}