{"id":100286,"date":"2019-11-25T08:15:59","date_gmt":"2019-11-25T05:15:59","guid":{"rendered":"http:\/\/arantv.az\/?p=100286"},"modified":"2019-11-25T08:15:59","modified_gmt":"2019-11-25T05:15:59","slug":"surpriz-ikili","status":"publish","type":"post","link":"https:\/\/arantv.az\/?p=100286","title":{"rendered":"S\u00fcrpriz ikili"},"content":{"rendered":"<p>Yerli \u015fou-biznesin pop divas\u0131 , xalq artisti Ayg\u00fcn Kaz\u0131mova 31 dekabr &#8211; Yeni il gec\u0259sin\u0259 x\u00fcsusi haz\u0131rla\u015f\u0131r. <strong>ARANTV.AZ<\/strong>-\u0131n m\u0259lumat\u0131na g\u00f6r\u0259, s\u0259n\u0259t\u00e7i \u015e\u0259kid\u0259 yerl\u0259\u015f\u0259n &#8220;Marxal Resort &amp; SPA&#8221; otelind\u0259 konsert proqram\u0131 il\u0259 \u00e7\u0131x\u0131\u015f ed\u0259c\u0259k. A.Kaz\u0131mova il\u0259 yana\u015f\u0131 gec\u0259d\u0259 b\u0259st\u0259kar-m\u00fc\u011f\u0259nni R\u0259him R\u0259himli d\u0259 s\u0259hn\u0259y\u0259 \u00e7\u0131xacaq. Qeyd ed\u0259k ki, &#8220;\u015eou Ayg\u00fcn R\u0259himli&#8221;d\u0259 tama\u015fa\u00e7\u0131lara bir s\u0131ra ekskl\u00fczivl\u0259r v\u0259 s\u00fcrprizl\u0259r t\u0259qdim olunacaq.<\/p>\n<p><img loading=\"lazy\" class=\"alignnone size-medium wp-image-100287\" src=\"https:\/\/arantv.az\/wp-content\/uploads\/2019\/11\/78578360_485702358970548_4867244509638950912_n-212x300.jpg\" alt=\"\" width=\"212\" height=\"300\" \/><\/p>\n","protected":false},"excerpt":{"rendered":"<p>Yerli \u015fou-biznesin pop divas\u0131 , xalq artisti Ayg\u00fcn Kaz\u0131mova 31 dekabr &#8211; Yeni il gec\u0259sin\u0259 x\u00fcsusi haz\u0131rla\u015f\u0131r. ARANTV.AZ-\u0131n m\u0259lumat\u0131na g\u00f6r\u0259, s\u0259n\u0259t\u00e7i \u015e\u0259kid\u0259 yerl\u0259\u015f\u0259n &#8220;Marxal Resort &amp; SPA&#8221; otelind\u0259 konsert proqram\u0131 il\u0259 \u00e7\u0131x\u0131\u015f ed\u0259c\u0259k. A.Kaz\u0131mova il\u0259 yana\u015f\u0131 gec\u0259d\u0259 b\u0259st\u0259kar-m\u00fc\u011f\u0259nni R\u0259him R\u0259himli d\u0259 s\u0259hn\u0259y\u0259 \u00e7\u0131xacaq. Qeyd ed\u0259k ki, &#8220;\u015eou Ayg\u00fcn R\u0259himli&#8221;d\u0259 tama\u015fa\u00e7\u0131lara bir s\u0131ra ekskl\u00fczivl\u0259r v\u0259 s\u00fcrprizl\u0259r t\u0259qdim olunacaq.<\/p>\n","protected":false},"author":2,"featured_media":100288,"comment_status":"closed","ping_status":"closed","sticky":false,"template":"","format":"standard","meta":{"om_disable_all_campaigns":false,"_monsterinsights_skip_tracking":false,"_monsterinsights_sitenote_active":false,"_monsterinsights_sitenote_note":"","_monsterinsights_sitenote_category":0},"categories":[20],"tags":[],"aioseo_notices":[],"gutentor_comment":0,"rttpg_featured_image_url":{"full":["https:\/\/arantv.az\/wp-content\/uploads\/2019\/11\/76697352_2422671524673002_2325974646211477504_n.jpg",673,449,false],"landscape":["https:\/\/arantv.az\/wp-content\/uploads\/2019\/11\/76697352_2422671524673002_2325974646211477504_n.jpg",673,449,false],"portraits":["https:\/\/arantv.az\/wp-content\/uploads\/2019\/11\/76697352_2422671524673002_2325974646211477504_n.jpg",673,449,false],"thumbnail":["https:\/\/arantv.az\/wp-content\/uploads\/2019\/11\/76697352_2422671524673002_2325974646211477504_n-150x150.jpg",150,150,true],"medium":["https:\/\/arantv.az\/wp-content\/uploads\/2019\/11\/76697352_2422671524673002_2325974646211477504_n-300x200.jpg",300,200,true],"large":["https:\/\/arantv.az\/wp-content\/uploads\/2019\/11\/76697352_2422671524673002_2325974646211477504_n.jpg",640,427,false],"1536x1536":["https:\/\/arantv.az\/wp-content\/uploads\/2019\/11\/76697352_2422671524673002_2325974646211477504_n.jpg",673,449,false],"2048x2048":["https:\/\/arantv.az\/wp-content\/uploads\/2019\/11\/76697352_2422671524673002_2325974646211477504_n.jpg",673,449,false],"post-thumbnail":["https:\/\/arantv.az\/wp-content\/uploads\/2019\/11\/76697352_2422671524673002_2325974646211477504_n-240x172.jpg",240,172,true],"advps-thumb-one":["https:\/\/arantv.az\/wp-content\/uploads\/2019\/11\/76697352_2422671524673002_2325974646211477504_n.jpg",673,449,false]},"rttpg_author":{"display_name":"V\u00fcsal Rafiqo\u011flu","author_link":"https:\/\/arantv.az\/?author=2"},"rttpg_comment":0,"rttpg_category":"<a href=\"https:\/\/arantv.az\/?cat=20\" rel=\"category\">\u015eou biznes<\/a>","rttpg_excerpt":"Yerli \u015fou-biznesin pop divas\u0131 , xalq artisti Ayg\u00fcn Kaz\u0131mova 31 dekabr &#8211; Yeni il gec\u0259sin\u0259 x\u00fcsusi haz\u0131rla\u015f\u0131r. ARANTV.AZ-\u0131n m\u0259lumat\u0131na g\u00f6r\u0259, s\u0259n\u0259t\u00e7i \u015e\u0259kid\u0259 yerl\u0259\u015f\u0259n &#8220;Marxal Resort &amp; SPA&#8221; otelind\u0259 konsert proqram\u0131 il\u0259 \u00e7\u0131x\u0131\u015f ed\u0259c\u0259k. A.Kaz\u0131mova il\u0259 yana\u015f\u0131 gec\u0259d\u0259 b\u0259st\u0259kar-m\u00fc\u011f\u0259nni R\u0259him R\u0259himli d\u0259 s\u0259hn\u0259y\u0259 \u00e7\u0131xacaq. Qeyd ed\u0259k ki, &#8220;\u015eou Ayg\u00fcn R\u0259himli&#8221;d\u0259 tama\u015fa\u00e7\u0131lara bir s\u0131ra ekskl\u00fczivl\u0259r v\u0259 s\u00fcrprizl\u0259r&hellip;","_links":{"self":[{"href":"https:\/\/arantv.az\/index.php?rest_route=\/wp\/v2\/posts\/100286"}],"collection":[{"href":"https:\/\/arantv.az\/index.php?rest_route=\/wp\/v2\/posts"}],"about":[{"href":"https:\/\/arantv.az\/index.php?rest_route=\/wp\/v2\/types\/post"}],"author":[{"embeddable":true,"href":"https:\/\/arantv.az\/index.php?rest_route=\/wp\/v2\/users\/2"}],"replies":[{"embeddable":true,"href":"https:\/\/arantv.az\/index.php?rest_route=%2Fwp%2Fv2%2Fcomments&post=100286"}],"version-history":[{"count":0,"href":"https:\/\/arantv.az\/index.php?rest_route=\/wp\/v2\/posts\/100286\/revisions"}],"wp:featuredmedia":[{"embeddable":true,"href":"https:\/\/arantv.az\/index.php?rest_route=\/wp\/v2\/media\/100288"}],"wp:attachment":[{"href":"https:\/\/arantv.az\/index.php?rest_route=%2Fwp%2Fv2%2Fmedia&parent=100286"}],"wp:term":[{"taxonomy":"category","embeddable":true,"href":"https:\/\/arantv.az\/index.php?rest_route=%2Fwp%2Fv2%2Fcategories&post=100286"},{"taxonomy":"post_tag","embeddable":true,"href":"https:\/\/arantv.az\/index.php?rest_route=%2Fwp%2Fv2%2Ftags&post=100286"}],"curies":[{"name":"wp","href":"https:\/\/api.w.org\/{rel}","templated":true}]}}