{"id":100335,"date":"2019-11-25T09:27:09","date_gmt":"2019-11-25T06:27:09","guid":{"rendered":"http:\/\/arantv.az\/?p=100335"},"modified":"2019-11-25T09:27:09","modified_gmt":"2019-11-25T06:27:09","slug":"deputatlar-budc%c9%99ni-muzakir%c9%99-ed%c9%99c%c9%99kl%c9%99r","status":"publish","type":"post","link":"https:\/\/arantv.az\/?p=100335","title":{"rendered":"Deputatlar b\u00fcdc\u0259ni m\u00fczakir\u0259 ed\u0259c\u0259kl\u0259r"},"content":{"rendered":"<p><strong>Bu g\u00fcn Milli M\u0259clisin n\u00f6vb\u0259ti plenar iclas\u0131 ke\u00e7iril\u0259c\u0259k.<\/strong><\/p>\n<p><strong>ARANTV.AZ<\/strong>\u00a0<a href=\"https:\/\/az.trend.az\/\" target=\"_blank\" rel=\"noopener\">Trend<\/a>-\u0259 istinad\u0259n x\u0259b\u0259r verir ki, deputatlar 2020-ci il \u00fc\u00e7\u00fcn ya\u015fay\u0131\u015f minimumu haqq\u0131nda&#8221;, &#8220;2020-ci il \u00fc\u00e7\u00fcn ehtiyac meyar\u0131n\u0131n h\u0259ddi haqq\u0131nda&#8221;, &#8220;D\u00f6vl\u0259t Sosial M\u00fcdafi\u0259 Fondunun 2020-ci il b\u00fcdc\u0259si haqq\u0131nda&#8221;, &#8220;\u0130\u015fsizlikd\u0259n s\u0131\u011forta fondunun 2020-ci il \u00fc\u00e7\u00fcn d\u00f6vl\u0259t b\u00fcdc\u0259si haqq\u0131nda&#8221; qanun layih\u0259l\u0259ri, Milli M\u0259clisin v\u0259 Hesablama Palatas\u0131n\u0131n n\u00f6vb\u0259ti il \u00fc\u00e7\u00fcn x\u0259rcl\u0259r smetalar\u0131 v\u0259 dig\u0259r m\u0259s\u0259l\u0259l\u0259ri m\u00fczakir\u0259 ed\u0259c\u0259k.<\/p>\n<p>\u00dcmumilikd\u0259 iclas\u0131n g\u00fcnd\u0259liyin\u0259 20-d\u0259n art\u0131q m\u0259s\u0259l\u0259 daxildir.<\/p>\n","protected":false},"excerpt":{"rendered":"<p>Bu g\u00fcn Milli M\u0259clisin n\u00f6vb\u0259ti plenar iclas\u0131 ke\u00e7iril\u0259c\u0259k. ARANTV.AZ\u00a0Trend-\u0259 istinad\u0259n x\u0259b\u0259r verir ki, deputatlar 2020-ci il \u00fc\u00e7\u00fcn ya\u015fay\u0131\u015f minimumu haqq\u0131nda&#8221;, &#8220;2020-ci il \u00fc\u00e7\u00fcn ehtiyac meyar\u0131n\u0131n h\u0259ddi haqq\u0131nda&#8221;, &#8220;D\u00f6vl\u0259t Sosial M\u00fcdafi\u0259 Fondunun 2020-ci il b\u00fcdc\u0259si haqq\u0131nda&#8221;, &#8220;\u0130\u015fsizlikd\u0259n s\u0131\u011forta fondunun 2020-ci il \u00fc\u00e7\u00fcn d\u00f6vl\u0259t b\u00fcdc\u0259si haqq\u0131nda&#8221; qanun layih\u0259l\u0259ri, Milli M\u0259clisin v\u0259 Hesablama Palatas\u0131n\u0131n n\u00f6vb\u0259ti il \u00fc\u00e7\u00fcn x\u0259rcl\u0259r smetalar\u0131 v\u0259 dig\u0259r m\u0259s\u0259l\u0259l\u0259ri m\u00fczakir\u0259 ed\u0259c\u0259k. \u00dcmumilikd\u0259 iclas\u0131n g\u00fcnd\u0259liyin\u0259 20-d\u0259n art\u0131q m\u0259s\u0259l\u0259 daxildir.<\/p>\n","protected":false},"author":2,"featured_media":100336,"comment_status":"closed","ping_status":"closed","sticky":false,"template":"","format":"standard","meta":{"om_disable_all_campaigns":false,"_monsterinsights_skip_tracking":false,"_monsterinsights_sitenote_active":false,"_monsterinsights_sitenote_note":"","_monsterinsights_sitenote_category":0},"categories":[1],"tags":[],"aioseo_notices":[],"gutentor_comment":0,"rttpg_featured_image_url":{"full":["https:\/\/arantv.az\/wp-content\/uploads\/2019\/11\/milli_meclis_0001-6.jpg",482,361,false],"landscape":["https:\/\/arantv.az\/wp-content\/uploads\/2019\/11\/milli_meclis_0001-6.jpg",482,361,false],"portraits":["https:\/\/arantv.az\/wp-content\/uploads\/2019\/11\/milli_meclis_0001-6.jpg",482,361,false],"thumbnail":["https:\/\/arantv.az\/wp-content\/uploads\/2019\/11\/milli_meclis_0001-6-150x150.jpg",150,150,true],"medium":["https:\/\/arantv.az\/wp-content\/uploads\/2019\/11\/milli_meclis_0001-6-300x225.jpg",300,225,true],"large":["https:\/\/arantv.az\/wp-content\/uploads\/2019\/11\/milli_meclis_0001-6.jpg",482,361,false],"1536x1536":["https:\/\/arantv.az\/wp-content\/uploads\/2019\/11\/milli_meclis_0001-6.jpg",482,361,false],"2048x2048":["https:\/\/arantv.az\/wp-content\/uploads\/2019\/11\/milli_meclis_0001-6.jpg",482,361,false],"post-thumbnail":["https:\/\/arantv.az\/wp-content\/uploads\/2019\/11\/milli_meclis_0001-6-240x172.jpg",240,172,true],"advps-thumb-one":["https:\/\/arantv.az\/wp-content\/uploads\/2019\/11\/milli_meclis_0001-6.jpg",482,361,false]},"rttpg_author":{"display_name":"V\u00fcsal Rafiqo\u011flu","author_link":"https:\/\/arantv.az\/?author=2"},"rttpg_comment":0,"rttpg_category":"<a href=\"https:\/\/arantv.az\/?cat=1\" rel=\"category\">C\u0259miyy\u0259t<\/a>","rttpg_excerpt":"Bu g\u00fcn Milli M\u0259clisin n\u00f6vb\u0259ti plenar iclas\u0131 ke\u00e7iril\u0259c\u0259k. ARANTV.AZ\u00a0Trend-\u0259 istinad\u0259n x\u0259b\u0259r verir ki, deputatlar 2020-ci il \u00fc\u00e7\u00fcn ya\u015fay\u0131\u015f minimumu haqq\u0131nda&#8221;, &#8220;2020-ci il \u00fc\u00e7\u00fcn ehtiyac meyar\u0131n\u0131n h\u0259ddi haqq\u0131nda&#8221;, &#8220;D\u00f6vl\u0259t Sosial M\u00fcdafi\u0259 Fondunun 2020-ci il b\u00fcdc\u0259si haqq\u0131nda&#8221;, &#8220;\u0130\u015fsizlikd\u0259n s\u0131\u011forta fondunun 2020-ci il \u00fc\u00e7\u00fcn d\u00f6vl\u0259t b\u00fcdc\u0259si haqq\u0131nda&#8221; qanun layih\u0259l\u0259ri, Milli M\u0259clisin v\u0259 Hesablama Palatas\u0131n\u0131n n\u00f6vb\u0259ti il \u00fc\u00e7\u00fcn x\u0259rcl\u0259r&hellip;","_links":{"self":[{"href":"https:\/\/arantv.az\/index.php?rest_route=\/wp\/v2\/posts\/100335"}],"collection":[{"href":"https:\/\/arantv.az\/index.php?rest_route=\/wp\/v2\/posts"}],"about":[{"href":"https:\/\/arantv.az\/index.php?rest_route=\/wp\/v2\/types\/post"}],"author":[{"embeddable":true,"href":"https:\/\/arantv.az\/index.php?rest_route=\/wp\/v2\/users\/2"}],"replies":[{"embeddable":true,"href":"https:\/\/arantv.az\/index.php?rest_route=%2Fwp%2Fv2%2Fcomments&post=100335"}],"version-history":[{"count":0,"href":"https:\/\/arantv.az\/index.php?rest_route=\/wp\/v2\/posts\/100335\/revisions"}],"wp:featuredmedia":[{"embeddable":true,"href":"https:\/\/arantv.az\/index.php?rest_route=\/wp\/v2\/media\/100336"}],"wp:attachment":[{"href":"https:\/\/arantv.az\/index.php?rest_route=%2Fwp%2Fv2%2Fmedia&parent=100335"}],"wp:term":[{"taxonomy":"category","embeddable":true,"href":"https:\/\/arantv.az\/index.php?rest_route=%2Fwp%2Fv2%2Fcategories&post=100335"},{"taxonomy":"post_tag","embeddable":true,"href":"https:\/\/arantv.az\/index.php?rest_route=%2Fwp%2Fv2%2Ftags&post=100335"}],"curies":[{"name":"wp","href":"https:\/\/api.w.org\/{rel}","templated":true}]}}