{"id":100339,"date":"2019-11-25T09:28:41","date_gmt":"2019-11-25T06:28:41","guid":{"rendered":"http:\/\/arantv.az\/?p=100339"},"modified":"2019-11-25T09:28:41","modified_gmt":"2019-11-25T06:28:41","slug":"iqlim-d%c9%99yism%c9%99sinin-torpaqlara-t%c9%99siri-il%c9%99-bagli-cografiya-institutundan-aciqlama","status":"publish","type":"post","link":"https:\/\/arantv.az\/?p=100339","title":{"rendered":"\u0130qlim d\u0259yi\u015fm\u0259sinin torpaqlara t\u0259siri il\u0259 ba\u011fl\u0131 Co\u011frafiya \u0130nstitutundan A\u00c7IQLAMA"},"content":{"rendered":"<blockquote><p><em><strong>Az\u0259rbaycanda iqlim d\u0259yi\u015fm\u0259si n\u0259tic\u0259sind\u0259 temperaturun artmas\u0131 \u0259n \u00e7ox B\u00f6y\u00fck v\u0259 Ki\u00e7ik Qafqazda yerl\u0259\u015f\u0259n me\u015f\u0259 massivl\u0259rin\u0259 t\u0259sir ed\u0259c\u0259k.<\/strong><\/em><\/p><\/blockquote>\n<p><strong>ARANTV.AZ<\/strong> x\u0259b\u0259r verir ki, bunu\u00a0<a href=\"https:\/\/az.trend.az\/\" target=\"_blank\" rel=\"noopener\">Trend<\/a>-\u0259 AMEA Co\u011frafiya \u0130nstitutunun direktoru, akademik Ramiz M\u0259mm\u0259dov deyib.<\/p>\n<p>Onun s\u00f6zl\u0259rin\u0259 g\u00f6r\u0259, bu massivl\u0259rin a\u015fa\u011f\u0131 s\u0259rh\u0259di 550-950 m-\u0259 qalxa, Tal\u0131\u015fda is\u0259 100-2000 m-\u0259 en\u0259 bil\u0259r.<\/p>\n<p>\u0130qlimin istil\u0259\u015fm\u0259sinin k\u0259nd t\u0259s\u0259rr\u00fcfat\u0131na olan t\u0259sirind\u0259n dan\u0131\u015fan R.M\u0259mm\u0259dov qeyd edib ki, n\u0259tic\u0259d\u0259 Alp zonalar\u0131ndan ba\u015fqa, b\u00fct\u00fcn torpaq tipl\u0259rind\u0259 m\u0259hsuldarl\u0131\u011f\u0131n azalmas\u0131 m\u00fc\u015fahid\u0259 edil\u0259c\u0259k: &#8220;Torpaqdaxili kimy\u0259vi v\u0259 biokimy\u0259vi prosesl\u0259r s\u00fcr\u0259tl\u0259n\u0259c\u0259k, torpa\u011f\u0131n fiziki xass\u0259si pisl\u0259\u015f\u0259c\u0259k. Bitki \u00f6rt\u00fcy\u00fc azalacaq, K\u00fcr-Araz oval\u0131\u011f\u0131nda \u015foranla\u015fm\u0131\u015f \u0259razil\u0259rin sah\u0259si 10-15% artacaq. K\u00fcr-Araz oval\u0131\u011f\u0131nda quraql\u0131q g\u00fcnl\u0259rinin say\u0131 50-60 v\u0259 daha \u00e7ox olacaq. Vegetasiya d\u00f6vr\u00fcn\u00fcn artmas\u0131 q\u0131\u015f tax\u0131l\u0131 v\u0259 \u00fcz\u00fcm\u00e7\u00fcl\u00fcy\u00fcn areal\u0131n\u0131 daha y\u00fcks\u0259k en dair\u0259sin\u0259 qald\u0131rma\u011fa imkan ver\u0259c\u0259k. Suvar\u0131lan torpaqlarda suvarma suyuna ehtiyac \u00e7oxalacaq&#8221;.<\/p>\n","protected":false},"excerpt":{"rendered":"<p>Az\u0259rbaycanda iqlim d\u0259yi\u015fm\u0259si n\u0259tic\u0259sind\u0259 temperaturun artmas\u0131 \u0259n \u00e7ox B\u00f6y\u00fck v\u0259 Ki\u00e7ik Qafqazda yerl\u0259\u015f\u0259n me\u015f\u0259 massivl\u0259rin\u0259 t\u0259sir ed\u0259c\u0259k. ARANTV.AZ x\u0259b\u0259r verir ki, bunu\u00a0Trend-\u0259 AMEA Co\u011frafiya \u0130nstitutunun direktoru, akademik Ramiz M\u0259mm\u0259dov deyib. Onun s\u00f6zl\u0259rin\u0259 g\u00f6r\u0259, bu massivl\u0259rin a\u015fa\u011f\u0131 s\u0259rh\u0259di 550-950 m-\u0259 qalxa, Tal\u0131\u015fda is\u0259 100-2000 m-\u0259 en\u0259 bil\u0259r. \u0130qlimin istil\u0259\u015fm\u0259sinin k\u0259nd t\u0259s\u0259rr\u00fcfat\u0131na olan t\u0259sirind\u0259n dan\u0131\u015fan R.M\u0259mm\u0259dov qeyd edib ki, n\u0259tic\u0259d\u0259 Alp zonalar\u0131ndan ba\u015fqa, b\u00fct\u00fcn torpaq tipl\u0259rind\u0259 m\u0259hsuldarl\u0131\u011f\u0131n azalmas\u0131 m\u00fc\u015fahid\u0259 edil\u0259c\u0259k: &#8220;Torpaqdaxili kimy\u0259vi v\u0259 biokimy\u0259vi prosesl\u0259r s\u00fcr\u0259tl\u0259n\u0259c\u0259k, torpa\u011f\u0131n fiziki xass\u0259si pisl\u0259\u015f\u0259c\u0259k. Bitki \u00f6rt\u00fcy\u00fc azalacaq, K\u00fcr-Araz oval\u0131\u011f\u0131nda \u015foranla\u015fm\u0131\u015f \u0259razil\u0259rin sah\u0259si 10-15% artacaq. K\u00fcr-Araz oval\u0131\u011f\u0131nda&hellip;<\/p>\n","protected":false},"author":2,"featured_media":100340,"comment_status":"closed","ping_status":"closed","sticky":false,"template":"","format":"standard","meta":{"om_disable_all_campaigns":false,"_monsterinsights_skip_tracking":false,"_monsterinsights_sitenote_active":false,"_monsterinsights_sitenote_note":"","_monsterinsights_sitenote_category":0},"categories":[1],"tags":[],"aioseo_notices":[],"gutentor_comment":0,"rttpg_featured_image_url":{"full":["https:\/\/arantv.az\/wp-content\/uploads\/2019\/11\/804947.jpg",800,600,false],"landscape":["https:\/\/arantv.az\/wp-content\/uploads\/2019\/11\/804947.jpg",800,600,false],"portraits":["https:\/\/arantv.az\/wp-content\/uploads\/2019\/11\/804947.jpg",800,600,false],"thumbnail":["https:\/\/arantv.az\/wp-content\/uploads\/2019\/11\/804947-150x150.jpg",150,150,true],"medium":["https:\/\/arantv.az\/wp-content\/uploads\/2019\/11\/804947-300x225.jpg",300,225,true],"large":["https:\/\/arantv.az\/wp-content\/uploads\/2019\/11\/804947.jpg",640,480,false],"1536x1536":["https:\/\/arantv.az\/wp-content\/uploads\/2019\/11\/804947.jpg",800,600,false],"2048x2048":["https:\/\/arantv.az\/wp-content\/uploads\/2019\/11\/804947.jpg",800,600,false],"post-thumbnail":["https:\/\/arantv.az\/wp-content\/uploads\/2019\/11\/804947-240x172.jpg",240,172,true],"advps-thumb-one":["https:\/\/arantv.az\/wp-content\/uploads\/2019\/11\/804947.jpg",800,600,false]},"rttpg_author":{"display_name":"V\u00fcsal Rafiqo\u011flu","author_link":"https:\/\/arantv.az\/?author=2"},"rttpg_comment":0,"rttpg_category":"<a href=\"https:\/\/arantv.az\/?cat=1\" rel=\"category\">C\u0259miyy\u0259t<\/a>","rttpg_excerpt":"Az\u0259rbaycanda iqlim d\u0259yi\u015fm\u0259si n\u0259tic\u0259sind\u0259 temperaturun artmas\u0131 \u0259n \u00e7ox B\u00f6y\u00fck v\u0259 Ki\u00e7ik Qafqazda yerl\u0259\u015f\u0259n me\u015f\u0259 massivl\u0259rin\u0259 t\u0259sir ed\u0259c\u0259k. ARANTV.AZ x\u0259b\u0259r verir ki, bunu\u00a0Trend-\u0259 AMEA Co\u011frafiya \u0130nstitutunun direktoru, akademik Ramiz M\u0259mm\u0259dov deyib. Onun s\u00f6zl\u0259rin\u0259 g\u00f6r\u0259, bu massivl\u0259rin a\u015fa\u011f\u0131 s\u0259rh\u0259di 550-950 m-\u0259 qalxa, Tal\u0131\u015fda is\u0259 100-2000 m-\u0259 en\u0259 bil\u0259r. \u0130qlimin istil\u0259\u015fm\u0259sinin k\u0259nd t\u0259s\u0259rr\u00fcfat\u0131na olan t\u0259sirind\u0259n dan\u0131\u015fan R.M\u0259mm\u0259dov qeyd&hellip;","_links":{"self":[{"href":"https:\/\/arantv.az\/index.php?rest_route=\/wp\/v2\/posts\/100339"}],"collection":[{"href":"https:\/\/arantv.az\/index.php?rest_route=\/wp\/v2\/posts"}],"about":[{"href":"https:\/\/arantv.az\/index.php?rest_route=\/wp\/v2\/types\/post"}],"author":[{"embeddable":true,"href":"https:\/\/arantv.az\/index.php?rest_route=\/wp\/v2\/users\/2"}],"replies":[{"embeddable":true,"href":"https:\/\/arantv.az\/index.php?rest_route=%2Fwp%2Fv2%2Fcomments&post=100339"}],"version-history":[{"count":0,"href":"https:\/\/arantv.az\/index.php?rest_route=\/wp\/v2\/posts\/100339\/revisions"}],"wp:featuredmedia":[{"embeddable":true,"href":"https:\/\/arantv.az\/index.php?rest_route=\/wp\/v2\/media\/100340"}],"wp:attachment":[{"href":"https:\/\/arantv.az\/index.php?rest_route=%2Fwp%2Fv2%2Fmedia&parent=100339"}],"wp:term":[{"taxonomy":"category","embeddable":true,"href":"https:\/\/arantv.az\/index.php?rest_route=%2Fwp%2Fv2%2Fcategories&post=100339"},{"taxonomy":"post_tag","embeddable":true,"href":"https:\/\/arantv.az\/index.php?rest_route=%2Fwp%2Fv2%2Ftags&post=100339"}],"curies":[{"name":"wp","href":"https:\/\/api.w.org\/{rel}","templated":true}]}}