{"id":100347,"date":"2019-11-25T10:06:04","date_gmt":"2019-11-25T07:06:04","guid":{"rendered":"http:\/\/arantv.az\/?p=100347"},"modified":"2019-11-25T10:06:04","modified_gmt":"2019-11-25T07:06:04","slug":"yol-polisind%c9%99n-vacib-x%c9%99b%c9%99rdarliq-%c9%99ks-halda-40-manat-c%c9%99rim%c9%99","status":"publish","type":"post","link":"https:\/\/arantv.az\/?p=100347","title":{"rendered":"Yol polisind\u0259n vacib X\u018fB\u018fRDARLIQ &#8211; \u018fks halda 40 manat c\u0259rim\u0259"},"content":{"rendered":"<p><strong>H\u0259r\u0259k\u0259td\u0259 olan n\u0259qliyyat vasit\u0259sinin d\u00f6vl\u0259t qeydiyyat ni\u015fan\u0131n\u0131n g\u00f6r\u00fcnm\u0259si \u00fc\u00e7\u00fcn onun t\u0259miz saxlan\u0131lmas\u0131 t\u0259min edilm\u0259lidir.<\/strong><\/p>\n<p><strong>ARANTV.AZ<\/strong>\u00a0 x\u0259b\u0259r verir ki, Ba\u015f D\u00f6vl\u0259t Yol Polisi \u0130dar\u0259sinin ictimaiyy\u0259tl\u0259 \u0259laq\u0259l\u0259r \u015f\u00f6b\u0259sinin r\u0259isi R\u00fcf\u0259t Quliyev\u00a0<a href=\"https:\/\/az.trend.az\/\" target=\"_blank\" rel=\"noopener\">Trend<\/a>-\u0259 bildirib ki, &#8220;Yol h\u0259r\u0259k\u0259ti haqq\u0131nda&#8221; qanunun t\u0259l\u0259bin\u0259 \u0259sas\u0259n n\u0259qliyyat vasit\u0259l\u0259rinin s\u00fcr\u00fcc\u00fcl\u0259ri t\u0259r\u0259find\u0259n bu v\u0259zif\u0259nin yerin\u0259 yetirilm\u0259m\u0259si avtomobilin istismar\u0131 qaydalar\u0131n\u0131n pozulmas\u0131 hesab edilir.<\/p>\n<p>Haz\u0131rda q\u0131\u015f m\u00f6vs\u00fcm\u00fc il\u0259 \u0259laq\u0259dar k\u00fc\u015f\u0259 v\u0259 yollarda \u00e7irkli su v\u0259 ya pal\u00e7\u0131\u011f\u0131n yaranma ehtimal\u0131n\u0131n art\u0131\u011f\u0131n\u0131 xat\u0131rladan R.Quliyev, bu s\u0259b\u0259bd\u0259n s\u00fcr\u00fcc\u00fcl\u0259r\u0131n avtomobill\u0259rinin, o c\u00fcml\u0259d\u0259n onlar\u0131n d\u00f6vl\u0259t qeydiyyat ni\u015fanlar\u0131n\u0131n t\u0259miz saxlan\u0131lmas\u0131na daha \u00e7ox diqq\u0259t ay\u0131rmalar\u0131n\u0131n vacibliyini x\u00fcsusil\u0259 vur\u011fulad\u0131. Lakin b\u0259zi s\u00fcr\u00fcc\u00fcl\u0259rin havalar\u0131n ya\u011f\u0131\u015fl\u0131, \u00e7iskinli olmas\u0131n\u0131 b\u0259han\u0259 g\u0259tir\u0259r\u0259k avtomobill\u0259rinin d\u00f6vl\u0259t qeydiyyat ni\u015fanlar\u0131n\u0131 t\u0259miz saxlamad\u0131qlar\u0131n\u0131, h\u0259tta bil\u0259r\u0259kd\u0259n ni\u015fanlar\u0131n \u00fcst\u00fcn\u00fc s\u00fcni \u015f\u0259kild\u0259 biraz da \u00e7irkl\u0259ndirdikl\u0259rini t\u0259\u0259ss\u00fcf hissi il\u0259 qeyd ed\u0259n \u015f\u00f6b\u0259 r\u0259isi, bu kimi hallar\u0131n yol verilm\u0259z oldu\u011funu bildirdi.<\/p>\n<p>Xat\u0131rlad\u0131r\u0131q ki, AR \u0130XM-nin 342.1.7 madd\u0259sinin t\u0259l\u0259bin\u0259 \u0259sas\u0259n, h\u0259r\u0259k\u0259td\u0259 olan n\u0259qliyyat vasit\u0259sinin d\u00f6vl\u0259t qeydiyyat ni\u015fan\u0131n\u0131n g\u00f6r\u00fcnm\u0259si \u00fc\u00e7\u00fcn onun t\u0259miz saxlan\u0131lmamas\u0131na g\u00f6r\u0259 40 manat m\u0259bl\u0259\u011find\u0259 c\u0259rim\u0259 n\u0259z\u0259rd\u0259 tutulur.<\/p>\n","protected":false},"excerpt":{"rendered":"<p>H\u0259r\u0259k\u0259td\u0259 olan n\u0259qliyyat vasit\u0259sinin d\u00f6vl\u0259t qeydiyyat ni\u015fan\u0131n\u0131n g\u00f6r\u00fcnm\u0259si \u00fc\u00e7\u00fcn onun t\u0259miz saxlan\u0131lmas\u0131 t\u0259min edilm\u0259lidir. ARANTV.AZ\u00a0 x\u0259b\u0259r verir ki, Ba\u015f D\u00f6vl\u0259t Yol Polisi \u0130dar\u0259sinin ictimaiyy\u0259tl\u0259 \u0259laq\u0259l\u0259r \u015f\u00f6b\u0259sinin r\u0259isi R\u00fcf\u0259t Quliyev\u00a0Trend-\u0259 bildirib ki, &#8220;Yol h\u0259r\u0259k\u0259ti haqq\u0131nda&#8221; qanunun t\u0259l\u0259bin\u0259 \u0259sas\u0259n n\u0259qliyyat vasit\u0259l\u0259rinin s\u00fcr\u00fcc\u00fcl\u0259ri t\u0259r\u0259find\u0259n bu v\u0259zif\u0259nin yerin\u0259 yetirilm\u0259m\u0259si avtomobilin istismar\u0131 qaydalar\u0131n\u0131n pozulmas\u0131 hesab edilir. Haz\u0131rda q\u0131\u015f m\u00f6vs\u00fcm\u00fc il\u0259 \u0259laq\u0259dar k\u00fc\u015f\u0259 v\u0259 yollarda \u00e7irkli su v\u0259 ya pal\u00e7\u0131\u011f\u0131n yaranma ehtimal\u0131n\u0131n art\u0131\u011f\u0131n\u0131 xat\u0131rladan R.Quliyev, bu s\u0259b\u0259bd\u0259n s\u00fcr\u00fcc\u00fcl\u0259r\u0131n avtomobill\u0259rinin, o c\u00fcml\u0259d\u0259n onlar\u0131n d\u00f6vl\u0259t qeydiyyat ni\u015fanlar\u0131n\u0131n t\u0259miz saxlan\u0131lmas\u0131na daha \u00e7ox diqq\u0259t ay\u0131rmalar\u0131n\u0131n vacibliyini x\u00fcsusil\u0259 vur\u011fulad\u0131. Lakin b\u0259zi&hellip;<\/p>\n","protected":false},"author":2,"featured_media":100348,"comment_status":"closed","ping_status":"closed","sticky":false,"template":"","format":"standard","meta":{"om_disable_all_campaigns":false,"_monsterinsights_skip_tracking":false,"_monsterinsights_sitenote_active":false,"_monsterinsights_sitenote_note":"","_monsterinsights_sitenote_category":0},"categories":[1],"tags":[],"aioseo_notices":[],"gutentor_comment":0,"rttpg_featured_image_url":{"full":["https:\/\/arantv.az\/wp-content\/uploads\/2019\/11\/yol_polisi_0555.jpg",800,600,false],"landscape":["https:\/\/arantv.az\/wp-content\/uploads\/2019\/11\/yol_polisi_0555.jpg",800,600,false],"portraits":["https:\/\/arantv.az\/wp-content\/uploads\/2019\/11\/yol_polisi_0555.jpg",800,600,false],"thumbnail":["https:\/\/arantv.az\/wp-content\/uploads\/2019\/11\/yol_polisi_0555-150x150.jpg",150,150,true],"medium":["https:\/\/arantv.az\/wp-content\/uploads\/2019\/11\/yol_polisi_0555-300x225.jpg",300,225,true],"large":["https:\/\/arantv.az\/wp-content\/uploads\/2019\/11\/yol_polisi_0555.jpg",640,480,false],"1536x1536":["https:\/\/arantv.az\/wp-content\/uploads\/2019\/11\/yol_polisi_0555.jpg",800,600,false],"2048x2048":["https:\/\/arantv.az\/wp-content\/uploads\/2019\/11\/yol_polisi_0555.jpg",800,600,false],"post-thumbnail":["https:\/\/arantv.az\/wp-content\/uploads\/2019\/11\/yol_polisi_0555-240x172.jpg",240,172,true],"advps-thumb-one":["https:\/\/arantv.az\/wp-content\/uploads\/2019\/11\/yol_polisi_0555.jpg",800,600,false]},"rttpg_author":{"display_name":"V\u00fcsal Rafiqo\u011flu","author_link":"https:\/\/arantv.az\/?author=2"},"rttpg_comment":0,"rttpg_category":"<a href=\"https:\/\/arantv.az\/?cat=1\" rel=\"category\">C\u0259miyy\u0259t<\/a>","rttpg_excerpt":"H\u0259r\u0259k\u0259td\u0259 olan n\u0259qliyyat vasit\u0259sinin d\u00f6vl\u0259t qeydiyyat ni\u015fan\u0131n\u0131n g\u00f6r\u00fcnm\u0259si \u00fc\u00e7\u00fcn onun t\u0259miz saxlan\u0131lmas\u0131 t\u0259min edilm\u0259lidir. ARANTV.AZ\u00a0 x\u0259b\u0259r verir ki, Ba\u015f D\u00f6vl\u0259t Yol Polisi \u0130dar\u0259sinin ictimaiyy\u0259tl\u0259 \u0259laq\u0259l\u0259r \u015f\u00f6b\u0259sinin r\u0259isi R\u00fcf\u0259t Quliyev\u00a0Trend-\u0259 bildirib ki, &#8220;Yol h\u0259r\u0259k\u0259ti haqq\u0131nda&#8221; qanunun t\u0259l\u0259bin\u0259 \u0259sas\u0259n n\u0259qliyyat vasit\u0259l\u0259rinin s\u00fcr\u00fcc\u00fcl\u0259ri t\u0259r\u0259find\u0259n bu v\u0259zif\u0259nin yerin\u0259 yetirilm\u0259m\u0259si avtomobilin istismar\u0131 qaydalar\u0131n\u0131n pozulmas\u0131 hesab edilir. Haz\u0131rda q\u0131\u015f m\u00f6vs\u00fcm\u00fc il\u0259&hellip;","_links":{"self":[{"href":"https:\/\/arantv.az\/index.php?rest_route=\/wp\/v2\/posts\/100347"}],"collection":[{"href":"https:\/\/arantv.az\/index.php?rest_route=\/wp\/v2\/posts"}],"about":[{"href":"https:\/\/arantv.az\/index.php?rest_route=\/wp\/v2\/types\/post"}],"author":[{"embeddable":true,"href":"https:\/\/arantv.az\/index.php?rest_route=\/wp\/v2\/users\/2"}],"replies":[{"embeddable":true,"href":"https:\/\/arantv.az\/index.php?rest_route=%2Fwp%2Fv2%2Fcomments&post=100347"}],"version-history":[{"count":0,"href":"https:\/\/arantv.az\/index.php?rest_route=\/wp\/v2\/posts\/100347\/revisions"}],"wp:featuredmedia":[{"embeddable":true,"href":"https:\/\/arantv.az\/index.php?rest_route=\/wp\/v2\/media\/100348"}],"wp:attachment":[{"href":"https:\/\/arantv.az\/index.php?rest_route=%2Fwp%2Fv2%2Fmedia&parent=100347"}],"wp:term":[{"taxonomy":"category","embeddable":true,"href":"https:\/\/arantv.az\/index.php?rest_route=%2Fwp%2Fv2%2Fcategories&post=100347"},{"taxonomy":"post_tag","embeddable":true,"href":"https:\/\/arantv.az\/index.php?rest_route=%2Fwp%2Fv2%2Ftags&post=100347"}],"curies":[{"name":"wp","href":"https:\/\/api.w.org\/{rel}","templated":true}]}}