{"id":100451,"date":"2019-11-25T11:43:17","date_gmt":"2019-11-25T08:43:17","guid":{"rendered":"http:\/\/arantv.az\/?p=100451"},"modified":"2019-11-25T11:43:17","modified_gmt":"2019-11-25T08:43:17","slug":"qriqori-trofumcuk-az%c9%99rbaycanin-birinci-vitse-prezidenti-mehriban-%c9%99liyeva-rusiya-az%c9%99rbaycan-munasib%c9%99tl%c9%99rinin-inkisafina-boyuk-tohf%c9%99-verir","status":"publish","type":"post","link":"https:\/\/arantv.az\/?p=100451","title":{"rendered":"Qriqori Trofum\u00e7uk: &#8220;Az\u0259rbaycan\u0131n Birinci vitse-prezidenti Mehriban \u018fliyeva Rusiya-Az\u0259rbaycan m\u00fcnasib\u0259tl\u0259rinin inki\u015faf\u0131na b\u00f6y\u00fck t\u00f6hf\u0259 verir&#8221;"},"content":{"rendered":"<blockquote><p><em><strong>Az\u0259rbaycan\u0131n Birinci vitse-prezidenti Mehriban \u018fliyeva regionlararas\u0131 forumdan sonra inki\u015faf\u0131n yeni d\u00f6vr\u00fcn\u0259 q\u0259d\u0259m qoymu\u015f Rusiya-Az\u0259rbaycan m\u00fcnasib\u0259tl\u0259rinin inki\u015faf\u0131na b\u00f6y\u00fck t\u00f6hf\u0259 verir.<\/strong><\/em><\/p><\/blockquote>\n<p><strong>ARANTV.AZ<\/strong> x\u0259b\u0259r verir ki, bunu\u00a0<a href=\"https:\/\/az.trend.az\/\" target=\"_blank\" rel=\"noopener\">Trend<\/a>-\u0259 rusiyal\u0131 ekspert Qriqori Trofim\u00e7uk deyib.<\/p>\n<p>Onun s\u00f6zl\u0259rin\u0259 g\u00f6r\u0259, Bak\u0131 v\u0259 Moskvada ikit\u0259r\u0259fli m\u00fcnasib\u0259tl\u0259r\u0259 olan x\u00fcsusi diqq\u0259t n\u00f6vb\u0259ti m\u0259rh\u0259l\u0259nin tarixi \u00f6n\u0259m da\u015f\u0131yaca\u011f\u0131na \u0259min olma\u011fa \u0259sas verir:<\/p>\n<p>&#8220;Perspektivd\u0259 dig\u0259r m\u0259s\u0259l\u0259l\u0259rin d\u0259, ilk n\u00f6vb\u0259d\u0259, t\u0259hl\u00fck\u0259sizlik m\u0259s\u0259l\u0259l\u0259rinin h\u0259lli dayan\u0131r. Bu, \u00fcmumi inki\u015faf\u0131n s\u00fcr\u0259tin\u0259 birba\u015fa t\u0259sir edir&#8221;.<\/p>\n<p>Ekspert qeyd edib ki, Rusiya-Az\u0259rbaycan regionlararas\u0131 forumu ikit\u0259r\u0259fli m\u00fcnasib\u0259tl\u0259rd\u0259 \u0259lam\u0259tdar hadis\u0259 oldu:<\/p>\n<p>&#8220;Forum \u00e7\u0259r\u00e7iv\u0259sind\u0259 ke\u00e7irilmi\u015f &#8220;d\u0259yirmi masalar&#8221; m\u00f6vzu bax\u0131m\u0131ndan ikit\u0259r\u0259fli \u0259m\u0259kda\u015fl\u0131\u011f\u0131n b\u00fct\u00fcn spektrl\u0259rini \u0259hat\u0259 edib. \u0130ndi bir \u00e7ox m\u00fc\u015fahid\u0259\u00e7il\u0259ri Moskva v\u0259 Bak\u0131n\u0131n \u0259m\u0259kda\u015fl\u0131q perspektivl\u0259ri maraqland\u0131r\u0131r, \u00e7\u00fcnki bu amil t\u0259kc\u0259 regional deyil, h\u0259m d\u0259 beyn\u0259lxalq siyas\u0259t \u00fc\u00e7\u00fcn strateji xarakter da\u015f\u0131y\u0131r. Forumun \u0259h\u0259miyy\u0259ti Az\u0259rbaycan\u0131n Birinci vitse-prezidenti Mehriban \u018fliyevan\u0131n \u015f\u0259xs\u0259n i\u015ftirak\u0131 il\u0259 vur\u011fulan\u0131b. H\u0259m d\u0259 o, bu v\u0259zif\u0259d\u0259 Moskvaya ilk d\u0259f\u0259 s\u0259f\u0259r edib. S\u0259f\u0259rin \u0259n parlaq m\u0259qamlar\u0131ndan biri Xalq T\u0259s\u0259rr\u00fcfat\u0131 Nailiyy\u0259tl\u0259ri S\u0259rgisind\u0259 &#8220;Az\u0259rbaycan&#8221; pavilyonunun a\u00e7\u0131lmas\u0131 oldu&#8221;.<\/p>\n<p>Onun s\u00f6zl\u0259rin\u0259 g\u00f6r\u0259, rusiyal\u0131lar Birinci vitse-prezident Mehriban \u018fliyeva il\u0259 Rusiyan\u0131n Ba\u015f naziri Dmitri Medvedev aras\u0131ndak\u0131 g\u00f6r\u00fc\u015f zaman\u0131 s\u0259sl\u0259ndiril\u0259n fikirl\u0259r\u0259 b\u00f6y\u00fck diqq\u0259t v\u0259 minn\u0259tdarl\u0131qla yana\u015fd\u0131lar:<\/p>\n<p>&#8220;\u018fsas\u0259n da, Birinci vitse-prezidentin onun \u00fc\u00e7\u00fcn do\u011fma olan &#8220;Moskvaya sevgi v\u0259 Az\u0259rbaycanda rus dilin\u0259 v\u0259 Rusiyaya m\u00fcnasib\u0259t&#8221; bar\u0259d\u0259 s\u00f6zl\u0259ri minn\u0259tdarl\u0131qla qar\u015f\u0131land\u0131&#8221;.<\/p>\n<p>M\u00fcnasib\u0259tl\u0259rin \u00fcmumi strategiyas\u0131na g\u0259ldikd\u0259 is\u0259, ekspert bildirib ki, bu strategiya ke\u00e7\u0259n il Az\u0259rbaycan Prezidenti \u0130lham \u018fliyev v\u0259 Rusiya Prezidenti Vladimir Putin aras\u0131nda So\u00e7i sammitind\u0259 m\u00fcvafiq &#8220;yol x\u0259rit\u0259l\u0259ri&#8221; imzalanark\u0259n m\u00fc\u0259yy\u0259n edilib:<\/p>\n<p>&#8220;Hesab edir\u0259m ki, indi yaln\u0131z m\u00fc\u0259yy\u0259n edil\u0259n m\u0259qamlar\u0131 realla\u015fd\u0131rmaq laz\u0131md\u0131r, \u00e7\u00fcnki bu, art\u0131q layih\u0259 yox, reall\u0131qd\u0131r. Moskvada ke\u00e7irilmi\u015f forum da bu tap\u015f\u0131r\u0131\u011f\u0131n \u00f6hd\u0259sind\u0259n u\u011furla g\u0259ldi, \u00e7\u00fcnki iki \u00f6lk\u0259nin i\u015fg\u00fczar dair\u0259l\u0259ri m\u0259hz konrkretlik bar\u0259d\u0259 dan\u0131\u015f\u0131blar&#8221;.<\/p>\n","protected":false},"excerpt":{"rendered":"<p>Az\u0259rbaycan\u0131n Birinci vitse-prezidenti Mehriban \u018fliyeva regionlararas\u0131 forumdan sonra inki\u015faf\u0131n yeni d\u00f6vr\u00fcn\u0259 q\u0259d\u0259m qoymu\u015f Rusiya-Az\u0259rbaycan m\u00fcnasib\u0259tl\u0259rinin inki\u015faf\u0131na b\u00f6y\u00fck t\u00f6hf\u0259 verir. ARANTV.AZ x\u0259b\u0259r verir ki, bunu\u00a0Trend-\u0259 rusiyal\u0131 ekspert Qriqori Trofim\u00e7uk deyib. Onun s\u00f6zl\u0259rin\u0259 g\u00f6r\u0259, Bak\u0131 v\u0259 Moskvada ikit\u0259r\u0259fli m\u00fcnasib\u0259tl\u0259r\u0259 olan x\u00fcsusi diqq\u0259t n\u00f6vb\u0259ti m\u0259rh\u0259l\u0259nin tarixi \u00f6n\u0259m da\u015f\u0131yaca\u011f\u0131na \u0259min olma\u011fa \u0259sas verir: &#8220;Perspektivd\u0259 dig\u0259r m\u0259s\u0259l\u0259l\u0259rin d\u0259, ilk n\u00f6vb\u0259d\u0259, t\u0259hl\u00fck\u0259sizlik m\u0259s\u0259l\u0259l\u0259rinin h\u0259lli dayan\u0131r. Bu, \u00fcmumi inki\u015faf\u0131n s\u00fcr\u0259tin\u0259 birba\u015fa t\u0259sir edir&#8221;. Ekspert qeyd edib ki, Rusiya-Az\u0259rbaycan regionlararas\u0131 forumu ikit\u0259r\u0259fli m\u00fcnasib\u0259tl\u0259rd\u0259 \u0259lam\u0259tdar hadis\u0259 oldu: &#8220;Forum \u00e7\u0259r\u00e7iv\u0259sind\u0259 ke\u00e7irilmi\u015f &#8220;d\u0259yirmi masalar&#8221; m\u00f6vzu bax\u0131m\u0131ndan ikit\u0259r\u0259fli \u0259m\u0259kda\u015fl\u0131\u011f\u0131n b\u00fct\u00fcn spektrl\u0259rini \u0259hat\u0259&hellip;<\/p>\n","protected":false},"author":2,"featured_media":100452,"comment_status":"closed","ping_status":"closed","sticky":false,"template":"","format":"standard","meta":{"om_disable_all_campaigns":false,"_monsterinsights_skip_tracking":false,"_monsterinsights_sitenote_active":false,"_monsterinsights_sitenote_note":"","_monsterinsights_sitenote_category":0},"categories":[4],"tags":[],"aioseo_notices":[],"gutentor_comment":0,"rttpg_featured_image_url":{"full":["https:\/\/arantv.az\/wp-content\/uploads\/2019\/11\/805006.jpg",800,600,false],"landscape":["https:\/\/arantv.az\/wp-content\/uploads\/2019\/11\/805006.jpg",800,600,false],"portraits":["https:\/\/arantv.az\/wp-content\/uploads\/2019\/11\/805006.jpg",800,600,false],"thumbnail":["https:\/\/arantv.az\/wp-content\/uploads\/2019\/11\/805006-150x150.jpg",150,150,true],"medium":["https:\/\/arantv.az\/wp-content\/uploads\/2019\/11\/805006-300x225.jpg",300,225,true],"large":["https:\/\/arantv.az\/wp-content\/uploads\/2019\/11\/805006.jpg",640,480,false],"1536x1536":["https:\/\/arantv.az\/wp-content\/uploads\/2019\/11\/805006.jpg",800,600,false],"2048x2048":["https:\/\/arantv.az\/wp-content\/uploads\/2019\/11\/805006.jpg",800,600,false],"post-thumbnail":["https:\/\/arantv.az\/wp-content\/uploads\/2019\/11\/805006-240x172.jpg",240,172,true],"advps-thumb-one":["https:\/\/arantv.az\/wp-content\/uploads\/2019\/11\/805006.jpg",800,600,false]},"rttpg_author":{"display_name":"V\u00fcsal Rafiqo\u011flu","author_link":"https:\/\/arantv.az\/?author=2"},"rttpg_comment":0,"rttpg_category":"<a href=\"https:\/\/arantv.az\/?cat=4\" rel=\"category\">Siyas\u0259t<\/a>","rttpg_excerpt":"Az\u0259rbaycan\u0131n Birinci vitse-prezidenti Mehriban \u018fliyeva regionlararas\u0131 forumdan sonra inki\u015faf\u0131n yeni d\u00f6vr\u00fcn\u0259 q\u0259d\u0259m qoymu\u015f Rusiya-Az\u0259rbaycan m\u00fcnasib\u0259tl\u0259rinin inki\u015faf\u0131na b\u00f6y\u00fck t\u00f6hf\u0259 verir. ARANTV.AZ x\u0259b\u0259r verir ki, bunu\u00a0Trend-\u0259 rusiyal\u0131 ekspert Qriqori Trofim\u00e7uk deyib. Onun s\u00f6zl\u0259rin\u0259 g\u00f6r\u0259, Bak\u0131 v\u0259 Moskvada ikit\u0259r\u0259fli m\u00fcnasib\u0259tl\u0259r\u0259 olan x\u00fcsusi diqq\u0259t n\u00f6vb\u0259ti m\u0259rh\u0259l\u0259nin tarixi \u00f6n\u0259m da\u015f\u0131yaca\u011f\u0131na \u0259min olma\u011fa \u0259sas verir: &#8220;Perspektivd\u0259 dig\u0259r m\u0259s\u0259l\u0259l\u0259rin d\u0259, ilk n\u00f6vb\u0259d\u0259,&hellip;","_links":{"self":[{"href":"https:\/\/arantv.az\/index.php?rest_route=\/wp\/v2\/posts\/100451"}],"collection":[{"href":"https:\/\/arantv.az\/index.php?rest_route=\/wp\/v2\/posts"}],"about":[{"href":"https:\/\/arantv.az\/index.php?rest_route=\/wp\/v2\/types\/post"}],"author":[{"embeddable":true,"href":"https:\/\/arantv.az\/index.php?rest_route=\/wp\/v2\/users\/2"}],"replies":[{"embeddable":true,"href":"https:\/\/arantv.az\/index.php?rest_route=%2Fwp%2Fv2%2Fcomments&post=100451"}],"version-history":[{"count":0,"href":"https:\/\/arantv.az\/index.php?rest_route=\/wp\/v2\/posts\/100451\/revisions"}],"wp:featuredmedia":[{"embeddable":true,"href":"https:\/\/arantv.az\/index.php?rest_route=\/wp\/v2\/media\/100452"}],"wp:attachment":[{"href":"https:\/\/arantv.az\/index.php?rest_route=%2Fwp%2Fv2%2Fmedia&parent=100451"}],"wp:term":[{"taxonomy":"category","embeddable":true,"href":"https:\/\/arantv.az\/index.php?rest_route=%2Fwp%2Fv2%2Fcategories&post=100451"},{"taxonomy":"post_tag","embeddable":true,"href":"https:\/\/arantv.az\/index.php?rest_route=%2Fwp%2Fv2%2Ftags&post=100451"}],"curies":[{"name":"wp","href":"https:\/\/api.w.org\/{rel}","templated":true}]}}