{"id":100503,"date":"2019-11-25T12:19:53","date_gmt":"2019-11-25T09:19:53","guid":{"rendered":"http:\/\/arantv.az\/?p=100503"},"modified":"2019-11-25T12:19:53","modified_gmt":"2019-11-25T09:19:53","slug":"mill%c9%99t-v%c9%99kili-m%c9%99cburi-kockunl%c9%99rl%c9%99-bagli-q%c9%99rari-t%c9%99nqid-etdi","status":"publish","type":"post","link":"https:\/\/arantv.az\/?p=100503","title":{"rendered":"Mill\u0259t v\u0259kili m\u0259cburi k\u00f6\u00e7k\u00fcnl\u0259rl\u0259 ba\u011fl\u0131 q\u0259rar\u0131 T\u018fNQ\u0130D ETD\u0130"},"content":{"rendered":"<p>Milli M\u0259clisin deputat\u0131 Elman M\u0259mm\u0259dov Nazirl\u0259r Kabinetinin 2017-ci ild\u0259 m\u0259cburi k\u00f6\u00e7k\u00fcnl\u0259rl\u0259 ba\u011fl\u0131 q\u0259bul etdiyi q\u0259rar\u0131n\u0131 t\u0259nqid edib.<\/p>\n<p><b>ARANTV.AZ\u00a0<\/b> x\u0259b\u0259r verir ki, deputat Elman M\u0259mm\u0259dov Az\u0259rbaycanda m\u0259cburi k\u00f6\u00e7k\u00fcnl\u0259r\u0259 d\u00f6vl\u0259t ba\u015f\u00e7\u0131s\u0131 t\u0259r\u0259find\u0259n h\u0259r zaman y\u00fcks\u0259k diqq\u0259t v\u0259 qay\u011f\u0131n\u0131n g\u00f6st\u0259rildiyini deyib.<\/p>\n<div><\/div>\n<p>Deputat qeyd edib ki, \u00f6lk\u0259 ba\u015f\u00e7\u0131s\u0131 b\u00fct\u00fcn \u00e7\u0131x\u0131\u015flar\u0131nda bildirib ki, m\u0259cburi k\u00f6\u00e7k\u00fcnl\u0259r\u0259, \u015f\u0259hid ail\u0259l\u0259rin\u0259, \u0259lill\u0259r\u0259 diqq\u0259tl\u0259 yana\u015fmaq laz\u0131md\u0131r:<br \/>\n&#8220;H\u00f6kum\u0259t d\u0259 bu sah\u0259d\u0259 d\u00f6vl\u0259t ba\u015f\u00e7\u0131s\u0131n\u0131n qar\u015f\u0131ya qoydu\u011fu v\u0259zif\u0259l\u0259ri icra edir v\u0259 etm\u0259y\u0259 \u00e7al\u0131\u015f\u0131r. Amma b\u0259z\u0259n kiml\u0259rins\u0259 m\u00f6vqeyi n\u0259tic\u0259sind\u0259 el\u0259 q\u0259rarlar verilir ki, bu q\u0259rarlar m\u0259cburi k\u00f6\u00e7k\u00fcnl\u0259r statusuna malik olan bir qrup insan\u0131n yolunun ba\u011flanmas\u0131na g\u0259tirib \u00e7\u0131xar\u0131r. M\u0259s\u0259l\u0259n, m\u0259n Nazirl\u0259r Kabinetinin 2017-ci il 24 yanvar 11 n\u00f6mr\u0259li q\u0259rar\u0131n\u0131 diqq\u0259tiniz\u0259 \u00e7atd\u0131r\u0131ram. Bu q\u0259rarda m\u00fcavin\u0259tl\u0259rin \u00f6d\u0259nilm\u0259si qaydas\u0131 \u00f6z \u0259ksini tap\u0131b. \u0130st\u0259yir\u0259m ki, h\u00f6kum\u0259t \u00fczvl\u0259ri m\u0259cburi k\u00f6\u00e7k\u00fcn d\u00fc\u015fd\u00fckd\u0259n sonra m\u0259nzil qanunvericiliyin\u0259 v\u0259 ya m\u00fclki-h\u00fcquqi \u0259qdl\u0259r\u0259 \u0259sas\u0259n ayr\u0131ca ya\u015fay\u0131\u015f sah\u0259si \u0259ld\u0259 ed\u0259n, sonradan h\u0259min ya\u015fay\u0131\u015f sah\u0259sini ba\u015fqa \u015f\u0259xs\u0259 satan, ba\u011f\u0131\u015flayan m\u0259cburi k\u00f6\u00e7k\u00fcnl\u0259r\u0259 v\u0259 onlarla birlikd\u0259 ya\u015fayan ail\u0259 \u00fczvl\u0259rin\u0259 m\u00fcavin\u0259t verilm\u0259m\u0259sini n\u0259z\u0259rd\u0259 tutan q\u0259rara diqq\u0259t yetirsinl\u0259r. Bu, ziddiyy\u0259t t\u0259\u015fkil edir ax\u0131. Dig\u0259r bir b\u0259ndd\u0259 is\u0259 qeyd edilib ki, m\u0259cburi k\u00f6\u00e7k\u00fcn olan qad\u0131n m\u0259cburi k\u00f6\u00e7k\u00fcn olmayan birin\u0259 \u0259r\u0259 gedibs\u0259, onlardan olan u\u015fa\u011fa m\u00fcavin\u0259t verilm\u0259sin. Bu, hans\u0131 m\u0259ntiq\u0259 s\u0131\u011f\u0131r?&#8221;Sonxeber.az<\/p>\n","protected":false},"excerpt":{"rendered":"<p>Milli M\u0259clisin deputat\u0131 Elman M\u0259mm\u0259dov Nazirl\u0259r Kabinetinin 2017-ci ild\u0259 m\u0259cburi k\u00f6\u00e7k\u00fcnl\u0259rl\u0259 ba\u011fl\u0131 q\u0259bul etdiyi q\u0259rar\u0131n\u0131 t\u0259nqid edib. ARANTV.AZ\u00a0 x\u0259b\u0259r verir ki, deputat Elman M\u0259mm\u0259dov Az\u0259rbaycanda m\u0259cburi k\u00f6\u00e7k\u00fcnl\u0259r\u0259 d\u00f6vl\u0259t ba\u015f\u00e7\u0131s\u0131 t\u0259r\u0259find\u0259n h\u0259r zaman y\u00fcks\u0259k diqq\u0259t v\u0259 qay\u011f\u0131n\u0131n g\u00f6st\u0259rildiyini deyib. Deputat qeyd edib ki, \u00f6lk\u0259 ba\u015f\u00e7\u0131s\u0131 b\u00fct\u00fcn \u00e7\u0131x\u0131\u015flar\u0131nda bildirib ki, m\u0259cburi k\u00f6\u00e7k\u00fcnl\u0259r\u0259, \u015f\u0259hid ail\u0259l\u0259rin\u0259, \u0259lill\u0259r\u0259 diqq\u0259tl\u0259 yana\u015fmaq laz\u0131md\u0131r: &#8220;H\u00f6kum\u0259t d\u0259 bu sah\u0259d\u0259 d\u00f6vl\u0259t ba\u015f\u00e7\u0131s\u0131n\u0131n qar\u015f\u0131ya qoydu\u011fu v\u0259zif\u0259l\u0259ri icra edir v\u0259 etm\u0259y\u0259 \u00e7al\u0131\u015f\u0131r. Amma b\u0259z\u0259n kiml\u0259rins\u0259 m\u00f6vqeyi n\u0259tic\u0259sind\u0259 el\u0259 q\u0259rarlar verilir ki, bu q\u0259rarlar m\u0259cburi k\u00f6\u00e7k\u00fcnl\u0259r statusuna malik olan bir qrup insan\u0131n yolunun&hellip;<\/p>\n","protected":false},"author":2,"featured_media":100504,"comment_status":"closed","ping_status":"closed","sticky":false,"template":"","format":"standard","meta":{"om_disable_all_campaigns":false,"_monsterinsights_skip_tracking":false,"_monsterinsights_sitenote_active":false,"_monsterinsights_sitenote_note":"","_monsterinsights_sitenote_category":0},"categories":[1],"tags":[],"aioseo_notices":[],"gutentor_comment":0,"rttpg_featured_image_url":{"full":["https:\/\/arantv.az\/wp-content\/uploads\/2019\/11\/elman-memmedov-foto-yeni_1569918000.jpg",500,314,false],"landscape":["https:\/\/arantv.az\/wp-content\/uploads\/2019\/11\/elman-memmedov-foto-yeni_1569918000.jpg",500,314,false],"portraits":["https:\/\/arantv.az\/wp-content\/uploads\/2019\/11\/elman-memmedov-foto-yeni_1569918000.jpg",500,314,false],"thumbnail":["https:\/\/arantv.az\/wp-content\/uploads\/2019\/11\/elman-memmedov-foto-yeni_1569918000-150x150.jpg",150,150,true],"medium":["https:\/\/arantv.az\/wp-content\/uploads\/2019\/11\/elman-memmedov-foto-yeni_1569918000-300x188.jpg",300,188,true],"large":["https:\/\/arantv.az\/wp-content\/uploads\/2019\/11\/elman-memmedov-foto-yeni_1569918000.jpg",500,314,false],"1536x1536":["https:\/\/arantv.az\/wp-content\/uploads\/2019\/11\/elman-memmedov-foto-yeni_1569918000.jpg",500,314,false],"2048x2048":["https:\/\/arantv.az\/wp-content\/uploads\/2019\/11\/elman-memmedov-foto-yeni_1569918000.jpg",500,314,false],"post-thumbnail":["https:\/\/arantv.az\/wp-content\/uploads\/2019\/11\/elman-memmedov-foto-yeni_1569918000-240x172.jpg",240,172,true],"advps-thumb-one":["https:\/\/arantv.az\/wp-content\/uploads\/2019\/11\/elman-memmedov-foto-yeni_1569918000.jpg",500,314,false]},"rttpg_author":{"display_name":"V\u00fcsal Rafiqo\u011flu","author_link":"https:\/\/arantv.az\/?author=2"},"rttpg_comment":0,"rttpg_category":"<a href=\"https:\/\/arantv.az\/?cat=1\" rel=\"category\">C\u0259miyy\u0259t<\/a>","rttpg_excerpt":"Milli M\u0259clisin deputat\u0131 Elman M\u0259mm\u0259dov Nazirl\u0259r Kabinetinin 2017-ci ild\u0259 m\u0259cburi k\u00f6\u00e7k\u00fcnl\u0259rl\u0259 ba\u011fl\u0131 q\u0259bul etdiyi q\u0259rar\u0131n\u0131 t\u0259nqid edib. ARANTV.AZ\u00a0 x\u0259b\u0259r verir ki, deputat Elman M\u0259mm\u0259dov Az\u0259rbaycanda m\u0259cburi k\u00f6\u00e7k\u00fcnl\u0259r\u0259 d\u00f6vl\u0259t ba\u015f\u00e7\u0131s\u0131 t\u0259r\u0259find\u0259n h\u0259r zaman y\u00fcks\u0259k diqq\u0259t v\u0259 qay\u011f\u0131n\u0131n g\u00f6st\u0259rildiyini deyib. Deputat qeyd edib ki, \u00f6lk\u0259 ba\u015f\u00e7\u0131s\u0131 b\u00fct\u00fcn \u00e7\u0131x\u0131\u015flar\u0131nda bildirib ki, m\u0259cburi k\u00f6\u00e7k\u00fcnl\u0259r\u0259, \u015f\u0259hid ail\u0259l\u0259rin\u0259, \u0259lill\u0259r\u0259 diqq\u0259tl\u0259 yana\u015fmaq&hellip;","_links":{"self":[{"href":"https:\/\/arantv.az\/index.php?rest_route=\/wp\/v2\/posts\/100503"}],"collection":[{"href":"https:\/\/arantv.az\/index.php?rest_route=\/wp\/v2\/posts"}],"about":[{"href":"https:\/\/arantv.az\/index.php?rest_route=\/wp\/v2\/types\/post"}],"author":[{"embeddable":true,"href":"https:\/\/arantv.az\/index.php?rest_route=\/wp\/v2\/users\/2"}],"replies":[{"embeddable":true,"href":"https:\/\/arantv.az\/index.php?rest_route=%2Fwp%2Fv2%2Fcomments&post=100503"}],"version-history":[{"count":0,"href":"https:\/\/arantv.az\/index.php?rest_route=\/wp\/v2\/posts\/100503\/revisions"}],"wp:featuredmedia":[{"embeddable":true,"href":"https:\/\/arantv.az\/index.php?rest_route=\/wp\/v2\/media\/100504"}],"wp:attachment":[{"href":"https:\/\/arantv.az\/index.php?rest_route=%2Fwp%2Fv2%2Fmedia&parent=100503"}],"wp:term":[{"taxonomy":"category","embeddable":true,"href":"https:\/\/arantv.az\/index.php?rest_route=%2Fwp%2Fv2%2Fcategories&post=100503"},{"taxonomy":"post_tag","embeddable":true,"href":"https:\/\/arantv.az\/index.php?rest_route=%2Fwp%2Fv2%2Ftags&post=100503"}],"curies":[{"name":"wp","href":"https:\/\/api.w.org\/{rel}","templated":true}]}}