{"id":100517,"date":"2019-11-25T13:31:50","date_gmt":"2019-11-25T10:31:50","guid":{"rendered":"http:\/\/arantv.az\/?p=100517"},"modified":"2019-11-25T13:31:50","modified_gmt":"2019-11-25T10:31:50","slug":"sabuncuda-yol-b%c9%99rbad-haldadir-foto","status":"publish","type":"post","link":"https:\/\/arantv.az\/?p=100517","title":{"rendered":"Sabun\u00e7uda yol b\u0259rbad haldad\u0131r &#8211; FOTO"},"content":{"rendered":"<p>Bak\u0131n\u0131n Sabun\u00e7u rayonunda yol b\u0259rbad v\u0259ziyy\u0259td\u0259dir.<\/p>\n<p><b>ARANTV.AZ\u00a0<\/b> x\u0259b\u0259r verir ki, Ramana q\u0259s\u0259b\u0259si, \u015eu\u015fa \u015f\u0259h\u0259rciyinin sakinl\u0259ri yolsuzluqdan \u0259ziyy\u0259t \u00e7\u0259kir.<\/p>\n<p>Sakinl\u0259r bildirir ki, \u015f\u0259h\u0259rciyin giri\u015f hiss\u0259sin\u0259 yol \u00e7\u0259kils\u0259 d\u0259, daxili k\u00fc\u00e7\u0259l\u0259r b\u0259rbad haldad\u0131r. D\u0259f\u0259l\u0259rl\u0259 aidiyy\u0259ti qurumlara, el\u0259c\u0259 d\u0259, Rayon\u00a0\u0130cra Hakimiyy\u0259tin\u0259 m\u00fcraci\u0259t ets\u0259l\u0259r d\u0259, onlar\u0131n \u015fikay\u0259tin\u0259 bax\u0131lmay\u0131b.<\/p>\n<div id=\"AdviadNativeVideo0\" class=\"AdviadNativeVideo\"><\/div>\n<p>Yolla ba\u011fl\u0131 problem q\u0131\u015f aylar\u0131nda daha aktual olur. Bir ne\u00e7\u0259 g\u00fcnd\u00fcr ya\u011fan ya\u011f\u0131\u015f\u00a0onlar\u0131n gedi\u015f-g\u0259li\u015find\u0259 \u00e7\u0259tinlikl\u0259r yarad\u0131b.<\/p>\n<p>M\u0259s\u0259l\u0259 il\u0259 ba\u011fl\u0131 Sabun\u00e7u Rayon \u0130cra Hakimiyy\u0259tind\u0259n\u00a0Oxu.Az-a bildirilib\u00a0ki, yol problemini onlar h\u0259ll etmir:<\/p>\n<p>\u201cYollar\u0131 \u0130cra Hakimiyy\u0259ti \u00e7\u0259kmir. Bunun biz\u0259 d\u0259xli yoxdur\u201d.<\/p>\n<div class=\"gallery\">\n<div class=\"gallery-i\"><img src=\"https:\/\/assets.oxu.az\/uploads\/W1siZiIsIjIwMTkvMTEvMjUvMTIvMzEvNTEvMGI2OWI4ZDUtMWY1ZS00MDNlLWFmMmEtMDczZjNhNDZiNzA1L3kxLnBuZyJdLFsicCIsImVuY29kZSIsImpwZyIsIi1xdWFsaXR5IDgwIl0sWyJwIiwidGh1bWIiLCI1OTB4NTkwXHUwMDNlIl0sWyJwIiwid2F0ZXJtYXJrIl1d?sha=172134e395e0e154\" alt=\"\" \/><\/p>\n<div class=\"gallery-i-caption\"><\/div>\n<\/div>\n<div class=\"gallery-i\"><img src=\"https:\/\/assets.oxu.az\/uploads\/W1siZiIsIjIwMTkvMTEvMjUvMTIvMzEvNTIvYTk3MGFjNDktNzRmYi00ZTUwLTk5NjEtMjFmYzdlNTRhMmIwL3kyLnBuZyJdLFsicCIsImVuY29kZSIsImpwZyIsIi1xdWFsaXR5IDgwIl0sWyJwIiwidGh1bWIiLCI1OTB4NTkwXHUwMDNlIl0sWyJwIiwid2F0ZXJtYXJrIl1d?sha=350001441ebcadd9\" alt=\"\" \/><\/p>\n<div class=\"gallery-i-caption\"><\/div>\n<\/div>\n<div class=\"gallery-i\"><img src=\"https:\/\/assets.oxu.az\/uploads\/W1siZiIsIjIwMTkvMTEvMjUvMTIvMzEvNTIvNWNjYjBiMzktNjAwNy00Yjg1LWEyODYtNzE4MjM4NGZkNGUwL3kzLnBuZyJdLFsicCIsImVuY29kZSIsImpwZyIsIi1xdWFsaXR5IDgwIl0sWyJwIiwidGh1bWIiLCI1OTB4NTkwXHUwMDNlIl0sWyJwIiwid2F0ZXJtYXJrIl1d?sha=893281da48a46fb1\" alt=\"\" \/><\/p>\n<div class=\"gallery-i-caption\"><\/div>\n<\/div>\n<div class=\"gallery-i\"><img src=\"https:\/\/assets.oxu.az\/uploads\/W1siZiIsIjIwMTkvMTEvMjUvMTIvMzEvNTIvODFlZGU5ZTMtOTM1ZC00ODM0LWI1NWItY2FmMGEyYzg2MjZlL3k0LnBuZyJdLFsicCIsImVuY29kZSIsImpwZyIsIi1xdWFsaXR5IDgwIl0sWyJwIiwidGh1bWIiLCI1OTB4NTkwXHUwMDNlIl0sWyJwIiwid2F0ZXJtYXJrIl1d?sha=9787c23df7891df8\" alt=\"\" \/><\/div>\n<\/div>\n","protected":false},"excerpt":{"rendered":"<p>Bak\u0131n\u0131n Sabun\u00e7u rayonunda yol b\u0259rbad v\u0259ziyy\u0259td\u0259dir. ARANTV.AZ\u00a0 x\u0259b\u0259r verir ki, Ramana q\u0259s\u0259b\u0259si, \u015eu\u015fa \u015f\u0259h\u0259rciyinin sakinl\u0259ri yolsuzluqdan \u0259ziyy\u0259t \u00e7\u0259kir. Sakinl\u0259r bildirir ki, \u015f\u0259h\u0259rciyin giri\u015f hiss\u0259sin\u0259 yol \u00e7\u0259kils\u0259 d\u0259, daxili k\u00fc\u00e7\u0259l\u0259r b\u0259rbad haldad\u0131r. D\u0259f\u0259l\u0259rl\u0259 aidiyy\u0259ti qurumlara, el\u0259c\u0259 d\u0259, Rayon\u00a0\u0130cra Hakimiyy\u0259tin\u0259 m\u00fcraci\u0259t ets\u0259l\u0259r d\u0259, onlar\u0131n \u015fikay\u0259tin\u0259 bax\u0131lmay\u0131b. Yolla ba\u011fl\u0131 problem q\u0131\u015f aylar\u0131nda daha aktual olur. Bir ne\u00e7\u0259 g\u00fcnd\u00fcr ya\u011fan ya\u011f\u0131\u015f\u00a0onlar\u0131n gedi\u015f-g\u0259li\u015find\u0259 \u00e7\u0259tinlikl\u0259r yarad\u0131b. M\u0259s\u0259l\u0259 il\u0259 ba\u011fl\u0131 Sabun\u00e7u Rayon \u0130cra Hakimiyy\u0259tind\u0259n\u00a0Oxu.Az-a bildirilib\u00a0ki, yol problemini onlar h\u0259ll etmir: \u201cYollar\u0131 \u0130cra Hakimiyy\u0259ti \u00e7\u0259kmir. Bunun biz\u0259 d\u0259xli yoxdur\u201d.<\/p>\n","protected":false},"author":2,"featured_media":100518,"comment_status":"closed","ping_status":"closed","sticky":false,"template":"","format":"standard","meta":{"om_disable_all_campaigns":false,"_monsterinsights_skip_tracking":false,"_monsterinsights_sitenote_active":false,"_monsterinsights_sitenote_note":"","_monsterinsights_sitenote_category":0},"categories":[1],"tags":[],"aioseo_notices":[],"gutentor_comment":0,"rttpg_featured_image_url":{"full":["https:\/\/arantv.az\/wp-content\/uploads\/2019\/11\/FotoJet-5.jpg",620,406,false],"landscape":["https:\/\/arantv.az\/wp-content\/uploads\/2019\/11\/FotoJet-5.jpg",620,406,false],"portraits":["https:\/\/arantv.az\/wp-content\/uploads\/2019\/11\/FotoJet-5.jpg",620,406,false],"thumbnail":["https:\/\/arantv.az\/wp-content\/uploads\/2019\/11\/FotoJet-5-150x150.jpg",150,150,true],"medium":["https:\/\/arantv.az\/wp-content\/uploads\/2019\/11\/FotoJet-5-300x196.jpg",300,196,true],"large":["https:\/\/arantv.az\/wp-content\/uploads\/2019\/11\/FotoJet-5.jpg",620,406,false],"1536x1536":["https:\/\/arantv.az\/wp-content\/uploads\/2019\/11\/FotoJet-5.jpg",620,406,false],"2048x2048":["https:\/\/arantv.az\/wp-content\/uploads\/2019\/11\/FotoJet-5.jpg",620,406,false],"post-thumbnail":["https:\/\/arantv.az\/wp-content\/uploads\/2019\/11\/FotoJet-5-240x172.jpg",240,172,true],"advps-thumb-one":["https:\/\/arantv.az\/wp-content\/uploads\/2019\/11\/FotoJet-5.jpg",620,406,false]},"rttpg_author":{"display_name":"V\u00fcsal Rafiqo\u011flu","author_link":"https:\/\/arantv.az\/?author=2"},"rttpg_comment":0,"rttpg_category":"<a href=\"https:\/\/arantv.az\/?cat=1\" rel=\"category\">C\u0259miyy\u0259t<\/a>","rttpg_excerpt":"Bak\u0131n\u0131n Sabun\u00e7u rayonunda yol b\u0259rbad v\u0259ziyy\u0259td\u0259dir. ARANTV.AZ\u00a0 x\u0259b\u0259r verir ki, Ramana q\u0259s\u0259b\u0259si, \u015eu\u015fa \u015f\u0259h\u0259rciyinin sakinl\u0259ri yolsuzluqdan \u0259ziyy\u0259t \u00e7\u0259kir. Sakinl\u0259r bildirir ki, \u015f\u0259h\u0259rciyin giri\u015f hiss\u0259sin\u0259 yol \u00e7\u0259kils\u0259 d\u0259, daxili k\u00fc\u00e7\u0259l\u0259r b\u0259rbad haldad\u0131r. D\u0259f\u0259l\u0259rl\u0259 aidiyy\u0259ti qurumlara, el\u0259c\u0259 d\u0259, Rayon\u00a0\u0130cra Hakimiyy\u0259tin\u0259 m\u00fcraci\u0259t ets\u0259l\u0259r d\u0259, onlar\u0131n \u015fikay\u0259tin\u0259 bax\u0131lmay\u0131b. Yolla ba\u011fl\u0131 problem q\u0131\u015f aylar\u0131nda daha aktual olur. Bir ne\u00e7\u0259 g\u00fcnd\u00fcr&hellip;","_links":{"self":[{"href":"https:\/\/arantv.az\/index.php?rest_route=\/wp\/v2\/posts\/100517"}],"collection":[{"href":"https:\/\/arantv.az\/index.php?rest_route=\/wp\/v2\/posts"}],"about":[{"href":"https:\/\/arantv.az\/index.php?rest_route=\/wp\/v2\/types\/post"}],"author":[{"embeddable":true,"href":"https:\/\/arantv.az\/index.php?rest_route=\/wp\/v2\/users\/2"}],"replies":[{"embeddable":true,"href":"https:\/\/arantv.az\/index.php?rest_route=%2Fwp%2Fv2%2Fcomments&post=100517"}],"version-history":[{"count":0,"href":"https:\/\/arantv.az\/index.php?rest_route=\/wp\/v2\/posts\/100517\/revisions"}],"wp:featuredmedia":[{"embeddable":true,"href":"https:\/\/arantv.az\/index.php?rest_route=\/wp\/v2\/media\/100518"}],"wp:attachment":[{"href":"https:\/\/arantv.az\/index.php?rest_route=%2Fwp%2Fv2%2Fmedia&parent=100517"}],"wp:term":[{"taxonomy":"category","embeddable":true,"href":"https:\/\/arantv.az\/index.php?rest_route=%2Fwp%2Fv2%2Fcategories&post=100517"},{"taxonomy":"post_tag","embeddable":true,"href":"https:\/\/arantv.az\/index.php?rest_route=%2Fwp%2Fv2%2Ftags&post=100517"}],"curies":[{"name":"wp","href":"https:\/\/api.w.org\/{rel}","templated":true}]}}