{"id":100586,"date":"2019-11-25T14:45:32","date_gmt":"2019-11-25T11:45:32","guid":{"rendered":"http:\/\/arantv.az\/?p=100586"},"modified":"2019-11-25T14:45:32","modified_gmt":"2019-11-25T11:45:32","slug":"rossiyskaya-qazeta-n%c9%99srind%c9%99-mehriban-%c9%99liyevanin-musahib%c9%99si-d%c9%99rc-olunub-foto","status":"publish","type":"post","link":"https:\/\/arantv.az\/?p=100586","title":{"rendered":"\u201cRossiyskaya qazeta\u201d n\u0259\u015frind\u0259 Mehriban \u018fliyevan\u0131n m\u00fcsahib\u0259si d\u0259rc olunub &#8211; FOTO"},"content":{"rendered":"<p>Az\u0259rbaycan Respublikas\u0131n\u0131n Birinci vitse-prezidenti Mehriban \u018fliyeva Rusiya Federasiyas\u0131na r\u0259smi s\u0259f\u0259ri \u00e7\u0259r\u00e7iv\u0259sind\u0259 TASS \u0130nformasiya Agentliyin\u0259, Rusiyan\u0131n n\u00fcfuzlu r\u0259smi q\u0259zeti olan \u201cRossiyskaya qazeta\u201d n\u0259\u015frin\u0259 v\u0259 \u201cRossiya-24\u201d telekanal\u0131na m\u00fcsahib\u0259 verib.<\/p>\n<p><strong>ARANTV.AZ<\/strong> x\u0259b\u0259r verir ki, Az\u0259rbaycan\u0131n Birinci vitse-prezidentinin m\u00fcsahib\u0259si noyabr\u0131n 24-d\u0259 TASS \u0130nformasiya Agentliyinin v\u0259 \u201cRossiyskaya qazeta\u201dn\u0131n saytlar\u0131nda yerl\u0259\u015fdirilib.<\/p>\n<p>Noyabr\u0131n 25-d\u0259 is\u0259 m\u00fcsahib\u0259 geni\u015f oxucu k\u00fctl\u0259si olan r\u0259smi \u201cRossiyskaya qazeta\u201d n\u0259\u015frind\u0259 d\u0259rc edilib.<\/p>\n<div id=\"AdviadNativeVideo0\" class=\"AdviadNativeVideo\"><\/div>\n<p>Birinci vitse-prezident Mehriban \u018fliyeva m\u00fcsahib\u0259sind\u0259 Rusiyan\u0131n TASS agentliyinin ba\u015f direktorunun birinci m\u00fcavini Mixail Qusman\u0131n suallar\u0131n\u0131 cavabland\u0131r\u0131b, Rusiya Federasiyas\u0131na r\u0259smi s\u0259f\u0259rind\u0259n dan\u0131\u015f\u0131b, \u00f6lk\u0259l\u0259rimizi m\u00f6hk\u0259m dostluq v\u0259 qon\u015fuluq \u0259n\u0259n\u0259l\u0259rinin birl\u0259\u015fdirdiyini, Az\u0259rbaycan-Rusiya \u0259laq\u0259l\u0259rinin strateji t\u0259r\u0259fda\u015fl\u0131q m\u00fcnasib\u0259tl\u0259ri kimi xarakteriz\u0259 olundu\u011funu vur\u011fulay\u0131b, h\u0259yata ke\u00e7iril\u0259n birg\u0259 layih\u0259l\u0259ri qeyd edib.<\/p>\n<p>Birinci vitse-prezident Mehriban \u018fliyeva m\u00fcsahib\u0259d\u0259 iki \u00f6lk\u0259 aras\u0131nda humanitar sah\u0259d\u0259 m\u00fcnasib\u0259tl\u0259rin d\u0259rinl\u0259\u015fm\u0259si istiqam\u0259tind\u0259 g\u00f6r\u00fcl\u0259n i\u015fl\u0259rd\u0259n, Az\u0259rbaycanda rus dilin\u0259 v\u0259 m\u0259d\u0259niyy\u0259tin\u0259 olan diqq\u0259td\u0259n, \u00f6lk\u0259mizd\u0259ki multikultural m\u00fchitd\u0259n, Moskvada Xalq T\u0259s\u0259rr\u00fcfat\u0131 Nailiyy\u0259tl\u0259ri s\u0259rgisind\u0259 yarad\u0131lan \u201cAz\u0259rbaycan\u201d pavilyonundan dan\u0131\u015f\u0131b. Heyd\u0259r \u018fliyev Fondunun \u00e7ox\u015fax\u0259li f\u0259aliyy\u0259tini qeyd ed\u0259n Az\u0259rbaycan\u0131n Birinci vitse-prezidenti m\u00fcsahib\u0259nin sonunda qar\u015f\u0131dan g\u0259l\u0259n Yeni il bayram\u0131 m\u00fcnasib\u0259til\u0259 Az\u0259rbaycan v\u0259 rus xalqlar\u0131na xo\u015f arzular\u0131n\u0131 \u00e7atd\u0131r\u0131b.AZ\u018fRTAC<\/p>\n<div class=\"gallery\">\n<div class=\"gallery-i\"><img src=\"https:\/\/assets.oxu.az\/uploads\/W1siZiIsIjIwMTkvMTEvMjUvMTUvMTkvMzQvNzlmYzVkZDgtNTIzNy00Njg2LWFkZTctMWY1MGZlYTZlOTA0LzE1NzQ2Nzk5NjYzOTQ3MTUzMTI3XzEwMDB4NjY5LmpwZyJdLFsicCIsImVuY29kZSIsImpwZyIsIi1xdWFsaXR5IDgwIl0sWyJwIiwidGh1bWIiLCI1OTB4NTkwXHUwMDNlIl1d?sha=fe7a131f1057d5ff\" alt=\"\" \/><\/p>\n<div class=\"gallery-i-caption\"><\/div>\n<\/div>\n<div class=\"gallery-i\"><img src=\"https:\/\/assets.oxu.az\/uploads\/W1siZiIsIjIwMTkvMTEvMjUvMTUvMTkvMzQvOTNiYTJkYjUtYzcyYi00ZjhhLWI3NTMtMTFlODQ1N2M4NzI5LzE1NzQ2Nzk5NjY0MzQ5MTQzMzk5XzEwMDB4NjY5LmpwZyJdLFsicCIsImVuY29kZSIsImpwZyIsIi1xdWFsaXR5IDgwIl0sWyJwIiwidGh1bWIiLCI1OTB4NTkwXHUwMDNlIl1d?sha=7d152c51455e6cf6\" alt=\"\" \/><\/div>\n<\/div>\n","protected":false},"excerpt":{"rendered":"<p>Az\u0259rbaycan Respublikas\u0131n\u0131n Birinci vitse-prezidenti Mehriban \u018fliyeva Rusiya Federasiyas\u0131na r\u0259smi s\u0259f\u0259ri \u00e7\u0259r\u00e7iv\u0259sind\u0259 TASS \u0130nformasiya Agentliyin\u0259, Rusiyan\u0131n n\u00fcfuzlu r\u0259smi q\u0259zeti olan \u201cRossiyskaya qazeta\u201d n\u0259\u015frin\u0259 v\u0259 \u201cRossiya-24\u201d telekanal\u0131na m\u00fcsahib\u0259 verib. ARANTV.AZ x\u0259b\u0259r verir ki, Az\u0259rbaycan\u0131n Birinci vitse-prezidentinin m\u00fcsahib\u0259si noyabr\u0131n 24-d\u0259 TASS \u0130nformasiya Agentliyinin v\u0259 \u201cRossiyskaya qazeta\u201dn\u0131n saytlar\u0131nda yerl\u0259\u015fdirilib. Noyabr\u0131n 25-d\u0259 is\u0259 m\u00fcsahib\u0259 geni\u015f oxucu k\u00fctl\u0259si olan r\u0259smi \u201cRossiyskaya qazeta\u201d n\u0259\u015frind\u0259 d\u0259rc edilib. Birinci vitse-prezident Mehriban \u018fliyeva m\u00fcsahib\u0259sind\u0259 Rusiyan\u0131n TASS agentliyinin ba\u015f direktorunun birinci m\u00fcavini Mixail Qusman\u0131n suallar\u0131n\u0131 cavabland\u0131r\u0131b, Rusiya Federasiyas\u0131na r\u0259smi s\u0259f\u0259rind\u0259n dan\u0131\u015f\u0131b, \u00f6lk\u0259l\u0259rimizi m\u00f6hk\u0259m dostluq v\u0259 qon\u015fuluq \u0259n\u0259n\u0259l\u0259rinin birl\u0259\u015fdirdiyini, Az\u0259rbaycan-Rusiya \u0259laq\u0259l\u0259rinin strateji&hellip;<\/p>\n","protected":false},"author":2,"featured_media":100587,"comment_status":"closed","ping_status":"closed","sticky":false,"template":"","format":"standard","meta":{"om_disable_all_campaigns":false,"_monsterinsights_skip_tracking":false,"_monsterinsights_sitenote_active":false,"_monsterinsights_sitenote_note":"","_monsterinsights_sitenote_category":0},"categories":[4],"tags":[],"aioseo_notices":[],"gutentor_comment":0,"rttpg_featured_image_url":{"full":["https:\/\/arantv.az\/wp-content\/uploads\/2019\/11\/1557293794_firstvicepresidentazerbaijan_47583761_2046320698788388_7550915121279333286_n.jpg",620,455,false],"landscape":["https:\/\/arantv.az\/wp-content\/uploads\/2019\/11\/1557293794_firstvicepresidentazerbaijan_47583761_2046320698788388_7550915121279333286_n.jpg",620,455,false],"portraits":["https:\/\/arantv.az\/wp-content\/uploads\/2019\/11\/1557293794_firstvicepresidentazerbaijan_47583761_2046320698788388_7550915121279333286_n.jpg",620,455,false],"thumbnail":["https:\/\/arantv.az\/wp-content\/uploads\/2019\/11\/1557293794_firstvicepresidentazerbaijan_47583761_2046320698788388_7550915121279333286_n-150x150.jpg",150,150,true],"medium":["https:\/\/arantv.az\/wp-content\/uploads\/2019\/11\/1557293794_firstvicepresidentazerbaijan_47583761_2046320698788388_7550915121279333286_n-300x220.jpg",300,220,true],"large":["https:\/\/arantv.az\/wp-content\/uploads\/2019\/11\/1557293794_firstvicepresidentazerbaijan_47583761_2046320698788388_7550915121279333286_n.jpg",620,455,false],"1536x1536":["https:\/\/arantv.az\/wp-content\/uploads\/2019\/11\/1557293794_firstvicepresidentazerbaijan_47583761_2046320698788388_7550915121279333286_n.jpg",620,455,false],"2048x2048":["https:\/\/arantv.az\/wp-content\/uploads\/2019\/11\/1557293794_firstvicepresidentazerbaijan_47583761_2046320698788388_7550915121279333286_n.jpg",620,455,false],"post-thumbnail":["https:\/\/arantv.az\/wp-content\/uploads\/2019\/11\/1557293794_firstvicepresidentazerbaijan_47583761_2046320698788388_7550915121279333286_n-240x172.jpg",240,172,true],"advps-thumb-one":["https:\/\/arantv.az\/wp-content\/uploads\/2019\/11\/1557293794_firstvicepresidentazerbaijan_47583761_2046320698788388_7550915121279333286_n.jpg",620,455,false]},"rttpg_author":{"display_name":"V\u00fcsal Rafiqo\u011flu","author_link":"https:\/\/arantv.az\/?author=2"},"rttpg_comment":0,"rttpg_category":"<a href=\"https:\/\/arantv.az\/?cat=4\" rel=\"category\">Siyas\u0259t<\/a>","rttpg_excerpt":"Az\u0259rbaycan Respublikas\u0131n\u0131n Birinci vitse-prezidenti Mehriban \u018fliyeva Rusiya Federasiyas\u0131na r\u0259smi s\u0259f\u0259ri \u00e7\u0259r\u00e7iv\u0259sind\u0259 TASS \u0130nformasiya Agentliyin\u0259, Rusiyan\u0131n n\u00fcfuzlu r\u0259smi q\u0259zeti olan \u201cRossiyskaya qazeta\u201d n\u0259\u015frin\u0259 v\u0259 \u201cRossiya-24\u201d telekanal\u0131na m\u00fcsahib\u0259 verib. ARANTV.AZ x\u0259b\u0259r verir ki, Az\u0259rbaycan\u0131n Birinci vitse-prezidentinin m\u00fcsahib\u0259si noyabr\u0131n 24-d\u0259 TASS \u0130nformasiya Agentliyinin v\u0259 \u201cRossiyskaya qazeta\u201dn\u0131n saytlar\u0131nda yerl\u0259\u015fdirilib. Noyabr\u0131n 25-d\u0259 is\u0259 m\u00fcsahib\u0259 geni\u015f oxucu k\u00fctl\u0259si olan r\u0259smi \u201cRossiyskaya&hellip;","_links":{"self":[{"href":"https:\/\/arantv.az\/index.php?rest_route=\/wp\/v2\/posts\/100586"}],"collection":[{"href":"https:\/\/arantv.az\/index.php?rest_route=\/wp\/v2\/posts"}],"about":[{"href":"https:\/\/arantv.az\/index.php?rest_route=\/wp\/v2\/types\/post"}],"author":[{"embeddable":true,"href":"https:\/\/arantv.az\/index.php?rest_route=\/wp\/v2\/users\/2"}],"replies":[{"embeddable":true,"href":"https:\/\/arantv.az\/index.php?rest_route=%2Fwp%2Fv2%2Fcomments&post=100586"}],"version-history":[{"count":0,"href":"https:\/\/arantv.az\/index.php?rest_route=\/wp\/v2\/posts\/100586\/revisions"}],"wp:featuredmedia":[{"embeddable":true,"href":"https:\/\/arantv.az\/index.php?rest_route=\/wp\/v2\/media\/100587"}],"wp:attachment":[{"href":"https:\/\/arantv.az\/index.php?rest_route=%2Fwp%2Fv2%2Fmedia&parent=100586"}],"wp:term":[{"taxonomy":"category","embeddable":true,"href":"https:\/\/arantv.az\/index.php?rest_route=%2Fwp%2Fv2%2Fcategories&post=100586"},{"taxonomy":"post_tag","embeddable":true,"href":"https:\/\/arantv.az\/index.php?rest_route=%2Fwp%2Fv2%2Ftags&post=100586"}],"curies":[{"name":"wp","href":"https:\/\/api.w.org\/{rel}","templated":true}]}}