{"id":100590,"date":"2019-11-25T14:51:01","date_gmt":"2019-11-25T11:51:01","guid":{"rendered":"http:\/\/arantv.az\/?p=100590"},"modified":"2019-11-25T14:51:01","modified_gmt":"2019-11-25T11:51:01","slug":"macaristanin-bas-naziri-az%c9%99rbaycan-prezidentin%c9%99-t%c9%99brik-m%c9%99ktubu-gond%c9%99rib","status":"publish","type":"post","link":"https:\/\/arantv.az\/?p=100590","title":{"rendered":"Macar\u0131stan\u0131n Ba\u015f Naziri Az\u0259rbaycan Prezidentin\u0259 t\u0259brik m\u0259ktubu g\u00f6nd\u0259rib"},"content":{"rendered":"<p>Macar\u0131stan\u0131n Ba\u015f Naziri Viktor Orban Az\u0259rbaycan Prezidenti, Yeni Az\u0259rbaycan Partiyas\u0131n\u0131n S\u0259dri \u0130lham \u018fliyev\u0259 t\u0259brik m\u0259ktubu g\u00f6nd\u0259rib.<\/p>\n<p><strong>ARANTV.AZ\u00a0<\/strong><a href=\"https:\/\/azertag.az\/\" target=\"_blank\" rel=\"noopener\">AZ\u018fRTAC<\/a>-a istinad\u0259n x\u0259b\u0259r verir ki, t\u0259brikd\u0259 deyilir:<\/p>\n<p>&#8220;H\u00f6rm\u0259tli c\u0259nab Prezident. Yeni Az\u0259rbaycan Partiyas\u0131n\u0131n yaranmas\u0131n\u0131n 27-ci ild\u00f6n\u00fcm\u00fc m\u00fcnasib\u0259til\u0259 \u015f\u0259xs\u0259n \u00f6z ad\u0131mdan v\u0259 s\u0259dri oldu\u011fum Fides &#8211; Macar V\u0259t\u0259nda\u015f \u0130ttifaq\u0131 Partiyas\u0131 ad\u0131ndan Sizi s\u0259mimi q\u0259lbd\u0259n t\u0259brik edir\u0259m. Yeni Az\u0259rbaycan Partiyas\u0131 1992-ci ild\u0259n b\u0259ri Az\u0259rbaycan\u0131n demokratik transformasiyas\u0131nda v\u0259 \u00f6lk\u0259nin inki\u015faf\u0131nda apar\u0131c\u0131 rol oynay\u0131b.<\/p>\n<p>M\u0259mnuniyy\u0259tl\u0259 bildirir\u0259m ki, \u00f6lk\u0259l\u0259rimiz v\u0259 partiyalar\u0131m\u0131z aras\u0131nda xalqlar\u0131m\u0131z\u0131n m\u0259nafeyin\u0259 xidm\u0259t ed\u0259n m\u00fcnasib\u0259tl\u0259r Sizin d\u0259st\u0259yiniz v\u0259 dostlu\u011funuz say\u0259sind\u0259 indi h\u0259mi\u015f\u0259kind\u0259n daha g\u00fccl\u00fcd\u00fcr. Biz, h\u0259m\u00e7inin Yeni Az\u0259rbaycan Partiyas\u0131n\u0131n \u00f6lk\u0259nin Avropa \u0130ttifaq\u0131 il\u0259 \u0259laq\u0259l\u0259rinin g\u00fccl\u0259ndirilm\u0259si y\u00f6n\u00fcnd\u0259 s\u0259yl\u0259rini d\u0259st\u0259kl\u0259yirik. Sizi \u0259min edir\u0259m ki, qar\u015f\u0131dak\u0131 ill\u0259rd\u0259 d\u0259 Avropa Qon\u015fuluq Siyas\u0259tinin inki\u015faf\u0131 Macar\u0131stan\u0131n prioriteti olaraq qalacaqd\u0131r. H\u0259m\u00e7inin \u00fcmid edir\u0259m ki, qar\u015f\u0131l\u0131ql\u0131 maraq do\u011furan m\u0259s\u0259l\u0259l\u0259rd\u0259 partiyalararas\u0131 \u0259laq\u0259l\u0259rimizi daha da d\u0259rinl\u0259\u015fdir\u0259c\u0259yik.<\/p>\n<p>Son onillikl\u0259rd\u0259 Yeni Az\u0259rbaycan Partiyas\u0131 Az\u0259rbaycan\u0131n v\u0259 onun xalq\u0131n\u0131n maraqlar\u0131na u\u011furla xidm\u0259t edib. F\u00fcrs\u0259td\u0259n istifad\u0259 ed\u0259r\u0259k Siz\u0259 m\u00f6hk\u0259m cansa\u011fl\u0131\u011f\u0131 v\u0259 g\u0259l\u0259c\u0259k i\u015fl\u0259rinizd\u0259 yeni u\u011furlar arzulay\u0131ram&#8221;.<\/p>\n","protected":false},"excerpt":{"rendered":"<p>Macar\u0131stan\u0131n Ba\u015f Naziri Viktor Orban Az\u0259rbaycan Prezidenti, Yeni Az\u0259rbaycan Partiyas\u0131n\u0131n S\u0259dri \u0130lham \u018fliyev\u0259 t\u0259brik m\u0259ktubu g\u00f6nd\u0259rib. ARANTV.AZ\u00a0AZ\u018fRTAC-a istinad\u0259n x\u0259b\u0259r verir ki, t\u0259brikd\u0259 deyilir: &#8220;H\u00f6rm\u0259tli c\u0259nab Prezident. Yeni Az\u0259rbaycan Partiyas\u0131n\u0131n yaranmas\u0131n\u0131n 27-ci ild\u00f6n\u00fcm\u00fc m\u00fcnasib\u0259til\u0259 \u015f\u0259xs\u0259n \u00f6z ad\u0131mdan v\u0259 s\u0259dri oldu\u011fum Fides &#8211; Macar V\u0259t\u0259nda\u015f \u0130ttifaq\u0131 Partiyas\u0131 ad\u0131ndan Sizi s\u0259mimi q\u0259lbd\u0259n t\u0259brik edir\u0259m. Yeni Az\u0259rbaycan Partiyas\u0131 1992-ci ild\u0259n b\u0259ri Az\u0259rbaycan\u0131n demokratik transformasiyas\u0131nda v\u0259 \u00f6lk\u0259nin inki\u015faf\u0131nda apar\u0131c\u0131 rol oynay\u0131b. M\u0259mnuniyy\u0259tl\u0259 bildirir\u0259m ki, \u00f6lk\u0259l\u0259rimiz v\u0259 partiyalar\u0131m\u0131z aras\u0131nda xalqlar\u0131m\u0131z\u0131n m\u0259nafeyin\u0259 xidm\u0259t ed\u0259n m\u00fcnasib\u0259tl\u0259r Sizin d\u0259st\u0259yiniz v\u0259 dostlu\u011funuz say\u0259sind\u0259 indi h\u0259mi\u015f\u0259kind\u0259n daha g\u00fccl\u00fcd\u00fcr. Biz, h\u0259m\u00e7inin Yeni&hellip;<\/p>\n","protected":false},"author":2,"featured_media":100591,"comment_status":"closed","ping_status":"closed","sticky":false,"template":"","format":"standard","meta":{"om_disable_all_campaigns":false,"_monsterinsights_skip_tracking":false,"_monsterinsights_sitenote_active":false,"_monsterinsights_sitenote_note":"","_monsterinsights_sitenote_category":0},"categories":[4],"tags":[],"aioseo_notices":[],"gutentor_comment":0,"rttpg_featured_image_url":{"full":["https:\/\/arantv.az\/wp-content\/uploads\/2019\/11\/2018_ilham_aliyev_05-12.jpg",1200,900,false],"landscape":["https:\/\/arantv.az\/wp-content\/uploads\/2019\/11\/2018_ilham_aliyev_05-12.jpg",1200,900,false],"portraits":["https:\/\/arantv.az\/wp-content\/uploads\/2019\/11\/2018_ilham_aliyev_05-12.jpg",1200,900,false],"thumbnail":["https:\/\/arantv.az\/wp-content\/uploads\/2019\/11\/2018_ilham_aliyev_05-12-150x150.jpg",150,150,true],"medium":["https:\/\/arantv.az\/wp-content\/uploads\/2019\/11\/2018_ilham_aliyev_05-12-300x225.jpg",300,225,true],"large":["https:\/\/arantv.az\/wp-content\/uploads\/2019\/11\/2018_ilham_aliyev_05-12-1024x768.jpg",640,480,true],"1536x1536":["https:\/\/arantv.az\/wp-content\/uploads\/2019\/11\/2018_ilham_aliyev_05-12.jpg",1200,900,false],"2048x2048":["https:\/\/arantv.az\/wp-content\/uploads\/2019\/11\/2018_ilham_aliyev_05-12.jpg",1200,900,false],"post-thumbnail":["https:\/\/arantv.az\/wp-content\/uploads\/2019\/11\/2018_ilham_aliyev_05-12-240x172.jpg",240,172,true],"advps-thumb-one":["https:\/\/arantv.az\/wp-content\/uploads\/2019\/11\/2018_ilham_aliyev_05-12-1200x620.jpg",1200,620,true]},"rttpg_author":{"display_name":"V\u00fcsal Rafiqo\u011flu","author_link":"https:\/\/arantv.az\/?author=2"},"rttpg_comment":0,"rttpg_category":"<a href=\"https:\/\/arantv.az\/?cat=4\" rel=\"category\">Siyas\u0259t<\/a>","rttpg_excerpt":"Macar\u0131stan\u0131n Ba\u015f Naziri Viktor Orban Az\u0259rbaycan Prezidenti, Yeni Az\u0259rbaycan Partiyas\u0131n\u0131n S\u0259dri \u0130lham \u018fliyev\u0259 t\u0259brik m\u0259ktubu g\u00f6nd\u0259rib. ARANTV.AZ\u00a0AZ\u018fRTAC-a istinad\u0259n x\u0259b\u0259r verir ki, t\u0259brikd\u0259 deyilir: &#8220;H\u00f6rm\u0259tli c\u0259nab Prezident. Yeni Az\u0259rbaycan Partiyas\u0131n\u0131n yaranmas\u0131n\u0131n 27-ci ild\u00f6n\u00fcm\u00fc m\u00fcnasib\u0259til\u0259 \u015f\u0259xs\u0259n \u00f6z ad\u0131mdan v\u0259 s\u0259dri oldu\u011fum Fides &#8211; Macar V\u0259t\u0259nda\u015f \u0130ttifaq\u0131 Partiyas\u0131 ad\u0131ndan Sizi s\u0259mimi q\u0259lbd\u0259n t\u0259brik edir\u0259m. Yeni Az\u0259rbaycan Partiyas\u0131 1992-ci&hellip;","_links":{"self":[{"href":"https:\/\/arantv.az\/index.php?rest_route=\/wp\/v2\/posts\/100590"}],"collection":[{"href":"https:\/\/arantv.az\/index.php?rest_route=\/wp\/v2\/posts"}],"about":[{"href":"https:\/\/arantv.az\/index.php?rest_route=\/wp\/v2\/types\/post"}],"author":[{"embeddable":true,"href":"https:\/\/arantv.az\/index.php?rest_route=\/wp\/v2\/users\/2"}],"replies":[{"embeddable":true,"href":"https:\/\/arantv.az\/index.php?rest_route=%2Fwp%2Fv2%2Fcomments&post=100590"}],"version-history":[{"count":0,"href":"https:\/\/arantv.az\/index.php?rest_route=\/wp\/v2\/posts\/100590\/revisions"}],"wp:featuredmedia":[{"embeddable":true,"href":"https:\/\/arantv.az\/index.php?rest_route=\/wp\/v2\/media\/100591"}],"wp:attachment":[{"href":"https:\/\/arantv.az\/index.php?rest_route=%2Fwp%2Fv2%2Fmedia&parent=100590"}],"wp:term":[{"taxonomy":"category","embeddable":true,"href":"https:\/\/arantv.az\/index.php?rest_route=%2Fwp%2Fv2%2Fcategories&post=100590"},{"taxonomy":"post_tag","embeddable":true,"href":"https:\/\/arantv.az\/index.php?rest_route=%2Fwp%2Fv2%2Ftags&post=100590"}],"curies":[{"name":"wp","href":"https:\/\/api.w.org\/{rel}","templated":true}]}}