{"id":100646,"date":"2019-11-25T15:48:03","date_gmt":"2019-11-25T12:48:03","guid":{"rendered":"http:\/\/arantv.az\/?p=100646"},"modified":"2019-11-25T15:48:03","modified_gmt":"2019-11-25T12:48:03","slug":"%c9%99l%c9%99t-azad-iqtisadi-zonasinin-v%c9%99zif%c9%99l%c9%99rini-muv%c9%99qq%c9%99ti-idar%c9%99etm%c9%99-qurumu-h%c9%99yata-kecir%c9%99c%c9%99k","status":"publish","type":"post","link":"https:\/\/arantv.az\/?p=100646","title":{"rendered":"\u018fl\u0259t azad iqtisadi zonas\u0131n\u0131n v\u0259zif\u0259l\u0259rini m\u00fcv\u0259qq\u0259ti idar\u0259etm\u0259 qurumu h\u0259yata ke\u00e7ir\u0259c\u0259k"},"content":{"rendered":"<p>Prezident \u0130lham \u018fliyev &#8220;\u018fl\u0259t azad iqtisadi zonas\u0131 haqq\u0131nda&#8221; Az\u0259rbaycan Respublikas\u0131n\u0131n Qanununda d\u0259yi\u015fiklik edilm\u0259si bar\u0259d\u0259 Qanunu imzalay\u0131b.<\/p>\n<p><strong>ARANTV.AZ<\/strong>\u00a0\u00a0<a href=\"http:\/\/azertag.az\/\" target=\"_blank\" rel=\"noopener\">AZ\u018fRTAC<\/a>-a istinad\u0259n bildirir ki,\u00a0d\u0259yi\u015fikliy\u0259 \u0259sas\u0259n, &#8220;\u018fl\u0259t azad iqtisadi zonas\u0131 haqq\u0131nda&#8221; Az\u0259rbaycan Respublikas\u0131n\u0131n Qanununa (Az\u0259rbaycan Respublikas\u0131n\u0131n Qanunvericilik Toplusu, 2018, \u2116 6, madd\u0259 1180) a\u015fa\u011f\u0131dak\u0131 m\u0259zmunda 32-ci madd\u0259 \u0259lav\u0259 edilir:<\/p>\n<p>&#8220;Madd\u0259 32. Ke\u00e7id m\u00fcdd\u0259as\u0131<\/p>\n<p>Bu Qanunda n\u0259z\u0259rd\u0259 tutulmu\u015f Azad Zona s\u0259lahiyy\u0259tli qurumu v\u0259 onun \u0130dar\u0259 Hey\u0259ti formala\u015fana q\u0259d\u0259r Azad Zona s\u0259lahiyy\u0259tli qurumunun v\u0259 \u0130dar\u0259 Hey\u0259tinin h\u00fcquqlar\u0131n\u0131 v\u0259 v\u0259zif\u0259l\u0259rini m\u00fcvafiq icra hakimiyy\u0259ti orqan\u0131 t\u0259r\u0259find\u0259n yarad\u0131lan m\u00fcv\u0259qq\u0259ti idar\u0259etm\u0259 qurumu h\u0259yata ke\u00e7irir&#8221;.<\/p>\n<p>&nbsp;<\/p>\n","protected":false},"excerpt":{"rendered":"<p>Prezident \u0130lham \u018fliyev &#8220;\u018fl\u0259t azad iqtisadi zonas\u0131 haqq\u0131nda&#8221; Az\u0259rbaycan Respublikas\u0131n\u0131n Qanununda d\u0259yi\u015fiklik edilm\u0259si bar\u0259d\u0259 Qanunu imzalay\u0131b. ARANTV.AZ\u00a0\u00a0AZ\u018fRTAC-a istinad\u0259n bildirir ki,\u00a0d\u0259yi\u015fikliy\u0259 \u0259sas\u0259n, &#8220;\u018fl\u0259t azad iqtisadi zonas\u0131 haqq\u0131nda&#8221; Az\u0259rbaycan Respublikas\u0131n\u0131n Qanununa (Az\u0259rbaycan Respublikas\u0131n\u0131n Qanunvericilik Toplusu, 2018, \u2116 6, madd\u0259 1180) a\u015fa\u011f\u0131dak\u0131 m\u0259zmunda 32-ci madd\u0259 \u0259lav\u0259 edilir: &#8220;Madd\u0259 32. Ke\u00e7id m\u00fcdd\u0259as\u0131 Bu Qanunda n\u0259z\u0259rd\u0259 tutulmu\u015f Azad Zona s\u0259lahiyy\u0259tli qurumu v\u0259 onun \u0130dar\u0259 Hey\u0259ti formala\u015fana q\u0259d\u0259r Azad Zona s\u0259lahiyy\u0259tli qurumunun v\u0259 \u0130dar\u0259 Hey\u0259tinin h\u00fcquqlar\u0131n\u0131 v\u0259 v\u0259zif\u0259l\u0259rini m\u00fcvafiq icra hakimiyy\u0259ti orqan\u0131 t\u0259r\u0259find\u0259n yarad\u0131lan m\u00fcv\u0259qq\u0259ti idar\u0259etm\u0259 qurumu h\u0259yata ke\u00e7irir&#8221;. &nbsp;<\/p>\n","protected":false},"author":2,"featured_media":100647,"comment_status":"closed","ping_status":"closed","sticky":false,"template":"","format":"standard","meta":{"om_disable_all_campaigns":false,"_monsterinsights_skip_tracking":false,"_monsterinsights_sitenote_active":false,"_monsterinsights_sitenote_note":"","_monsterinsights_sitenote_category":0},"categories":[4],"tags":[],"aioseo_notices":[],"gutentor_comment":0,"rttpg_featured_image_url":{"full":["https:\/\/arantv.az\/wp-content\/uploads\/2019\/11\/805138.jpg",800,600,false],"landscape":["https:\/\/arantv.az\/wp-content\/uploads\/2019\/11\/805138.jpg",800,600,false],"portraits":["https:\/\/arantv.az\/wp-content\/uploads\/2019\/11\/805138.jpg",800,600,false],"thumbnail":["https:\/\/arantv.az\/wp-content\/uploads\/2019\/11\/805138-150x150.jpg",150,150,true],"medium":["https:\/\/arantv.az\/wp-content\/uploads\/2019\/11\/805138-300x225.jpg",300,225,true],"large":["https:\/\/arantv.az\/wp-content\/uploads\/2019\/11\/805138.jpg",640,480,false],"1536x1536":["https:\/\/arantv.az\/wp-content\/uploads\/2019\/11\/805138.jpg",800,600,false],"2048x2048":["https:\/\/arantv.az\/wp-content\/uploads\/2019\/11\/805138.jpg",800,600,false],"post-thumbnail":["https:\/\/arantv.az\/wp-content\/uploads\/2019\/11\/805138-240x172.jpg",240,172,true],"advps-thumb-one":["https:\/\/arantv.az\/wp-content\/uploads\/2019\/11\/805138.jpg",800,600,false]},"rttpg_author":{"display_name":"V\u00fcsal Rafiqo\u011flu","author_link":"https:\/\/arantv.az\/?author=2"},"rttpg_comment":0,"rttpg_category":"<a href=\"https:\/\/arantv.az\/?cat=4\" rel=\"category\">Siyas\u0259t<\/a>","rttpg_excerpt":"Prezident \u0130lham \u018fliyev &#8220;\u018fl\u0259t azad iqtisadi zonas\u0131 haqq\u0131nda&#8221; Az\u0259rbaycan Respublikas\u0131n\u0131n Qanununda d\u0259yi\u015fiklik edilm\u0259si bar\u0259d\u0259 Qanunu imzalay\u0131b. ARANTV.AZ\u00a0\u00a0AZ\u018fRTAC-a istinad\u0259n bildirir ki,\u00a0d\u0259yi\u015fikliy\u0259 \u0259sas\u0259n, &#8220;\u018fl\u0259t azad iqtisadi zonas\u0131 haqq\u0131nda&#8221; Az\u0259rbaycan Respublikas\u0131n\u0131n Qanununa (Az\u0259rbaycan Respublikas\u0131n\u0131n Qanunvericilik Toplusu, 2018, \u2116 6, madd\u0259 1180) a\u015fa\u011f\u0131dak\u0131 m\u0259zmunda 32-ci madd\u0259 \u0259lav\u0259 edilir: &#8220;Madd\u0259 32. Ke\u00e7id m\u00fcdd\u0259as\u0131 Bu Qanunda n\u0259z\u0259rd\u0259 tutulmu\u015f Azad Zona s\u0259lahiyy\u0259tli&hellip;","_links":{"self":[{"href":"https:\/\/arantv.az\/index.php?rest_route=\/wp\/v2\/posts\/100646"}],"collection":[{"href":"https:\/\/arantv.az\/index.php?rest_route=\/wp\/v2\/posts"}],"about":[{"href":"https:\/\/arantv.az\/index.php?rest_route=\/wp\/v2\/types\/post"}],"author":[{"embeddable":true,"href":"https:\/\/arantv.az\/index.php?rest_route=\/wp\/v2\/users\/2"}],"replies":[{"embeddable":true,"href":"https:\/\/arantv.az\/index.php?rest_route=%2Fwp%2Fv2%2Fcomments&post=100646"}],"version-history":[{"count":0,"href":"https:\/\/arantv.az\/index.php?rest_route=\/wp\/v2\/posts\/100646\/revisions"}],"wp:featuredmedia":[{"embeddable":true,"href":"https:\/\/arantv.az\/index.php?rest_route=\/wp\/v2\/media\/100647"}],"wp:attachment":[{"href":"https:\/\/arantv.az\/index.php?rest_route=%2Fwp%2Fv2%2Fmedia&parent=100646"}],"wp:term":[{"taxonomy":"category","embeddable":true,"href":"https:\/\/arantv.az\/index.php?rest_route=%2Fwp%2Fv2%2Fcategories&post=100646"},{"taxonomy":"post_tag","embeddable":true,"href":"https:\/\/arantv.az\/index.php?rest_route=%2Fwp%2Fv2%2Ftags&post=100646"}],"curies":[{"name":"wp","href":"https:\/\/api.w.org\/{rel}","templated":true}]}}