{"id":100650,"date":"2019-11-25T15:48:45","date_gmt":"2019-11-25T12:48:45","guid":{"rendered":"http:\/\/arantv.az\/?p=100650"},"modified":"2019-11-25T15:48:45","modified_gmt":"2019-11-25T12:48:45","slug":"birinci-vitse-prezidentlik-institutunun-yaradilmasi-az%c9%99rbaycanin-muasir-simasinin-yeni-v%c9%99-mut%c9%99r%c9%99qqi-%c9%99lam%c9%99tidir","status":"publish","type":"post","link":"https:\/\/arantv.az\/?p=100650","title":{"rendered":"Birinci vitse-prezidentlik institutunun yarad\u0131lmas\u0131 Az\u0259rbaycan\u0131n m\u00fcasir simas\u0131n\u0131n yeni v\u0259 m\u00fct\u0259r\u0259qqi \u0259lam\u0259tidir"},"content":{"rendered":"<p>Sirr deyil ki, Az\u0259rbaycanda institusional sferan\u0131, idar\u0259etm\u0259nin t\u0259kmill\u0259\u015fdirilm\u0259sini, daha \u00e7evik v\u0259 s\u0259m\u0259r\u0259li komandan\u0131n formala\u015fmas\u0131n\u0131, demokratik d\u0259yi\u015fiklikl\u0259r\u0259 h\u00fcquqi \u0259saslar yarad\u0131lmas\u0131n\u0131 \u00f6z\u00fcnd\u0259 ehtiva ed\u0259n siyasi islahatlar apar\u0131l\u0131r. M\u00fcasirl\u0259\u015fm\u0259ni strateji h\u0259d\u0259f se\u00e7\u0259n Az\u0259rbaycan idar\u0259etm\u0259 sah\u0259sind\u0259 realla\u015fd\u0131r\u0131lan islahatlarda da qabaqc\u0131l \u00f6lk\u0259l\u0259rin t\u0259cr\u00fcb\u0259sin\u0259 istinad edir. D\u00f6vl\u0259t idar\u0259\u00e7iliyini bir d\u0259f\u0259 qurulan v\u0259 he\u00e7 vaxt d\u0259yi\u015fm\u0259y\u0259c\u0259k mexanizm kimi t\u0259s\u0259vv\u00fcr etm\u0259k \u0259sla d\u00fczg\u00fcn deyil. Qloballa\u015fma \u015f\u0259raitind\u0259 is\u0259 bel\u0259 yana\u015fma z\u0259r\u0259rlidir, milli maraqlara, t\u0259hl\u00fck\u0259sizliyin t\u0259min olunmas\u0131na t\u0259hdidl\u0259r yarad\u0131r.<\/p>\n<p>Zaman \u00f6td\u00fckc\u0259, yeni reall\u0131qlar yarand\u0131qca qar\u015f\u0131ya \u00e7\u0131xan t\u0259l\u0259bl\u0259r d\u0259 d\u0259yi\u015fir. \u00d6lk\u0259mizd\u0259 realla\u015fd\u0131r\u0131lan institusional islahatlar da milli idar\u0259etm\u0259 sisteminin d\u00f6vr\u00fcn d\u0259yi\u015f\u0259n t\u0259l\u0259bl\u0259rin\u0259 uy\u011fun qurulmas\u0131n\u0131 \u00f6z\u00fcnd\u0259 ehtiva edir. B\u00fct\u00f6vl\u00fckd\u0259 idar\u0259etm\u0259 sisteminin s\u0259m\u0259r\u0259li qurulmas\u0131 \u00f6z n\u00f6vb\u0259sind\u0259 \u00f6lk\u0259nin qar\u015f\u0131ya qoyulan yeni h\u0259d\u0259fl\u0259r\u0259 do\u011fru inamla ir\u0259lil\u0259m\u0259sini v\u0259 yeni nailiyy\u0259tl\u0259r qazanmas\u0131n\u0131 \u015f\u0259rtl\u0259ndirir. Apar\u0131lan islahatlar institusional t\u0259sissatlar\u0131n, m\u00fcvafiq d\u00f6vl\u0259t qurumlar\u0131n\u0131n daim d\u0259yi\u015f\u0259n \u00e7a\u011f\u0131r\u0131\u015flara adekvat add\u0131mlar atmaq iqtidar\u0131nda olmas\u0131na m\u00fcnbit z\u0259min yarad\u0131r. M\u0259hz, 2016-c\u0131 il sentyabr\u0131n 26-da respublikam\u0131zda Konstitusiya islahatlar\u0131 il\u0259 ba\u011fl\u0131 ke\u00e7iril\u0259n referenduma \u0259sas\u0259n d\u00f6vl\u0259t idar\u0259\u00e7iliyind\u0259 yeni t\u0259sisat\u0131n &#8211; Birinci vitse-prezidentlik institutunun yarad\u0131lmas\u0131 b\u00f6y\u00fck aktuall\u0131q da\u015f\u0131y\u0131rd\u0131. Bel\u0259likl\u0259 d\u0259, d\u00f6vl\u0259t idar\u0259\u00e7iliyind\u0259 funksional vahid kimi Birinci vitse-prezidentlik institutunun yarad\u0131lmas\u0131 Az\u0259rbaycan\u0131n m\u00fcasir simas\u0131n\u0131n yeni v\u0259 m\u00fct\u0259r\u0259qqi bir \u0259lam\u0259tidir.<\/p>\n<p>B\u0259s, vitse-prezidentlik institutu n\u0259dir?<\/p>\n<p>Vitse-prezidentlik elmi bax\u0131mdan iki m\u00fch\u00fcm istiqam\u0259ti \u0259hat\u0259 ed\u0259 bilir: birincisi, d\u00f6vl\u0259t r\u0259hb\u0259rinin m\u00fc\u0259yy\u0259n m\u0259qamlarda \u0259v\u0259z olunmas\u0131, s\u0259lahiyy\u0259tl\u0259rinin icras\u0131n\u0131 h\u0259yata ke\u00e7irm\u0259k; ikincisi, s\u0259lahiyy\u0259tl\u0259rin r\u0259hb\u0259r-k\u00f6m\u0259k\u00e7il\u0259r kimi b\u00f6l\u00fcnm\u0259sini t\u0259min etm\u0259k. Anlay\u0131\u015f\u0131n elmi \u0259saslar\u0131 onu dem\u0259y\u0259 \u0259sas verir ki, vitse-prezidentl\u0259r prezidentin \u00f6z v\u0259zif\u0259sini icra ed\u0259 bilm\u0259diyi hallarda onun v\u0259zif\u0259 s\u0259lahiyy\u0259tl\u0259rini icra ed\u0259n \u015f\u0259xsl\u0259rl\u0259 yana\u015f\u0131, konstitusion s\u0259lahiyy\u0259tl\u0259rinin h\u0259yata ke\u00e7irilm\u0259si \u00fczr\u0259 k\u00f6m\u0259k\u00e7i r\u0259hb\u0259r \u015f\u0259xsl\u0259rdir. Bu yana\u015fma h\u0259m d\u0259 m\u0259fhumun t\u0259yinat\u0131 funksiyas\u0131n\u0131 \u015f\u0259rtl\u0259ndirir. Elmi t\u0259rkib onu dem\u0259y\u0259 \u0259sas verir ki, onlar hakimiyy\u0259t qollar\u0131 \u00fczr\u0259 prezident s\u0259lahiyy\u0259tl\u0259rinin icras\u0131 il\u0259 m\u0259\u015f\u011ful ola bil\u0259rl\u0259r.<\/p>\n<p>Vitse-prezidentlik institutunun f\u0259ls\u0259fi anlay\u0131\u015f\u0131n\u0131n iki baza x\u0259tti m\u00f6vcuddur: hakimiyy\u0259tin ali pill\u0259sind\u0259 siyasi idar\u0259\u00e7ilikd\u0259 r\u0259ngar\u0259ngliyin formala\u015fd\u0131r\u0131lmas\u0131 v\u0259 ali idar\u0259\u00e7iliyin d\u0259rinl\u0259\u015fdirilm\u0259si v\u0259 \u015fax\u0259l\u0259ndirilm\u0259si-\u015faquli v\u0259 \u00fcfiqi iyerarxiyan\u0131n h\u0259m sad\u0259l\u0259\u015fdirilm\u0259si, h\u0259m d\u0259 \u00e7ox\u00e7alarl\u0131 olmas\u0131. H\u0259r iki x\u0259tt v\u0259hd\u0259tlik yarad\u0131r, b\u00fct\u00f6vl\u00fcy\u00fc v\u0259 m\u00f6hk\u0259ml\u0259nm\u0259ni t\u0259min edir. Vitse-prezidentlik d\u00f6vl\u0259t idar\u0259\u00e7iliyind\u0259 m\u00f6vcud olan daxili piramidalar\u0131n birl\u0259\u015fm\u0259sind\u0259n yeni m\u0259zmunlu ali piramidalar\u0131 meydana g\u0259tir\u0259n \u015f\u0259rtl\u0259ndirici dayaq elmenti rolunu oynay\u0131r. Vitse-prezidentlik say\u0259sind\u0259 pikd\u0259 birl\u0259\u015f\u0259n piramidalar\u0131n say\u0131 art\u0131r v\u0259 h\u0259m d\u0259 b\u00f6y\u00fcm\u00fc\u015f formada olur. Vitse-prezidentlik yeni piramidal x\u0259tl\u0259rin meydana g\u0259lm\u0259sini v\u0259 h\u0259cmc\u0259 daxili iri piramidalar\u0131 yarad\u0131r.<\/p>\n<p>T\u0259sad\u00fcfi deyil ki, bu yolu ill\u0259r \u00f6nc\u0259 ke\u00e7\u0259n Amerika Birl\u0259\u015fmi\u015f \u015etatlar\u0131, C\u0259nubi Afrika Respublikas\u0131, b\u0259zi Avropa v\u0259 Lat\u0131n Amerikas\u0131 \u00f6lk\u0259l\u0259ri d\u00f6vl\u0259tin c\u0259miyy\u0259tin h\u0259yat\u0131nda daha f\u0259al i\u015f aparmaq \u00fc\u00e7\u00fcn m\u0259hz vitse-prezidentlik instutuna m\u00fcraci\u0259t edibl\u0259r. AB\u015e-da v\u0259 Bolqar\u0131nstanda h\u0259tta vitse-prezidentl\u0259r se\u00e7ki yolu il\u0259 m\u00fc\u0259yy\u0259nl\u0259\u015firl\u0259r. H\u0259r bir prezidentliy\u0259 namiz\u0259d i\u015fl\u0259m\u0259k ist\u0259diyi vitse-prezidentin d\u0259 namiz\u0259dliyini ir\u0259li s\u00fcr\u00fcr. Prezident v\u0259 vitse-prezident se\u00e7ildikd\u0259n sonra d\u00f6vl\u0259t idar\u0259\u00e7iliyini h\u0259yata ke\u00e7irirl\u0259r. Lakin bu vitse-prezidentl\u0259rin prezidentin siyas\u0259tin\u0259 qar\u015f\u0131 \u00e7\u0131xmaq h\u00fcququ yoxdur. \u0130sve\u00e7r\u0259 Konfederasiyas\u0131nda da prezidentl\u0259 v\u0259 vitse-prezident se\u00e7ilir, lakin federal m\u0259clis t\u0259r\u0259find\u0259n.<\/p>\n<p>\u0130dar\u0259\u00e7ilik sah\u0259sind\u0259 m\u00fct\u0259r\u0259qqi sistem olaraq q\u0259bul edil\u0259n vitse-prezidentlik institutu Az\u0259rbaycanda da formala\u015fd\u0131r\u0131l\u0131b. Art\u0131q tarix\u0259 d\u00f6n\u0259n 2017-ci il referendum yolu il\u0259 t\u0259sdiql\u0259n\u0259n Konstitusiya islahatlar\u0131n\u0131n realla\u015fd\u0131r\u0131lmas\u0131 istiqam\u0259tind\u0259 m\u00fch\u00fcm il olub. Prezident \u0130lham \u018fliyevin 2017-ci il 21 fevral tarixind\u0259 imzalad\u0131\u011f\u0131 m\u00fcvafiq S\u0259r\u0259ncama \u0259sas\u0259n Mehriban Arif q\u0131z\u0131 \u018fliyeva Az\u0259rbaycan Respublikas\u0131n\u0131n Birinci vitse-prezidenti t\u0259yin olunub. T\u0259hl\u00fck\u0259sizlik \u015euras\u0131n\u0131n iclas\u0131nda Birinci vitse-prezidenti t\u0259qdim ed\u0259n Prezident \u0130lham \u018fliyev deyib: &#8220;Mehriban \u018fliyeva uzun ill\u0259rdir ki, \u00f6lk\u0259mizin ictimai-siyasi h\u0259yat\u0131nda, m\u0259d\u0259ni h\u0259yat\u0131m\u0131zda m\u00fch\u00fcm v\u0259 f\u0259al rol oynay\u0131r&#8221;.<\/p>\n<p>\u00d6t\u0259n d\u00f6vrd\u0259 Birinci vitse-prezidentin komandas\u0131 formala\u015f\u0131b. Art\u0131q Mehriban xan\u0131m \u018fliyevan\u0131n r\u0259hb\u0259rliyi il\u0259 Birinci vitse-prezidentlik institutu funksional t\u0259sisat kimi u\u011furla f\u0259aliyy\u0259t g\u00f6st\u0259rir. \u00d6t\u0259n q\u0131sa m\u00fcdd\u0259td\u0259 \u0259ld\u0259 olunan u\u011furlar t\u0259sdiql\u0259yir ki, Birinci vitse-prezidentlik institutu idar\u0259etm\u0259nin \u00e7evikliyini v\u0259 s\u0259m\u0259r\u0259liliyini art\u0131r\u0131b. T\u0259bii ki, burada Birinci vitse-prezident Mehriban xan\u0131m \u018fliyevan\u0131n xarizmas\u0131, y\u00fcks\u0259k idar\u0259\u00e7ilik t\u0259cr\u00fcb\u0259si m\u00fch\u00fcm rol oynay\u0131b. Prezident \u0130lham \u018fliyev T\u0259hl\u00fck\u0259sizlik \u015euras\u0131n\u0131n iclas\u0131nda Mehriban xan\u0131m \u018fliyevan\u0131n malik oldu\u011fu y\u00fcks\u0259k keyfiyy\u0259tl\u0259r\u0259 diqq\u0259t \u00e7\u0259kib: &#8220;Qeyd etm\u0259liy\u0259m ki, Mehriban \u018fliyeva \u00e7ox pe\u015f\u0259kar, bilikli, t\u0259cr\u00fcb\u0259li, prinsipial, \u00e7ox xeyirxah bir insand\u0131r. T\u0259sad\u00fcfi deyil ki, Az\u0259rbaycan xalq\u0131 ona b\u00f6y\u00fck r\u0259\u011fb\u0259t v\u0259 sevgi il\u0259 yana\u015f\u0131r&#8221;.<\/p>\n<p>Qeyd etm\u0259k yerin\u0259 d\u00fc\u015f\u0259r ki, Az\u0259rbaycan c\u0259miyy\u0259ti Mehriban \u018fliyevan\u0131n \u00f6lk\u0259nin Birinci vitse-prezidenti v\u0259zif\u0259sind\u0259 \u00e7ox\u015fax\u0259li f\u0259aliyy\u0259tin\u0259 b\u00f6y\u00fck maraq g\u00f6st\u0259rib. \u0130nsanlar inand\u0131qlar\u0131, etimad b\u0259sl\u0259dikl\u0259ri Mehriban xan\u0131m \u018fliyevan\u0131n t\u0259yinat ald\u0131\u011f\u0131 yeni m\u0259suliyy\u0259tli v\u0259zif\u0259d\u0259 Az\u0259rbaycan namin\u0259 f\u0259dakar f\u0259aliyy\u0259tini t\u0259qdir edirl\u0259r. Mehriban xan\u0131m \u018fliyeva m\u00fct\u0259madi olaraq c\u0259miyy\u0259tin h\u0259ssas t\u0259b\u0259q\u0259l\u0259rinin probleml\u0259rini h\u0259ll etm\u0259y\u0259, ana n\u0259vazi\u015fin\u0259 ehtiyac duyan u\u015faqlar\u0131 sevindirm\u0259y\u0259, z\u0259ngin m\u0259d\u0259niyy\u0259timizi t\u0259bli\u011f etm\u0259y\u0259, m\u00fcxt\u0259lif istiqam\u0259tl\u0259rd\u0259 yeni layih\u0259l\u0259r realla\u015fd\u0131rma\u011fa b\u00f6y\u00fck s\u0259y g\u00f6st\u0259rir. Yeni funksional t\u0259sisat\u0131n r\u0259hb\u0259ri v\u0259zif\u0259sind\u0259 g\u00f6rd\u00fcy\u00fc bu kimi geni\u015fmiqyasl\u0131 i\u015fl\u0259r is\u0259 c\u0259miyy\u0259td\u0259 onun n\u00fcfuzunu daha da art\u0131r\u0131b.<\/p>\n<p>\u00dcmumiyy\u0259tl\u0259, Az\u0259rbaycan\u0131n Birinci vitse-prezidenti v\u0259 birinci xan\u0131m\u0131, Heyd\u0259r \u018fliyev Fondunun prezidenti, UNESCO v\u0259 ISESCO-nun xo\u015fm\u0259raml\u0131 s\u0259firi Mehriban \u018fliyeva \u00e7ox\u015fax\u0259li f\u0259aliyy\u0259ti il\u0259 t\u0259kc\u0259 \u00f6lk\u0259mizd\u0259 deyil, onun h\u00fcdudlar\u0131ndan k\u0259narda da b\u00f6y\u00fck r\u0259\u011fb\u0259t v\u0259 n\u00fcfuz qazan\u0131b. Bunun s\u0259b\u0259bi t\u0259kc\u0259 tutdu\u011fu y\u00fcks\u0259k v\u0259zif\u0259 v\u0259 m\u00f6vqe il\u0259 ba\u011fl\u0131 deyil. Onu k\u00f6m\u0259y\u0259 v\u0259 qay\u011f\u0131ya ehtiyac\u0131 olan insanlar\u0131n, x\u00fcsusil\u0259 u\u015faqlar\u0131n yan\u0131nda tez-tez g\u00f6rm\u0259k olar. Talassemiyal\u0131 u\u015faqlar, erm\u0259ni i\u015f\u011fal\u0131 n\u0259tic\u0259sind\u0259 yurd yerind\u0259n did\u0259rgin sal\u0131nm\u0131\u015f m\u0259cburi k\u00f6\u00e7k\u00fcnl\u0259r Mehriban \u018fliyevaya p\u0259nah yeri kimi bax\u0131r v\u0259 \u00f6z \u00fcmidl\u0259rind\u0259 yan\u0131lm\u0131rlar.Mehriban \u018fliyevan\u0131n Birinci vitse-prezident t\u0259yin olunmas\u0131n\u0131n 3-c\u00fc ili tamam olacaq.<\/p>\n<p>\u00d6t\u0259n \u00fc\u00e7 ild\u0259 Birinci vitse-prezident Mehriban \u018fliyeva d\u00f6vl\u0259t ba\u015f\u00e7\u0131s\u0131n\u0131n v\u0259 ona \u00fcmid b\u0259sl\u0259y\u0259n insanlar\u0131n etimad\u0131n\u0131 layiqinc\u0259 do\u011fruldub. O, \u0259sas diqq\u0259tini sosial probleml\u0259rin, \u0259halinin azt\u0259minatl\u0131 t\u0259b\u0259q\u0259l\u0259rinin probleml\u0259rinin h\u0259lli \u00fcz\u0259rind\u0259 c\u0259ml\u0259\u015fdirib. Mehriban xan\u0131m Birinci vitse-prezident kimi ilk m\u00fc\u015favir\u0259sini Bak\u0131 v\u0259 Sumqay\u0131t \u015f\u0259h\u0259rl\u0259rinin yataqxanalar\u0131nda m\u00fcv\u0259qq\u0259ti m\u0259skunla\u015fm\u0131\u015f qa\u00e7q\u0131n v\u0259 m\u0259cburi k\u00f6\u00e7k\u00fcn ail\u0259l\u0259rinin k\u00f6\u00e7\u00fcr\u00fclm\u0259sin\u0259 h\u0259sr etdi. M\u00fcvafiq qurumlar qar\u015f\u0131s\u0131nda m\u0259s\u0259l\u0259ni bel\u0259 qoydu ki, bu sah\u0259d\u0259 i\u015fl\u0259r iki istiqam\u0259td\u0259 qurulmal\u0131d\u0131r: yeni m\u0259nzill\u0259r, yeni binalar tikilm\u0259li v\u0259 in\u015fa olunan binalar keyfiyy\u0259t standartlar\u0131na tam cavab verm\u0259lidir. \u0130lkin m\u0259rh\u0259l\u0259d\u0259 d\u00f6rd min k\u00f6\u00e7k\u00fcn ail\u0259sini yeni m\u0259nzill\u0259, h\u0259m\u00e7inin i\u015f yerl\u0259ri il\u0259 t\u0259min etm\u0259k v\u0259zif\u0259si qar\u015f\u0131ya qoyuldu.<\/p>\n<p>\u00c7ox ke\u00e7m\u0259d\u0259n L\u00f6kbatan q\u0259s\u0259b\u0259sind\u0259 m\u0259cburi k\u00f6\u00e7k\u00fcnl\u0259r \u00fc\u00e7\u00fcn 1026 m\u0259nzild\u0259n ibar\u0259t m\u00fcasir ya\u015fay\u0131\u015f kompleksinin t\u0259m\u0259li qoyuldu. Daha sonra q\u0259zal\u0131 v\u0259ziyy\u0259td\u0259 olan binalarda m\u0259skunla\u015fm\u0131\u015f m\u0259cburi k\u00f6\u00e7k\u00fcn ail\u0259l\u0259rinin yeni m\u0259nzill\u0259rl\u0259 t\u0259min olunmas\u0131 layih\u0259sinin icras\u0131 \u00e7\u0259r\u00e7iv\u0259sind\u0259 onlara Ab\u015feron rayonunun Masaz\u0131r v\u0259 Mehdiabad q\u0259s\u0259b\u0259l\u0259rind\u0259 yeni m\u0259nzill\u0259r verildi. \u0130\u015f adamlar\u0131n\u0131n yard\u0131m\u0131 il\u0259 214 ail\u0259 yeni in\u015fa olunmu\u015f v\u0259 tam t\u0259mirli m\u0259nzill\u0259r\u0259 k\u00f6\u00e7\u00fcr\u00fcld\u00fc. Bir q\u0259d\u0259r sonra Masaz\u0131r, Ramana q\u0259s\u0259b\u0259l\u0259rind\u0259 v\u0259 X\u0259tai rayonunda yeni binalar\u0131n istifad\u0259y\u0259 verilm\u0259si il\u0259 daha 725 m\u0259cburi k\u00f6\u00e7k\u00fcn ail\u0259sinin m\u0259nzil \u015f\u0259raiti yax\u015f\u0131la\u015fd\u0131r\u0131ld\u0131. Bu, Birinci vitse-prezidentin r\u0259hb\u0259rliyi v\u0259 t\u0259\u015f\u0259bb\u00fcs\u00fc il\u0259 g\u00f6r\u00fcl\u0259n i\u015fl\u0259rin he\u00e7 d\u0259 tam siyah\u0131s\u0131 deyil.<\/p>\n<p>Mehriban \u018fliyevan\u0131n r\u0259hb\u0259rlik etdiyi Heyd\u0259r \u018fliyev Fondu d\u00f6vl\u0259tin t\u0259hsill\u0259 ba\u011fl\u0131 strategiyas\u0131n\u0131n h\u0259yata ke\u00e7irilm\u0259sind\u0259 yax\u0131ndan i\u015ftirak edir. Fondun bu sah\u0259d\u0259 g\u00f6rd\u00fcy\u00fc i\u015fl\u0259r s\u0131ras\u0131nda &#8220;Yenil\u0259\u015f\u0259n Az\u0259rbaycana yeni m\u0259kt\u0259b&#8221; proqram\u0131n\u0131n m\u00fcst\u0259sna \u0259h\u0259miyy\u0259ti var. 2003-c\u00fc ild\u0259n indiy\u0259d\u0259k \u00f6lk\u0259d\u0259 3 mind\u0259n \u00e7ox m\u0259kt\u0259b tikilib v\u0259 ya yenid\u0259n qurulub, geni\u015f bazaya malik t\u0259hsil infrastrukturu yarad\u0131l\u0131b. Bel\u0259likl\u0259, \u00f6lk\u0259d\u0259 t\u0259hsil\u0259 qay\u011f\u0131, onun maddi-texniki bazas\u0131n\u0131n m\u00f6hk\u0259ml\u0259ndirilm\u0259si i\u015fi \u00fcmummilli s\u0259viyy\u0259y\u0259 qald\u0131r\u0131l\u0131b.<\/p>\n<p>Az\u0259rbaycanda birinci xan\u0131m institutu faktiki olaraq \u0130lham \u018fliyev Prezident se\u00e7ildikd\u0259n sonra formala\u015f\u0131b. D\u00f6vl\u0259t ba\u015f\u00e7\u0131s\u0131n\u0131n xan\u0131m\u0131 Mehriban \u018fliyeva uzun ill\u0259rdir ki, \u00f6lk\u0259nin ictimai-siyasi h\u0259yat\u0131nda f\u0259al i\u015ftirak edir, \u00e7iynini sosial probleml\u0259rin y\u00fck\u00fc alt\u0131na verir, bir \u00e7ox qlobal t\u0259dbirl\u0259rin t\u0259\u015fkilat\u00e7\u0131l\u0131\u011f\u0131n\u0131 c\u0259sar\u0259tl\u0259 \u00fcz\u0259rin\u0259 g\u00f6t\u00fcr\u00fcr. Biz onu hadis\u0259l\u0259rin m\u0259rk\u0259zind\u0259, insanlar\u0131n aras\u0131nda g\u00f6rm\u0259y\u0259 ad\u0259t etmi\u015fik. Mehriban \u018fliyevan\u0131n birinci xan\u0131m missiyas\u0131na yana\u015fmas\u0131 onun t\u0259bi\u0259tind\u0259n v\u0259 xarakterind\u0259n do\u011fan bir yana\u015fmad\u0131r. O, h\u0259yat\u0131n\u0131n m\u0259nas\u0131n\u0131 V\u0259t\u0259n\u0259, xalqa v\u0259 insanlara xidm\u0259td\u0259 g\u00f6r\u00fcr.<\/p>\n<p>B\u00fct\u00fcn bunlara g\u00f6r\u0259 d\u0259 Mehriban \u018fliyevan\u0131n Birinci vitse-prezident t\u0259yin olunmas\u0131 c\u0259miyy\u0259td\u0259 m\u0259ntiqi q\u0259rar kimi qar\u015f\u0131land\u0131. Bundan bir ne\u00e7\u0259 g\u00fcn sonra &#8220;Rossiya 1&#8221; telekanal\u0131n\u0131n &#8220;Vesti nedeli&#8221; proqram\u0131na m\u00fcsahib\u0259sind\u0259 yeni t\u0259yinat\u0131n \u00fcz\u0259rin\u0259 qoydu\u011fu b\u00f6y\u00fck m\u0259suliyy\u0259t bar\u0259d\u0259 dan\u0131\u015fan Mehriban \u018fliyeva deyirdi: &#8220;M\u0259n Prezidentin etimad\u0131n\u0131, \u0259n ba\u015fl\u0131cas\u0131 is\u0259 m\u0259n\u0259 inanan, \u00fcmid b\u0259sl\u0259y\u0259n insanlar\u0131n etimad\u0131n\u0131 do\u011frultmal\u0131yam&#8221;. El\u0259 bu m\u0259ramla da \u00f6z\u00fcn\u00fcn \u00f6m\u00fcr kitab\u0131n\u0131 yaz\u0131r, h\u0259r \u00f6t\u0259n il is\u0259 bu kitab\u0131 daha parlaq, daha \u015f\u0259r\u0259fli s\u0259tirl\u0259rl\u0259 z\u0259nginl\u0259\u015fdirir. Mehriban xan\u0131m\u0131n t\u0259\u015f\u0259bb\u00fcs\u00fc, d\u0259st\u0259yi il\u0259 h\u0259yata ke\u00e7iril\u0259n \u00e7oxsayl\u0131 v\u0259 irimiqyasl\u0131 layih\u0259l\u0259r b\u00f6y\u00fck rezonans do\u011furur. T\u0259hsil, s\u0259hiyy\u0259, m\u0259d\u0259niyy\u0259t sah\u0259sind\u0259 m\u00fcxt\u0259lif layih\u0259l\u0259rin realla\u015fd\u0131r\u0131lmas\u0131 bu sah\u0259l\u0259rin inki\u015faf\u0131na misilsiz t\u00f6hf\u0259l\u0259r verir. \u00d6t\u0259n m\u00fcdd\u0259td\u0259 onun d\u0259st\u0259yi il\u0259 y\u00fczl\u0259rl\u0259 m\u0259kt\u0259b, x\u0259st\u0259xana tikilib. Says\u0131z-hesabs\u0131z xeyriyy\u0259\u00e7ilik t\u0259dbirl\u0259ri is\u0259 onun r\u0259hb\u0259rlik etdiyi Heyd\u0259r \u018fliyev Fondunu \u015f\u0259fq\u0259t v\u0259 m\u0259rh\u0259m\u0259t \u00fcnvan\u0131na \u00e7evirib.<br \/>\nFondun m\u0259d\u0259niyy\u0259timiz, inc\u0259s\u0259n\u0259timizl\u0259 ba\u011fl\u0131 layih\u0259l\u0259ri is\u0259 m\u0259n\u0259vi, tarixi, m\u0259d\u0259ni irsimizin qorunmas\u0131 i\u015find\u0259 m\u00fcst\u0259sna rola malikdir. Az\u0259rbaycan\u0131n birinci xan\u0131m\u0131 \u00f6lk\u0259mizd\u0259ki q\u0259dim tarixi abid\u0259 v\u0259 ziyar\u0259tgahlar\u0131n, m\u0259scid v\u0259 ibad\u0259tgahlar\u0131n, dini abid\u0259l\u0259rimizin b\u0259rpas\u0131 v\u0259 yenid\u0259n qurulmas\u0131, abadla\u015fd\u0131r\u0131lmas\u0131 istiqam\u0259tind\u0259 misilsiz xidm\u0259t g\u00f6st\u0259rir. M\u00fcst\u0259qillik tariximizin \u0259lam\u0259tdar hadis\u0259l\u0259rini, \u00f6lk\u0259mizin b\u00f6y\u00fck u\u011furla ev sahibliyi etdiyi birinci Avropa Oyunlar\u0131, el\u0259c\u0259 d\u0259 IV \u0130slam H\u0259mr\u0259yliyi Oyunlar\u0131n\u0131n T\u0259\u015fkilat komit\u0259l\u0259rinin s\u0259dri kimi f\u0259dakar f\u0259aliyy\u0259ti Mehriban \u018fliyevan\u0131 xalq\u0131n\u0131n g\u00f6z\u00fcnd\u0259 bir daha ucald\u0131b.<\/p>\n<p>Birinci vitse-prezident Mehriban \u018fliyevan\u0131n 2016-c\u0131 il Aprel d\u00f6y\u00fc\u015fl\u0259ri zaman\u0131 Az\u0259rbaycan Ordusunun yaralanm\u0131\u015f bir qrup \u0259sg\u0259r v\u0259 zabitl\u0259ri il\u0259 g\u00f6r\u00fc\u015f\u00fc, d\u00f6y\u00fc\u015fl\u0259rd\u0259 yaralanm\u0131\u015f \u0259sg\u0259r v\u0259 zabitl\u0259rin y\u00fcks\u0259k texnologiyal\u0131 protezl\u0259rl\u0259 t\u0259min edilm\u0259si bar\u0259d\u0259 tap\u015f\u0131r\u0131q verm\u0259si indi d\u0259 minn\u0259tdarl\u0131q hissi il\u0259 xat\u0131rlan\u0131r. Bu, bir daha g\u00f6st\u0259rir ki, onun V\u0259t\u0259n\u0259 xidm\u0259t f\u0259ls\u0259f\u0259sinin t\u0259m\u0259lind\u0259, f\u0259aliyy\u0259tinin \u0259sas\u0131nda m\u0259nsub oldu\u011fu xalqa, mill\u0259t\u0259 sevgi dayan\u0131r. O, \u0259zmkar f\u0259aliyy\u0259tini h\u0259m d\u0259 sivil d\u00fcnyada s\u00fclh\u00fcn, sabitliyin, sivilizasiyalararas\u0131 dialoqun, bir s\u00f6zl\u0259, insanl\u0131\u011f\u0131n t\u0259r\u0259qqisin\u0259 y\u00f6n\u0259l\u0259n ali ideyalar\u0131n realla\u015fd\u0131r\u0131lmas\u0131na, bu sah\u0259l\u0259rd\u0259 s\u0259yl\u0259rin birl\u0259\u015fdirilm\u0259sin\u0259 y\u00f6n\u0259ldib.<\/p>\n<p>Az\u0259rbaycan\u0131n Birinci vitse-prezidenti Mehriban \u018fliyevan\u0131n humanitar layih\u0259l\u0259ri s\u0259rh\u0259d tan\u0131m\u0131r, xeyriyy\u0259\u00e7ilik t\u0259dbirl\u0259ri bir s\u0131ra \u00f6lk\u0259l\u0259ri, qit\u0259l\u0259ri \u0259hat\u0259 edir. Pakistanda q\u0131zlar \u00fc\u00e7\u00fcn yeni m\u0259kt\u0259bin tikintisi, \u0130slamabadda, el\u0259c\u0259 d\u0259 Pakistan\u0131n dig\u0259r \u0259yal\u0259tl\u0259rind\u0259 silsil\u0259 humanitar aksiyalar bu s\u0131radand\u0131r. Versal saray\u0131n\u0131n bir hiss\u0259sinin v\u0259 Strasburqda orta \u0259srl\u0259r\u0259 aid kils\u0259nin, Luvr muzeyi qalereyas\u0131ndan birinin, Roma katakombalar\u0131n\u0131n b\u0259rpas\u0131, H\u0259\u015ft\u0259rxanda Az\u0259rbaycan-Rusiya dostluq k\u00f6rp\u00fcs\u00fcn\u00fcn tikilm\u0259si, M\u00fcq\u0259dd\u0259s M\u0259l\u0259ksima Knyaz Vladimir\u0259 Rusiyada ilk abid\u0259 ucald\u0131lmas\u0131 v\u0259 dig\u0259r layih\u0259l\u0259r Heyd\u0259r \u018fliyev Fondunun xeyriyy\u0259\u00e7ilik i\u015fl\u0259rinin he\u00e7 d\u0259 tam olmayan siyah\u0131s\u0131d\u0131r. Onun r\u0259hb\u0259ri oldu\u011fu Fond uzun ill\u0259rdir ki, Az\u0259rbaycan\u0131n humanitar v\u0259 m\u0259d\u0259ni diplomatiyas\u0131n\u0131n s\u0259lahiyy\u0259tli n\u00fcmay\u0259nd\u0259sin\u0259 \u00e7evrilib v\u0259 bu f\u0259aliyy\u0259t h\u0259r \u015feyd\u0259n \u0259vv\u0259l d\u00fcnyada Az\u0259rbaycan\u0131n t\u0259qdimat\u0131 v\u0259 Az\u0259rbaycan\u0131n t\u0259bli\u011fidir.<\/p>\n<p>T\u0259sad\u00fcfi deyil ki, beyn\u0259lxalq ictimaiyy\u0259t Az\u0259rbaycan\u0131n Birinci vitse-prezidenti Mehriban \u018fliyevan\u0131 C\u0259nubi Qafqaz\u0131n \u0259n n\u00fcfuzlu xan\u0131m\u0131 kimi s\u0259ciyy\u0259l\u0259ndirir, onun \u015e\u0259rq \u00f6lk\u0259l\u0259rind\u0259 siyas\u0259tin yaln\u0131z ki\u015fi i\u015fi olmas\u0131 bar\u0259d\u0259 stereotipi da\u011f\u0131td\u0131\u011f\u0131n\u0131 etiraf edirl\u0259r. T\u0259ltif olundu\u011fu \u00e7oxsayl\u0131 n\u00fcfuzlu beyn\u0259lxalq m\u00fckafatlar &#8211; Fransan\u0131n &#8220;\u015e\u0259r\u0259f legionu&#8221; ordeni, UNESCO-nun &#8220;Q\u0131z\u0131l Motsart&#8221; medal\u0131, Rusiyan\u0131n Y\u00fczillik Messenatlar\u0131 Beyn\u0259lxalq Xeyriyy\u0259 Fondunun &#8220;Yaqut xa\u00e7&#8221; ordeni, II d\u0259r\u0259c\u0259li M\u00fcq\u0259dd\u0259s M\u0259l\u0259ksima Knyaginya Olqa ordeni onun d\u00fcnyadak\u0131 n\u00fcfuzunun g\u00f6st\u0259ricisidir. Bu t\u0259ltifl\u0259rin h\u0259r birinin arxas\u0131nda bilik, a\u011f\u0131l v\u0259 irad\u0259, pe\u015f\u0259karl\u0131q v\u0259 t\u0259cr\u00fcb\u0259, prinsipiall\u0131q v\u0259 xeyirxahl\u0131q, \u0259n \u0259sas\u0131 xalq\u0131na, d\u00f6vl\u0259tin\u0259, insanl\u0131\u011fa, b\u0259\u015f\u0259riyy\u0259t\u0259 sevgi dayan\u0131r. Onun \u0259n b\u00f6y\u00fck m\u00fckafat\u0131 is\u0259 Az\u0259rbaycan xalq\u0131n\u0131n r\u0259\u011fb\u0259ti v\u0259 sevgisidir.<\/p>\n<p>Az\u0259rbaycan\u0131n Birinci vitse-prezidenti Mehriban \u018fliyeva siyasi karyeras\u0131 v\u0259 ictimai f\u0259aliyy\u0259ti d\u00f6vr\u00fcnd\u0259 ba\u015flad\u0131\u011f\u0131 b\u00fct\u00fcn i\u015fl\u0259rin \u00f6hd\u0259sind\u0259n b\u00f6y\u00fck m\u0259har\u0259tl\u0259 v\u0259 ustal\u0131qla g\u0259lir. H\u0259r k\u0259s inan\u0131r ki, Mehriban xan\u0131m haz\u0131rda q\u00fcdr\u0259tli, n\u00fcfuzlu d\u00f6vl\u0259t\u0259 \u00e7evrilmi\u015f Az\u0259rbaycan\u0131n g\u0259l\u0259c\u0259k inki\u015faf\u0131, xalq\u0131m\u0131z\u0131n firavanl\u0131\u011f\u0131 namin\u0259 \u00e7ox\u015fax\u0259li f\u0259aliyy\u0259tini bundan sonra da \u0259zml\u0259 davam etdir\u0259c\u0259k.<\/p>\n<p><em><strong>B\u0259hruz QUL\u0130YEV, &#8220;S\u0259s&#8221; q\u0259zetinin Ba\u015f redaktoru, siyasi ekspert<\/strong><\/em><\/p>\n","protected":false},"excerpt":{"rendered":"<p>Sirr deyil ki, Az\u0259rbaycanda institusional sferan\u0131, idar\u0259etm\u0259nin t\u0259kmill\u0259\u015fdirilm\u0259sini, daha \u00e7evik v\u0259 s\u0259m\u0259r\u0259li komandan\u0131n formala\u015fmas\u0131n\u0131, demokratik d\u0259yi\u015fiklikl\u0259r\u0259 h\u00fcquqi \u0259saslar yarad\u0131lmas\u0131n\u0131 \u00f6z\u00fcnd\u0259 ehtiva ed\u0259n siyasi islahatlar apar\u0131l\u0131r. M\u00fcasirl\u0259\u015fm\u0259ni strateji h\u0259d\u0259f se\u00e7\u0259n Az\u0259rbaycan idar\u0259etm\u0259 sah\u0259sind\u0259 realla\u015fd\u0131r\u0131lan islahatlarda da qabaqc\u0131l \u00f6lk\u0259l\u0259rin t\u0259cr\u00fcb\u0259sin\u0259 istinad edir. D\u00f6vl\u0259t idar\u0259\u00e7iliyini bir d\u0259f\u0259 qurulan v\u0259 he\u00e7 vaxt d\u0259yi\u015fm\u0259y\u0259c\u0259k mexanizm kimi t\u0259s\u0259vv\u00fcr etm\u0259k \u0259sla d\u00fczg\u00fcn deyil. Qloballa\u015fma \u015f\u0259raitind\u0259 is\u0259 bel\u0259 yana\u015fma z\u0259r\u0259rlidir, milli maraqlara, t\u0259hl\u00fck\u0259sizliyin t\u0259min olunmas\u0131na t\u0259hdidl\u0259r yarad\u0131r. Zaman \u00f6td\u00fckc\u0259, yeni reall\u0131qlar yarand\u0131qca qar\u015f\u0131ya \u00e7\u0131xan t\u0259l\u0259bl\u0259r d\u0259 d\u0259yi\u015fir. \u00d6lk\u0259mizd\u0259 realla\u015fd\u0131r\u0131lan institusional islahatlar da milli idar\u0259etm\u0259 sisteminin d\u00f6vr\u00fcn d\u0259yi\u015f\u0259n t\u0259l\u0259bl\u0259rin\u0259&hellip;<\/p>\n","protected":false},"author":2,"featured_media":100651,"comment_status":"closed","ping_status":"closed","sticky":false,"template":"","format":"standard","meta":{"om_disable_all_campaigns":false,"_monsterinsights_skip_tracking":false,"_monsterinsights_sitenote_active":false,"_monsterinsights_sitenote_note":"","_monsterinsights_sitenote_category":0},"categories":[4],"tags":[],"aioseo_notices":[],"gutentor_comment":0,"rttpg_featured_image_url":{"full":["https:\/\/arantv.az\/wp-content\/uploads\/2019\/11\/805137.jpg",800,600,false],"landscape":["https:\/\/arantv.az\/wp-content\/uploads\/2019\/11\/805137.jpg",800,600,false],"portraits":["https:\/\/arantv.az\/wp-content\/uploads\/2019\/11\/805137.jpg",800,600,false],"thumbnail":["https:\/\/arantv.az\/wp-content\/uploads\/2019\/11\/805137-150x150.jpg",150,150,true],"medium":["https:\/\/arantv.az\/wp-content\/uploads\/2019\/11\/805137-300x225.jpg",300,225,true],"large":["https:\/\/arantv.az\/wp-content\/uploads\/2019\/11\/805137.jpg",640,480,false],"1536x1536":["https:\/\/arantv.az\/wp-content\/uploads\/2019\/11\/805137.jpg",800,600,false],"2048x2048":["https:\/\/arantv.az\/wp-content\/uploads\/2019\/11\/805137.jpg",800,600,false],"post-thumbnail":["https:\/\/arantv.az\/wp-content\/uploads\/2019\/11\/805137-240x172.jpg",240,172,true],"advps-thumb-one":["https:\/\/arantv.az\/wp-content\/uploads\/2019\/11\/805137.jpg",800,600,false]},"rttpg_author":{"display_name":"V\u00fcsal Rafiqo\u011flu","author_link":"https:\/\/arantv.az\/?author=2"},"rttpg_comment":0,"rttpg_category":"<a href=\"https:\/\/arantv.az\/?cat=4\" rel=\"category\">Siyas\u0259t<\/a>","rttpg_excerpt":"Sirr deyil ki, Az\u0259rbaycanda institusional sferan\u0131, idar\u0259etm\u0259nin t\u0259kmill\u0259\u015fdirilm\u0259sini, daha \u00e7evik v\u0259 s\u0259m\u0259r\u0259li komandan\u0131n formala\u015fmas\u0131n\u0131, demokratik d\u0259yi\u015fiklikl\u0259r\u0259 h\u00fcquqi \u0259saslar yarad\u0131lmas\u0131n\u0131 \u00f6z\u00fcnd\u0259 ehtiva ed\u0259n siyasi islahatlar apar\u0131l\u0131r. M\u00fcasirl\u0259\u015fm\u0259ni strateji h\u0259d\u0259f se\u00e7\u0259n Az\u0259rbaycan idar\u0259etm\u0259 sah\u0259sind\u0259 realla\u015fd\u0131r\u0131lan islahatlarda da qabaqc\u0131l \u00f6lk\u0259l\u0259rin t\u0259cr\u00fcb\u0259sin\u0259 istinad edir. D\u00f6vl\u0259t idar\u0259\u00e7iliyini bir d\u0259f\u0259 qurulan v\u0259 he\u00e7 vaxt d\u0259yi\u015fm\u0259y\u0259c\u0259k mexanizm kimi t\u0259s\u0259vv\u00fcr etm\u0259k \u0259sla d\u00fczg\u00fcn&hellip;","_links":{"self":[{"href":"https:\/\/arantv.az\/index.php?rest_route=\/wp\/v2\/posts\/100650"}],"collection":[{"href":"https:\/\/arantv.az\/index.php?rest_route=\/wp\/v2\/posts"}],"about":[{"href":"https:\/\/arantv.az\/index.php?rest_route=\/wp\/v2\/types\/post"}],"author":[{"embeddable":true,"href":"https:\/\/arantv.az\/index.php?rest_route=\/wp\/v2\/users\/2"}],"replies":[{"embeddable":true,"href":"https:\/\/arantv.az\/index.php?rest_route=%2Fwp%2Fv2%2Fcomments&post=100650"}],"version-history":[{"count":0,"href":"https:\/\/arantv.az\/index.php?rest_route=\/wp\/v2\/posts\/100650\/revisions"}],"wp:featuredmedia":[{"embeddable":true,"href":"https:\/\/arantv.az\/index.php?rest_route=\/wp\/v2\/media\/100651"}],"wp:attachment":[{"href":"https:\/\/arantv.az\/index.php?rest_route=%2Fwp%2Fv2%2Fmedia&parent=100650"}],"wp:term":[{"taxonomy":"category","embeddable":true,"href":"https:\/\/arantv.az\/index.php?rest_route=%2Fwp%2Fv2%2Fcategories&post=100650"},{"taxonomy":"post_tag","embeddable":true,"href":"https:\/\/arantv.az\/index.php?rest_route=%2Fwp%2Fv2%2Ftags&post=100650"}],"curies":[{"name":"wp","href":"https:\/\/api.w.org\/{rel}","templated":true}]}}