{"id":100654,"date":"2019-11-25T16:05:15","date_gmt":"2019-11-25T13:05:15","guid":{"rendered":"http:\/\/arantv.az\/?p=100654"},"modified":"2019-11-25T16:05:15","modified_gmt":"2019-11-25T13:05:15","slug":"%c9%99l%c9%99t-azad-iqtisadi-zonasinin-muv%c9%99qq%c9%99ti-idar%c9%99etm%c9%99-qurumu-yaradilib-f%c9%99rman","status":"publish","type":"post","link":"https:\/\/arantv.az\/?p=100654","title":{"rendered":"\u018fl\u0259t azad iqtisadi zonas\u0131n\u0131n m\u00fcv\u0259qq\u0259ti idar\u0259etm\u0259 qurumu yarad\u0131l\u0131b &#8211; F\u018fRMAN"},"content":{"rendered":"<p>Prezident \u0130lham \u018fliyev &#8220;\u018fl\u0259t azad iqtisadi zonas\u0131 haqq\u0131nda&#8221; qanunda d\u0259yi\u015fiklik edilm\u0259si bar\u0259d\u0259&#8221; Az\u0259rbaycan Respublikas\u0131n\u0131n 2019-cu il 30 sentyabr tarixli 1670-VQD n\u00f6mr\u0259li Qanununun t\u0259tbiqi, &#8220;\u018fl\u0259t azad iqtisadi zonas\u0131 haqq\u0131nda&#8221; Az\u0259rbaycan Respublikas\u0131n\u0131n 2018-ci il 18 may tarixli 1143-VQ n\u00f6mr\u0259li Qanununun t\u0259tbiqi bar\u0259d\u0259&#8221; Az\u0259rbaycan Respublikas\u0131 Prezidentinin 2018-ci il 4 iyun tarixli 107 n\u00f6mr\u0259li f\u0259rman\u0131nda d\u0259yi\u015fiklik edilm\u0259si v\u0259 \u018fl\u0259t azad iqtisadi zonas\u0131n\u0131n f\u0259aliyy\u0259tinin t\u0259min edilm\u0259si il\u0259 ba\u011fl\u0131 \u0259lav\u0259 t\u0259dbirl\u0259r haqq\u0131nda f\u0259rman imzalay\u0131b.<\/p>\n<p><strong>ARANTV.AZ<\/strong>\u00a0<a href=\"http:\/\/azertag.az\/\" target=\"_blank\" rel=\"noopener\">AZ\u018fRTAC<\/a>-a istinad\u0259n bildirir ki,\u00a0f\u0259rmana \u0259sas\u0259n, \u018fl\u0259t azad iqtisadi zonas\u0131n\u0131n m\u00fcv\u0259qq\u0259ti idar\u0259etm\u0259 qurumu yarad\u0131l\u0131b.<\/p>\n<p>1. &#8220;\u018fl\u0259t azad iqtisadi zonas\u0131 haqq\u0131nda&#8221; Az\u0259rbaycan Respublikas\u0131n\u0131n 2018-ci il 18 may tarixli 1143-VQ n\u00f6mr\u0259li Qanununun t\u0259tbiqi bar\u0259d\u0259&#8221; Az\u0259rbaycan Respublikas\u0131 Prezidentinin 2018-ci il 4 iyun tarixli 107 n\u00f6mr\u0259li F\u0259rman\u0131n\u0131n (Az\u0259rbaycan Respublikas\u0131n\u0131n Qanunvericilik Toplusu, 2018, \u2116 6, madd\u0259 1197) 2-ci hiss\u0259sind\u0259 &#8220;v\u0259 19.1-ci madd\u0259sind\u0259&#8221; s\u00f6zl\u0259ri &#8220;, 19.1-ci v\u0259 32-ci madd\u0259l\u0259rind\u0259&#8221; s\u00f6zl\u0259ri il\u0259 \u0259v\u0259z edilsin.<\/p>\n<p>2. \u018fl\u0259t azad iqtisadi zonas\u0131n\u0131n (bundan sonra &#8211; Azad Zona) m\u00fcv\u0259qq\u0259ti idar\u0259etm\u0259 qurumu yarad\u0131ls\u0131n.<\/p>\n<p>3. M\u00fc\u0259yy\u0259n edilsin ki:<\/p>\n<p>3.1. Azad Zonan\u0131n m\u00fcv\u0259qq\u0259ti idar\u0259etm\u0259 qurumu &#8220;\u018fl\u0259t azad iqtisadi zonas\u0131 haqq\u0131nda&#8221; Az\u0259rbaycan Respublikas\u0131 Qanununa (bundan sonra &#8211; Qanun) uy\u011fun olaraq Azad Zonan\u0131n f\u0259aliyy\u0259tin\u0259 m\u0259sul olan, Azad Zonada t\u0259nziml\u0259m\u0259ni v\u0259 n\u0259zar\u0259ti h\u0259yata ke\u00e7ir\u0259n inzibati qurumdur;<\/p>\n<p>3.2. Qanunun 32-ci madd\u0259sin\u0259 uy\u011fun olaraq Azad Zonan\u0131n s\u0259lahiyy\u0259tli qurumu v\u0259 onun \u0130dar\u0259 Hey\u0259ti formala\u015fana q\u0259d\u0259r h\u0259min s\u0259lahiyy\u0259tli qurumun v\u0259 \u0130dar\u0259 Hey\u0259tinin h\u00fcquqlar\u0131n\u0131 v\u0259 v\u0259zif\u0259l\u0259rini m\u00fcv\u0259qq\u0259ti idar\u0259etm\u0259 qurumu h\u0259yata ke\u00e7irir;<\/p>\n<p>3.3. m\u00fcv\u0259qq\u0259ti idar\u0259etm\u0259 qurumuna Az\u0259rbaycan Respublikas\u0131n\u0131n Prezidenti t\u0259r\u0259find\u0259n v\u0259zif\u0259y\u0259 t\u0259yin v\u0259 v\u0259zif\u0259d\u0259n azad edil\u0259n m\u00fcv\u0259qq\u0259ti idar\u0259etm\u0259 qurumunun s\u0259dri (bundan sonra &#8211; s\u0259dr) r\u0259hb\u0259rlik edir;<\/p>\n<p>3.4. s\u0259dr Az\u0259rbaycan Respublikas\u0131n\u0131n Prezidentin\u0259 tabedir v\u0259 ona hesabat verir;<\/p>\n<p>3.5. m\u00fcv\u0259qq\u0259ti idar\u0259etm\u0259 qurumunun idar\u0259 olunmas\u0131 il\u0259 ba\u011fl\u0131 m\u00fcvafiq s\u0259n\u0259dl\u0259ri s\u0259dr q\u0259bul edir;<\/p>\n<p>3.6. m\u00fcv\u0259qq\u0259ti idar\u0259etm\u0259 qurumunun idar\u0259 olunmas\u0131na, strateji m\u0259qs\u0259dl\u0259rin\u0259 \u00e7atmas\u0131na v\u0259 f\u0259aliyy\u0259tin\u0259 g\u00f6r\u0259 s\u0259dr m\u0259suliyy\u0259t da\u015f\u0131y\u0131r;<\/p>\n<p>3.7. m\u00fcv\u0259qq\u0259ti idar\u0259etm\u0259 qurumunun maliyy\u0259 m\u0259s\u0259l\u0259l\u0259ri Qanunun 8-ci madd\u0259sin\u0259 uy\u011fun olaraq t\u0259nziml\u0259nir.<\/p>\n<p>4. S\u0259dr\u0259 tap\u015f\u0131r\u0131ls\u0131n ki:<\/p>\n<p>4.1. \u00fc\u00e7 ay m\u00fcdd\u0259tind\u0259:<\/p>\n<p>4.1.1. m\u00fcv\u0259qq\u0259ti idar\u0259etm\u0259 qurumunun t\u0259\u015fkilati strukturunu m\u00fc\u0259yy\u0259n etsin v\u0259 bu bar\u0259d\u0259 Az\u0259rbaycan Respublikas\u0131n\u0131n Prezidentin\u0259 m\u0259lumat versin;<\/p>\n<p>4.1.2. m\u00fcv\u0259qq\u0259ti idar\u0259etm\u0259 qurumunun b\u00fcdc\u0259sini t\u0259sdiq etsin;<\/p>\n<p>4.2. Azad Zonan\u0131n idar\u0259 edilm\u0259si v\u0259 inki\u015faf\u0131 il\u0259 ba\u011fl\u0131 Qanundan ir\u0259li g\u0259l\u0259n dig\u0259r s\u0259lahiyy\u0259tl\u0259rin h\u0259yata ke\u00e7irilm\u0259sini t\u0259min etsin.<\/p>\n<p>5. Az\u0259rbaycan Respublikas\u0131n\u0131n Nazirl\u0259r Kabineti:<\/p>\n<p>5.1. Qanunun 8-ci madd\u0259sin\u0259 uy\u011fun olaraq m\u00fcv\u0259qq\u0259ti idar\u0259etm\u0259 qurumunun \u00f6z h\u00fcquq v\u0259 v\u0259zif\u0259l\u0259rini h\u0259yata ke\u00e7irm\u0259si \u00fc\u00e7\u00fcn maliyy\u0259l\u0259\u015fm\u0259 m\u0259s\u0259l\u0259l\u0259rinin h\u0259llini t\u0259min etsin;<\/p>\n<p>5.2. bu F\u0259rmandan ir\u0259li g\u0259l\u0259n dig\u0259r m\u0259s\u0259l\u0259l\u0259ri h\u0259ll etsin.<\/p>\n<p>6. Az\u0259rbaycan Respublikas\u0131n\u0131n \u0130qtisadiyyat Nazirliyi:<\/p>\n<p>6.1. m\u00fcv\u0259qq\u0259ti idar\u0259etm\u0259 qurumunun \u00f6z h\u00fcquq v\u0259 v\u0259zif\u0259l\u0259rini h\u0259yata ke\u00e7irm\u0259si \u00fc\u00e7\u00fcn onun m\u00fcvafiq inzibati bina il\u0259 t\u0259min edilm\u0259si il\u0259 ba\u011fl\u0131 t\u0259dbirl\u0259r g\u00f6rs\u00fcn;<\/p>\n<p>6.2. bu F\u0259rmandan ir\u0259li g\u0259l\u0259n dig\u0259r m\u0259s\u0259l\u0259l\u0259ri h\u0259ll etsin.<\/p>\n<p>7. M\u0259rk\u0259zi v\u0259 yerli icra hakimiyy\u0259ti orqanlar\u0131, d\u00f6vl\u0259t ad\u0131ndan yarad\u0131lan publik h\u00fcquqi \u015f\u0259xsl\u0259r v\u0259 s\u0259hml\u0259rinin (paylar\u0131n\u0131n) n\u0259zar\u0259t z\u0259rfi d\u00f6vl\u0259t\u0259 m\u0259xsus olan h\u00fcquqi \u015f\u0259xsl\u0259r bu F\u0259rmandan ir\u0259li g\u0259l\u0259n m\u0259s\u0259l\u0259l\u0259rin h\u0259lli il\u0259 ba\u011fl\u0131 m\u00fcv\u0259qq\u0259ti idar\u0259etm\u0259 qurumuna laz\u0131mi k\u00f6m\u0259k g\u00f6st\u0259rilm\u0259sini t\u0259min etsinl\u0259r.<\/p>\n","protected":false},"excerpt":{"rendered":"<p>Prezident \u0130lham \u018fliyev &#8220;\u018fl\u0259t azad iqtisadi zonas\u0131 haqq\u0131nda&#8221; qanunda d\u0259yi\u015fiklik edilm\u0259si bar\u0259d\u0259&#8221; Az\u0259rbaycan Respublikas\u0131n\u0131n 2019-cu il 30 sentyabr tarixli 1670-VQD n\u00f6mr\u0259li Qanununun t\u0259tbiqi, &#8220;\u018fl\u0259t azad iqtisadi zonas\u0131 haqq\u0131nda&#8221; Az\u0259rbaycan Respublikas\u0131n\u0131n 2018-ci il 18 may tarixli 1143-VQ n\u00f6mr\u0259li Qanununun t\u0259tbiqi bar\u0259d\u0259&#8221; Az\u0259rbaycan Respublikas\u0131 Prezidentinin 2018-ci il 4 iyun tarixli 107 n\u00f6mr\u0259li f\u0259rman\u0131nda d\u0259yi\u015fiklik edilm\u0259si v\u0259 \u018fl\u0259t azad iqtisadi zonas\u0131n\u0131n f\u0259aliyy\u0259tinin t\u0259min edilm\u0259si il\u0259 ba\u011fl\u0131 \u0259lav\u0259 t\u0259dbirl\u0259r haqq\u0131nda f\u0259rman imzalay\u0131b. ARANTV.AZ\u00a0AZ\u018fRTAC-a istinad\u0259n bildirir ki,\u00a0f\u0259rmana \u0259sas\u0259n, \u018fl\u0259t azad iqtisadi zonas\u0131n\u0131n m\u00fcv\u0259qq\u0259ti idar\u0259etm\u0259 qurumu yarad\u0131l\u0131b. 1. &#8220;\u018fl\u0259t azad iqtisadi zonas\u0131 haqq\u0131nda&#8221; Az\u0259rbaycan Respublikas\u0131n\u0131n 2018-ci&hellip;<\/p>\n","protected":false},"author":2,"featured_media":100655,"comment_status":"closed","ping_status":"closed","sticky":false,"template":"","format":"standard","meta":{"om_disable_all_campaigns":false,"_monsterinsights_skip_tracking":false,"_monsterinsights_sitenote_active":false,"_monsterinsights_sitenote_note":"","_monsterinsights_sitenote_category":0},"categories":[4],"tags":[],"aioseo_notices":[],"gutentor_comment":0,"rttpg_featured_image_url":{"full":["https:\/\/arantv.az\/wp-content\/uploads\/2019\/11\/2018_ilham_aliyev_01-8.jpg",1200,900,false],"landscape":["https:\/\/arantv.az\/wp-content\/uploads\/2019\/11\/2018_ilham_aliyev_01-8.jpg",1200,900,false],"portraits":["https:\/\/arantv.az\/wp-content\/uploads\/2019\/11\/2018_ilham_aliyev_01-8.jpg",1200,900,false],"thumbnail":["https:\/\/arantv.az\/wp-content\/uploads\/2019\/11\/2018_ilham_aliyev_01-8-150x150.jpg",150,150,true],"medium":["https:\/\/arantv.az\/wp-content\/uploads\/2019\/11\/2018_ilham_aliyev_01-8-300x225.jpg",300,225,true],"large":["https:\/\/arantv.az\/wp-content\/uploads\/2019\/11\/2018_ilham_aliyev_01-8-1024x768.jpg",640,480,true],"1536x1536":["https:\/\/arantv.az\/wp-content\/uploads\/2019\/11\/2018_ilham_aliyev_01-8.jpg",1200,900,false],"2048x2048":["https:\/\/arantv.az\/wp-content\/uploads\/2019\/11\/2018_ilham_aliyev_01-8.jpg",1200,900,false],"post-thumbnail":["https:\/\/arantv.az\/wp-content\/uploads\/2019\/11\/2018_ilham_aliyev_01-8-240x172.jpg",240,172,true],"advps-thumb-one":["https:\/\/arantv.az\/wp-content\/uploads\/2019\/11\/2018_ilham_aliyev_01-8-1200x620.jpg",1200,620,true]},"rttpg_author":{"display_name":"V\u00fcsal Rafiqo\u011flu","author_link":"https:\/\/arantv.az\/?author=2"},"rttpg_comment":0,"rttpg_category":"<a href=\"https:\/\/arantv.az\/?cat=4\" rel=\"category\">Siyas\u0259t<\/a>","rttpg_excerpt":"Prezident \u0130lham \u018fliyev &#8220;\u018fl\u0259t azad iqtisadi zonas\u0131 haqq\u0131nda&#8221; qanunda d\u0259yi\u015fiklik edilm\u0259si bar\u0259d\u0259&#8221; Az\u0259rbaycan Respublikas\u0131n\u0131n 2019-cu il 30 sentyabr tarixli 1670-VQD n\u00f6mr\u0259li Qanununun t\u0259tbiqi, &#8220;\u018fl\u0259t azad iqtisadi zonas\u0131 haqq\u0131nda&#8221; Az\u0259rbaycan Respublikas\u0131n\u0131n 2018-ci il 18 may tarixli 1143-VQ n\u00f6mr\u0259li Qanununun t\u0259tbiqi bar\u0259d\u0259&#8221; Az\u0259rbaycan Respublikas\u0131 Prezidentinin 2018-ci il 4 iyun tarixli 107 n\u00f6mr\u0259li f\u0259rman\u0131nda d\u0259yi\u015fiklik edilm\u0259si v\u0259 \u018fl\u0259t&hellip;","_links":{"self":[{"href":"https:\/\/arantv.az\/index.php?rest_route=\/wp\/v2\/posts\/100654"}],"collection":[{"href":"https:\/\/arantv.az\/index.php?rest_route=\/wp\/v2\/posts"}],"about":[{"href":"https:\/\/arantv.az\/index.php?rest_route=\/wp\/v2\/types\/post"}],"author":[{"embeddable":true,"href":"https:\/\/arantv.az\/index.php?rest_route=\/wp\/v2\/users\/2"}],"replies":[{"embeddable":true,"href":"https:\/\/arantv.az\/index.php?rest_route=%2Fwp%2Fv2%2Fcomments&post=100654"}],"version-history":[{"count":0,"href":"https:\/\/arantv.az\/index.php?rest_route=\/wp\/v2\/posts\/100654\/revisions"}],"wp:featuredmedia":[{"embeddable":true,"href":"https:\/\/arantv.az\/index.php?rest_route=\/wp\/v2\/media\/100655"}],"wp:attachment":[{"href":"https:\/\/arantv.az\/index.php?rest_route=%2Fwp%2Fv2%2Fmedia&parent=100654"}],"wp:term":[{"taxonomy":"category","embeddable":true,"href":"https:\/\/arantv.az\/index.php?rest_route=%2Fwp%2Fv2%2Fcategories&post=100654"},{"taxonomy":"post_tag","embeddable":true,"href":"https:\/\/arantv.az\/index.php?rest_route=%2Fwp%2Fv2%2Ftags&post=100654"}],"curies":[{"name":"wp","href":"https:\/\/api.w.org\/{rel}","templated":true}]}}