{"id":100691,"date":"2019-11-25T16:43:02","date_gmt":"2019-11-25T13:43:02","guid":{"rendered":"http:\/\/arantv.az\/?p=100691"},"modified":"2019-11-25T16:43:02","modified_gmt":"2019-11-25T13:43:02","slug":"deputat-niy%c9%99-bu-cur-ol%c9%99n-insanin-meyiti-yarilmalidir","status":"publish","type":"post","link":"https:\/\/arantv.az\/?p=100691","title":{"rendered":"Deputat: Niy\u0259 bu c\u00fcr \u00f6l\u0259n insan\u0131n meyiti yar\u0131lmal\u0131d\u0131r?"},"content":{"rendered":"<p>Bu g\u00fcn Az\u0259rbaycanda meyitl\u0259rin yar\u0131lmas\u0131 hallar\u0131 il\u0259 ba\u011fl\u0131 ciddi probleml\u0259r var.<\/p>\n<p><b>ARANTV.AZ<\/b>-\u0131n m\u0259lumat\u0131na g\u00f6r\u0259, bunu Milli M\u0259clisin iclas\u0131nda deputat Tahir K\u0259rimli deyib.<\/p>\n<div id=\"AdviadNativeVideo0\" class=\"AdviadNativeVideo\"><\/div>\n<p>Onun s\u00f6zl\u0259rin\u0259 g\u00f6r\u0259, b\u0259z\u0259n z\u0259rur\u0259t oldu\u011fu t\u0259qdird\u0259 meyitl\u0259r yar\u0131lm\u0131r, amma h\u0259min meyitl\u0259r yar\u0131l\u0131bm\u0131\u015f kimi r\u0259smil\u0259\u015fdirilir.<\/p>\n<p>\u201cBu sah\u0259d\u0259 r\u00fc\u015fv\u0259t v\u0259 korrupsiya hallar\u0131 var. B\u0259z\u0259n\u00a0kimins\u0259 ba\u015f\u0131na da\u015f d\u00fc\u015f\u00fcb \u00f6l\u00fcr. Onun meyitinin yar\u0131lmas\u0131 z\u0259rur\u0259t\u0259 \u00e7evrilmir. Amma g\u00f6r\u00fcrs\u0259n ki, ekspert meyitin yar\u0131lmas\u0131n\u0131 vacib say\u0131r. Niy\u0259 bu c\u00fcr \u00f6l\u0259n insanlar\u0131n meyitl\u0259ri yar\u0131lmal\u0131d\u0131r?!\u201dOxu.Az<\/p>\n","protected":false},"excerpt":{"rendered":"<p>Bu g\u00fcn Az\u0259rbaycanda meyitl\u0259rin yar\u0131lmas\u0131 hallar\u0131 il\u0259 ba\u011fl\u0131 ciddi probleml\u0259r var. ARANTV.AZ-\u0131n m\u0259lumat\u0131na g\u00f6r\u0259, bunu Milli M\u0259clisin iclas\u0131nda deputat Tahir K\u0259rimli deyib. Onun s\u00f6zl\u0259rin\u0259 g\u00f6r\u0259, b\u0259z\u0259n z\u0259rur\u0259t oldu\u011fu t\u0259qdird\u0259 meyitl\u0259r yar\u0131lm\u0131r, amma h\u0259min meyitl\u0259r yar\u0131l\u0131bm\u0131\u015f kimi r\u0259smil\u0259\u015fdirilir. \u201cBu sah\u0259d\u0259 r\u00fc\u015fv\u0259t v\u0259 korrupsiya hallar\u0131 var. B\u0259z\u0259n\u00a0kimins\u0259 ba\u015f\u0131na da\u015f d\u00fc\u015f\u00fcb \u00f6l\u00fcr. Onun meyitinin yar\u0131lmas\u0131 z\u0259rur\u0259t\u0259 \u00e7evrilmir. Amma g\u00f6r\u00fcrs\u0259n ki, ekspert meyitin yar\u0131lmas\u0131n\u0131 vacib say\u0131r. Niy\u0259 bu c\u00fcr \u00f6l\u0259n insanlar\u0131n meyitl\u0259ri yar\u0131lmal\u0131d\u0131r?!\u201dOxu.Az<\/p>\n","protected":false},"author":2,"featured_media":100692,"comment_status":"closed","ping_status":"closed","sticky":false,"template":"","format":"standard","meta":{"om_disable_all_campaigns":false,"_monsterinsights_skip_tracking":false,"_monsterinsights_sitenote_active":false,"_monsterinsights_sitenote_note":"","_monsterinsights_sitenote_category":0},"categories":[1],"tags":[],"aioseo_notices":[],"gutentor_comment":0,"rttpg_featured_image_url":{"full":["https:\/\/arantv.az\/wp-content\/uploads\/2019\/11\/tahir.jpg",620,413,false],"landscape":["https:\/\/arantv.az\/wp-content\/uploads\/2019\/11\/tahir.jpg",620,413,false],"portraits":["https:\/\/arantv.az\/wp-content\/uploads\/2019\/11\/tahir.jpg",620,413,false],"thumbnail":["https:\/\/arantv.az\/wp-content\/uploads\/2019\/11\/tahir-150x150.jpg",150,150,true],"medium":["https:\/\/arantv.az\/wp-content\/uploads\/2019\/11\/tahir-300x200.jpg",300,200,true],"large":["https:\/\/arantv.az\/wp-content\/uploads\/2019\/11\/tahir.jpg",620,413,false],"1536x1536":["https:\/\/arantv.az\/wp-content\/uploads\/2019\/11\/tahir.jpg",620,413,false],"2048x2048":["https:\/\/arantv.az\/wp-content\/uploads\/2019\/11\/tahir.jpg",620,413,false],"post-thumbnail":["https:\/\/arantv.az\/wp-content\/uploads\/2019\/11\/tahir-240x172.jpg",240,172,true],"advps-thumb-one":["https:\/\/arantv.az\/wp-content\/uploads\/2019\/11\/tahir.jpg",620,413,false]},"rttpg_author":{"display_name":"V\u00fcsal Rafiqo\u011flu","author_link":"https:\/\/arantv.az\/?author=2"},"rttpg_comment":0,"rttpg_category":"<a href=\"https:\/\/arantv.az\/?cat=1\" rel=\"category\">C\u0259miyy\u0259t<\/a>","rttpg_excerpt":"Bu g\u00fcn Az\u0259rbaycanda meyitl\u0259rin yar\u0131lmas\u0131 hallar\u0131 il\u0259 ba\u011fl\u0131 ciddi probleml\u0259r var. ARANTV.AZ-\u0131n m\u0259lumat\u0131na g\u00f6r\u0259, bunu Milli M\u0259clisin iclas\u0131nda deputat Tahir K\u0259rimli deyib. Onun s\u00f6zl\u0259rin\u0259 g\u00f6r\u0259, b\u0259z\u0259n z\u0259rur\u0259t oldu\u011fu t\u0259qdird\u0259 meyitl\u0259r yar\u0131lm\u0131r, amma h\u0259min meyitl\u0259r yar\u0131l\u0131bm\u0131\u015f kimi r\u0259smil\u0259\u015fdirilir. \u201cBu sah\u0259d\u0259 r\u00fc\u015fv\u0259t v\u0259 korrupsiya hallar\u0131 var. B\u0259z\u0259n\u00a0kimins\u0259 ba\u015f\u0131na da\u015f d\u00fc\u015f\u00fcb \u00f6l\u00fcr. Onun meyitinin yar\u0131lmas\u0131 z\u0259rur\u0259t\u0259 \u00e7evrilmir. Amma&hellip;","_links":{"self":[{"href":"https:\/\/arantv.az\/index.php?rest_route=\/wp\/v2\/posts\/100691"}],"collection":[{"href":"https:\/\/arantv.az\/index.php?rest_route=\/wp\/v2\/posts"}],"about":[{"href":"https:\/\/arantv.az\/index.php?rest_route=\/wp\/v2\/types\/post"}],"author":[{"embeddable":true,"href":"https:\/\/arantv.az\/index.php?rest_route=\/wp\/v2\/users\/2"}],"replies":[{"embeddable":true,"href":"https:\/\/arantv.az\/index.php?rest_route=%2Fwp%2Fv2%2Fcomments&post=100691"}],"version-history":[{"count":0,"href":"https:\/\/arantv.az\/index.php?rest_route=\/wp\/v2\/posts\/100691\/revisions"}],"wp:featuredmedia":[{"embeddable":true,"href":"https:\/\/arantv.az\/index.php?rest_route=\/wp\/v2\/media\/100692"}],"wp:attachment":[{"href":"https:\/\/arantv.az\/index.php?rest_route=%2Fwp%2Fv2%2Fmedia&parent=100691"}],"wp:term":[{"taxonomy":"category","embeddable":true,"href":"https:\/\/arantv.az\/index.php?rest_route=%2Fwp%2Fv2%2Fcategories&post=100691"},{"taxonomy":"post_tag","embeddable":true,"href":"https:\/\/arantv.az\/index.php?rest_route=%2Fwp%2Fv2%2Ftags&post=100691"}],"curies":[{"name":"wp","href":"https:\/\/api.w.org\/{rel}","templated":true}]}}