{"id":100707,"date":"2019-11-26T08:17:38","date_gmt":"2019-11-26T05:17:38","guid":{"rendered":"http:\/\/arantv.az\/?p=100707"},"modified":"2019-11-26T08:17:38","modified_gmt":"2019-11-26T05:17:38","slug":"ilham-%c9%99liyev-bdu-nun-bir-qrup-%c9%99m%c9%99kdasini-prezidentin-f%c9%99xri-diplomu-il%c9%99-t%c9%99ltif-etdi","status":"publish","type":"post","link":"https:\/\/arantv.az\/?p=100707","title":{"rendered":"\u0130lham \u018fliyev BDU-nun bir qrup \u0259m\u0259kda\u015f\u0131n\u0131 \u201cPrezidentin f\u0259xri diplomu\u201d il\u0259 t\u0259ltif etdi"},"content":{"rendered":"<p>Prezident \u0130lham \u018fliyev Bak\u0131 D\u00f6vl\u0259t Universitetinin \u0259m\u0259kda\u015flar\u0131n\u0131n \u201cAz\u0259rbaycan Respublikas\u0131 Prezidentinin f\u0259xri diplomu\u201d il\u0259 t\u0259ltif edilm\u0259si haqq\u0131nda s\u0259r\u0259ncam imzalay\u0131b.<\/p>\n<p><strong>ARANTV.AZ<\/strong> x\u0259b\u0259r verir ki, s\u0259r\u0259ncama \u0259sas\u0259n, Bak\u0131 D\u00f6vl\u0259t Universitetinin 100 illiyi m\u00fcnasib\u0259til\u0259 v\u0259 Az\u0259rbaycanda t\u0259hsilin v\u0259 elmin inki\u015faf\u0131ndak\u0131 xidm\u0259tl\u0259rin\u0259 g\u00f6r\u0259 Bak\u0131 D\u00f6vl\u0259t Universitetinin a\u015fa\u011f\u0131dak\u0131 \u0259m\u0259kda\u015flar\u0131 \u201cAz\u0259rbaycan Respublikas\u0131 Prezidentinin f\u0259xri diplomu\u201d il\u0259 t\u0259ltif edilib:<\/p>\n<p>Babazad\u0259 Vasif M\u0259mm\u0259d A\u011fa o\u011flu<\/p>\n<p>\u018fliyeva \u0130rad\u0259 Nur\u0259ddin q\u0131z\u0131<\/p>\n<p>\u0130brahimova Sara H\u00f6kmulla q\u0131z\u0131<\/p>\n<p>\u0130sg\u0259nd\u0259rov Anar Camal o\u011flu<\/p>\n<p>Qurbanov \u018fs\u0259dulla C\u00fcc\u00fc o\u011flu<\/p>\n<p>M\u0259likova M\u0259sum\u0259 Fazil q\u0131z\u0131.<\/p>\n<p>AZ\u018fRTAC<\/p>\n","protected":false},"excerpt":{"rendered":"<p>Prezident \u0130lham \u018fliyev Bak\u0131 D\u00f6vl\u0259t Universitetinin \u0259m\u0259kda\u015flar\u0131n\u0131n \u201cAz\u0259rbaycan Respublikas\u0131 Prezidentinin f\u0259xri diplomu\u201d il\u0259 t\u0259ltif edilm\u0259si haqq\u0131nda s\u0259r\u0259ncam imzalay\u0131b. ARANTV.AZ x\u0259b\u0259r verir ki, s\u0259r\u0259ncama \u0259sas\u0259n, Bak\u0131 D\u00f6vl\u0259t Universitetinin 100 illiyi m\u00fcnasib\u0259til\u0259 v\u0259 Az\u0259rbaycanda t\u0259hsilin v\u0259 elmin inki\u015faf\u0131ndak\u0131 xidm\u0259tl\u0259rin\u0259 g\u00f6r\u0259 Bak\u0131 D\u00f6vl\u0259t Universitetinin a\u015fa\u011f\u0131dak\u0131 \u0259m\u0259kda\u015flar\u0131 \u201cAz\u0259rbaycan Respublikas\u0131 Prezidentinin f\u0259xri diplomu\u201d il\u0259 t\u0259ltif edilib: Babazad\u0259 Vasif M\u0259mm\u0259d A\u011fa o\u011flu \u018fliyeva \u0130rad\u0259 Nur\u0259ddin q\u0131z\u0131 \u0130brahimova Sara H\u00f6kmulla q\u0131z\u0131 \u0130sg\u0259nd\u0259rov Anar Camal o\u011flu Qurbanov \u018fs\u0259dulla C\u00fcc\u00fc o\u011flu M\u0259likova M\u0259sum\u0259 Fazil q\u0131z\u0131. AZ\u018fRTAC<\/p>\n","protected":false},"author":2,"featured_media":100708,"comment_status":"closed","ping_status":"closed","sticky":false,"template":"","format":"standard","meta":{"om_disable_all_campaigns":false,"_monsterinsights_skip_tracking":false,"_monsterinsights_sitenote_active":false,"_monsterinsights_sitenote_note":"","_monsterinsights_sitenote_category":0},"categories":[4],"tags":[],"aioseo_notices":[],"gutentor_comment":0,"rttpg_featured_image_url":{"full":["https:\/\/arantv.az\/wp-content\/uploads\/2019\/11\/imza.jpg",620,354,false],"landscape":["https:\/\/arantv.az\/wp-content\/uploads\/2019\/11\/imza.jpg",620,354,false],"portraits":["https:\/\/arantv.az\/wp-content\/uploads\/2019\/11\/imza.jpg",620,354,false],"thumbnail":["https:\/\/arantv.az\/wp-content\/uploads\/2019\/11\/imza-150x150.jpg",150,150,true],"medium":["https:\/\/arantv.az\/wp-content\/uploads\/2019\/11\/imza-300x171.jpg",300,171,true],"large":["https:\/\/arantv.az\/wp-content\/uploads\/2019\/11\/imza.jpg",620,354,false],"1536x1536":["https:\/\/arantv.az\/wp-content\/uploads\/2019\/11\/imza.jpg",620,354,false],"2048x2048":["https:\/\/arantv.az\/wp-content\/uploads\/2019\/11\/imza.jpg",620,354,false],"post-thumbnail":["https:\/\/arantv.az\/wp-content\/uploads\/2019\/11\/imza-240x172.jpg",240,172,true],"advps-thumb-one":["https:\/\/arantv.az\/wp-content\/uploads\/2019\/11\/imza.jpg",620,354,false]},"rttpg_author":{"display_name":"V\u00fcsal Rafiqo\u011flu","author_link":"https:\/\/arantv.az\/?author=2"},"rttpg_comment":0,"rttpg_category":"<a href=\"https:\/\/arantv.az\/?cat=4\" rel=\"category\">Siyas\u0259t<\/a>","rttpg_excerpt":"Prezident \u0130lham \u018fliyev Bak\u0131 D\u00f6vl\u0259t Universitetinin \u0259m\u0259kda\u015flar\u0131n\u0131n \u201cAz\u0259rbaycan Respublikas\u0131 Prezidentinin f\u0259xri diplomu\u201d il\u0259 t\u0259ltif edilm\u0259si haqq\u0131nda s\u0259r\u0259ncam imzalay\u0131b. ARANTV.AZ x\u0259b\u0259r verir ki, s\u0259r\u0259ncama \u0259sas\u0259n, Bak\u0131 D\u00f6vl\u0259t Universitetinin 100 illiyi m\u00fcnasib\u0259til\u0259 v\u0259 Az\u0259rbaycanda t\u0259hsilin v\u0259 elmin inki\u015faf\u0131ndak\u0131 xidm\u0259tl\u0259rin\u0259 g\u00f6r\u0259 Bak\u0131 D\u00f6vl\u0259t Universitetinin a\u015fa\u011f\u0131dak\u0131 \u0259m\u0259kda\u015flar\u0131 \u201cAz\u0259rbaycan Respublikas\u0131 Prezidentinin f\u0259xri diplomu\u201d il\u0259 t\u0259ltif edilib: Babazad\u0259 Vasif M\u0259mm\u0259d A\u011fa&hellip;","_links":{"self":[{"href":"https:\/\/arantv.az\/index.php?rest_route=\/wp\/v2\/posts\/100707"}],"collection":[{"href":"https:\/\/arantv.az\/index.php?rest_route=\/wp\/v2\/posts"}],"about":[{"href":"https:\/\/arantv.az\/index.php?rest_route=\/wp\/v2\/types\/post"}],"author":[{"embeddable":true,"href":"https:\/\/arantv.az\/index.php?rest_route=\/wp\/v2\/users\/2"}],"replies":[{"embeddable":true,"href":"https:\/\/arantv.az\/index.php?rest_route=%2Fwp%2Fv2%2Fcomments&post=100707"}],"version-history":[{"count":0,"href":"https:\/\/arantv.az\/index.php?rest_route=\/wp\/v2\/posts\/100707\/revisions"}],"wp:featuredmedia":[{"embeddable":true,"href":"https:\/\/arantv.az\/index.php?rest_route=\/wp\/v2\/media\/100708"}],"wp:attachment":[{"href":"https:\/\/arantv.az\/index.php?rest_route=%2Fwp%2Fv2%2Fmedia&parent=100707"}],"wp:term":[{"taxonomy":"category","embeddable":true,"href":"https:\/\/arantv.az\/index.php?rest_route=%2Fwp%2Fv2%2Fcategories&post=100707"},{"taxonomy":"post_tag","embeddable":true,"href":"https:\/\/arantv.az\/index.php?rest_route=%2Fwp%2Fv2%2Ftags&post=100707"}],"curies":[{"name":"wp","href":"https:\/\/api.w.org\/{rel}","templated":true}]}}