{"id":100711,"date":"2019-11-26T08:18:52","date_gmt":"2019-11-26T05:18:52","guid":{"rendered":"http:\/\/arantv.az\/?p=100711"},"modified":"2019-11-26T08:18:52","modified_gmt":"2019-11-26T05:18:52","slug":"prezident-bdu-nun-%c9%99m%c9%99kdaslarina-f%c9%99xri-adlar-verdi","status":"publish","type":"post","link":"https:\/\/arantv.az\/?p=100711","title":{"rendered":"Prezident BDU-nun \u0259m\u0259kda\u015flar\u0131na f\u0259xri adlar verdi"},"content":{"rendered":"<p>\u00d6lk\u0259 ba\u015f\u00e7\u0131s\u0131 \u0130lham \u018fliyev Bak\u0131 D\u00f6vl\u0259t Universitetinin \u0259m\u0259kda\u015flar\u0131na f\u0259xri adlar\u0131n verilm\u0259si haqq\u0131nda s\u0259r\u0259ncam imzalay\u0131b.<\/p>\n<p><strong>ARANTV.AZ<\/strong> x\u0259b\u0259r verir ki, s\u0259r\u0259ncama \u0259sas\u0259n, Bak\u0131 D\u00f6vl\u0259t Universitetinin 100 illiyi m\u00fcnasib\u0259til\u0259 v\u0259 Az\u0259rbaycanda t\u0259hsilin v\u0259 elmin inki\u015faf\u0131ndak\u0131 xidm\u0259tl\u0259rin\u0259 g\u00f6r\u0259 Bak\u0131 D\u00f6vl\u0259t Universitetinin a\u015fa\u011f\u0131dak\u0131 \u0259m\u0259kda\u015flar\u0131na Az\u0259rbaycan Respublikas\u0131n\u0131n f\u0259xri adlar\u0131 verilib.<\/p>\n<p><strong>\u201c\u018fm\u0259kdar elm xadimi\u201d\u00a0<\/strong><\/p>\n<p>\u018fliyev Fikr\u0259t \u018fhm\u0259d\u0259li o\u011flu<\/p>\n<p>\u018fzizov Abduls\u0259yid \u018fbd\u00fclh\u0259mid o\u011flu<\/p>\n<p>Qurbanov El\u015fad M\u0259cnun o\u011flu<\/p>\n<p>S\u0259limov Arif A\u011facan o\u011flu<\/p>\n<p>\u015e\u0259msizad\u0259 Nizam\u0259ddin \u015e\u0259ms\u0259ddin o\u011flu<\/p>\n<p>Yaqubov M\u0259mm\u0259d Haqverdi o\u011flu<\/p>\n<p>&nbsp;<\/p>\n<p><strong>\u201c\u018fm\u0259kdar m\u00fc\u0259llim\u201d\u00a0<\/strong><\/p>\n<p>Abbasova \u0130p\u0259k Soltan q\u0131z\u0131<\/p>\n<p>Abdullayev \u0130mran M\u0259mm\u0259d\u0259li o\u011flu<\/p>\n<p>Abdullayev Rizvan \u018fhm\u0259d o\u011flu<\/p>\n<p>A\u011faki\u015fiyev \u018fliheyd\u0259r Yunis o\u011flu<\/p>\n<p>Allahverdiyeva S\u0259fur\u0259 Bayram q\u0131z\u0131<\/p>\n<p>Bayramov Rafael V\u0259li o\u011flu<\/p>\n<p>B\u0259d\u0259lb\u0259yli \u00dclf\u0259t \u0130smay\u0131l q\u0131z\u0131<\/p>\n<p>C\u0259f\u0259rov Yasin \u0130sa o\u011flu<\/p>\n<p>C\u0259lilov Abutal\u0131b H\u00fcmb\u0259t o\u011flu<\/p>\n<p>Fiqarova Sofya R\u00fcst\u0259m q\u0131z\u0131<\/p>\n<p>H\u00fcseynov Hiday\u0259t M\u0259mm\u0259d o\u011flu<\/p>\n<p>Qocamanov M\u0259qs\u0259d H\u00fcseyn o\u011flu<\/p>\n<p>Quliyev Hamlet F\u0259rman o\u011flu<\/p>\n<p>Mahmudzad\u0259 Ramin \u018flinazim o\u011flu<\/p>\n<p>M\u0259mm\u0259dov K\u0259r\u0259m H\u0259t\u0259m o\u011flu<\/p>\n<p>M\u0259mm\u0259dov Knyaz \u015eiraslan o\u011flu<\/p>\n<p>M\u0259mm\u0259dov Nuru Zeynalabdin o\u011flu<\/p>\n<p>M\u0259mm\u0259dova Af\u0259t Oqtay q\u0131z\u0131<\/p>\n<p>Orucov El\u015far Qurban o\u011flu<\/p>\n<p>Orucov H\u0259mza\u011fa Davud o\u011flu<\/p>\n<p>Rzayev Etibar Abas\u0259li o\u011flu<\/p>\n<p>V\u0259liyev \u0130slam Dini o\u011flu<\/p>\n<p>Yusubov \u015eakir \u015e\u0131x\u0131 o\u011flu.<\/p>\n<p>AZ\u018fRTAC<\/p>\n","protected":false},"excerpt":{"rendered":"<p>\u00d6lk\u0259 ba\u015f\u00e7\u0131s\u0131 \u0130lham \u018fliyev Bak\u0131 D\u00f6vl\u0259t Universitetinin \u0259m\u0259kda\u015flar\u0131na f\u0259xri adlar\u0131n verilm\u0259si haqq\u0131nda s\u0259r\u0259ncam imzalay\u0131b. ARANTV.AZ x\u0259b\u0259r verir ki, s\u0259r\u0259ncama \u0259sas\u0259n, Bak\u0131 D\u00f6vl\u0259t Universitetinin 100 illiyi m\u00fcnasib\u0259til\u0259 v\u0259 Az\u0259rbaycanda t\u0259hsilin v\u0259 elmin inki\u015faf\u0131ndak\u0131 xidm\u0259tl\u0259rin\u0259 g\u00f6r\u0259 Bak\u0131 D\u00f6vl\u0259t Universitetinin a\u015fa\u011f\u0131dak\u0131 \u0259m\u0259kda\u015flar\u0131na Az\u0259rbaycan Respublikas\u0131n\u0131n f\u0259xri adlar\u0131 verilib. \u201c\u018fm\u0259kdar elm xadimi\u201d\u00a0 \u018fliyev Fikr\u0259t \u018fhm\u0259d\u0259li o\u011flu \u018fzizov Abduls\u0259yid \u018fbd\u00fclh\u0259mid o\u011flu Qurbanov El\u015fad M\u0259cnun o\u011flu S\u0259limov Arif A\u011facan o\u011flu \u015e\u0259msizad\u0259 Nizam\u0259ddin \u015e\u0259ms\u0259ddin o\u011flu Yaqubov M\u0259mm\u0259d Haqverdi o\u011flu &nbsp; \u201c\u018fm\u0259kdar m\u00fc\u0259llim\u201d\u00a0 Abbasova \u0130p\u0259k Soltan q\u0131z\u0131 Abdullayev \u0130mran M\u0259mm\u0259d\u0259li o\u011flu Abdullayev Rizvan \u018fhm\u0259d o\u011flu A\u011faki\u015fiyev \u018fliheyd\u0259r Yunis o\u011flu&hellip;<\/p>\n","protected":false},"author":2,"featured_media":100712,"comment_status":"closed","ping_status":"closed","sticky":false,"template":"","format":"standard","meta":{"om_disable_all_campaigns":false,"_monsterinsights_skip_tracking":false,"_monsterinsights_sitenote_active":false,"_monsterinsights_sitenote_note":"","_monsterinsights_sitenote_category":0},"categories":[4],"tags":[],"aioseo_notices":[],"gutentor_comment":0,"rttpg_featured_image_url":{"full":["https:\/\/arantv.az\/wp-content\/uploads\/2019\/11\/BDU.jpg",620,335,false],"landscape":["https:\/\/arantv.az\/wp-content\/uploads\/2019\/11\/BDU.jpg",620,335,false],"portraits":["https:\/\/arantv.az\/wp-content\/uploads\/2019\/11\/BDU.jpg",620,335,false],"thumbnail":["https:\/\/arantv.az\/wp-content\/uploads\/2019\/11\/BDU-150x150.jpg",150,150,true],"medium":["https:\/\/arantv.az\/wp-content\/uploads\/2019\/11\/BDU-300x162.jpg",300,162,true],"large":["https:\/\/arantv.az\/wp-content\/uploads\/2019\/11\/BDU.jpg",620,335,false],"1536x1536":["https:\/\/arantv.az\/wp-content\/uploads\/2019\/11\/BDU.jpg",620,335,false],"2048x2048":["https:\/\/arantv.az\/wp-content\/uploads\/2019\/11\/BDU.jpg",620,335,false],"post-thumbnail":["https:\/\/arantv.az\/wp-content\/uploads\/2019\/11\/BDU-240x172.jpg",240,172,true],"advps-thumb-one":["https:\/\/arantv.az\/wp-content\/uploads\/2019\/11\/BDU.jpg",620,335,false]},"rttpg_author":{"display_name":"V\u00fcsal Rafiqo\u011flu","author_link":"https:\/\/arantv.az\/?author=2"},"rttpg_comment":0,"rttpg_category":"<a href=\"https:\/\/arantv.az\/?cat=4\" rel=\"category\">Siyas\u0259t<\/a>","rttpg_excerpt":"\u00d6lk\u0259 ba\u015f\u00e7\u0131s\u0131 \u0130lham \u018fliyev Bak\u0131 D\u00f6vl\u0259t Universitetinin \u0259m\u0259kda\u015flar\u0131na f\u0259xri adlar\u0131n verilm\u0259si haqq\u0131nda s\u0259r\u0259ncam imzalay\u0131b. ARANTV.AZ x\u0259b\u0259r verir ki, s\u0259r\u0259ncama \u0259sas\u0259n, Bak\u0131 D\u00f6vl\u0259t Universitetinin 100 illiyi m\u00fcnasib\u0259til\u0259 v\u0259 Az\u0259rbaycanda t\u0259hsilin v\u0259 elmin inki\u015faf\u0131ndak\u0131 xidm\u0259tl\u0259rin\u0259 g\u00f6r\u0259 Bak\u0131 D\u00f6vl\u0259t Universitetinin a\u015fa\u011f\u0131dak\u0131 \u0259m\u0259kda\u015flar\u0131na Az\u0259rbaycan Respublikas\u0131n\u0131n f\u0259xri adlar\u0131 verilib. \u201c\u018fm\u0259kdar elm xadimi\u201d\u00a0 \u018fliyev Fikr\u0259t \u018fhm\u0259d\u0259li o\u011flu \u018fzizov Abduls\u0259yid \u018fbd\u00fclh\u0259mid o\u011flu&hellip;","_links":{"self":[{"href":"https:\/\/arantv.az\/index.php?rest_route=\/wp\/v2\/posts\/100711"}],"collection":[{"href":"https:\/\/arantv.az\/index.php?rest_route=\/wp\/v2\/posts"}],"about":[{"href":"https:\/\/arantv.az\/index.php?rest_route=\/wp\/v2\/types\/post"}],"author":[{"embeddable":true,"href":"https:\/\/arantv.az\/index.php?rest_route=\/wp\/v2\/users\/2"}],"replies":[{"embeddable":true,"href":"https:\/\/arantv.az\/index.php?rest_route=%2Fwp%2Fv2%2Fcomments&post=100711"}],"version-history":[{"count":0,"href":"https:\/\/arantv.az\/index.php?rest_route=\/wp\/v2\/posts\/100711\/revisions"}],"wp:featuredmedia":[{"embeddable":true,"href":"https:\/\/arantv.az\/index.php?rest_route=\/wp\/v2\/media\/100712"}],"wp:attachment":[{"href":"https:\/\/arantv.az\/index.php?rest_route=%2Fwp%2Fv2%2Fmedia&parent=100711"}],"wp:term":[{"taxonomy":"category","embeddable":true,"href":"https:\/\/arantv.az\/index.php?rest_route=%2Fwp%2Fv2%2Fcategories&post=100711"},{"taxonomy":"post_tag","embeddable":true,"href":"https:\/\/arantv.az\/index.php?rest_route=%2Fwp%2Fv2%2Ftags&post=100711"}],"curies":[{"name":"wp","href":"https:\/\/api.w.org\/{rel}","templated":true}]}}