{"id":100735,"date":"2019-11-26T08:47:48","date_gmt":"2019-11-26T05:47:48","guid":{"rendered":"http:\/\/arantv.az\/?p=100735"},"modified":"2019-11-26T08:47:48","modified_gmt":"2019-11-26T05:47:48","slug":"interpol-az%c9%99rbaycanlini-axtarisa-verdi-foto","status":"publish","type":"post","link":"https:\/\/arantv.az\/?p=100735","title":{"rendered":"\u0130nterpol az\u0259rbaycanl\u0131n\u0131 axtar\u0131\u015fa verdi &#8211; FOTO"},"content":{"rendered":"<article class=\"news\">\n<div class=\"news-inner\">\n<p>\u0130nterpol\u00a0qad\u0131nlara qar\u015f\u0131 cinay\u0259t t\u00f6r\u0259d\u0259n s\u0259kkiz ki\u015fini\u00a0axtar\u0131r. Siyah\u0131da 37 ya\u015fl\u0131 az\u0259rbaycanl\u0131 ki\u015finin d\u0259 ad\u0131 var.<\/p>\n<p><b>ARANTV.AZ<\/b>-\u0131n x\u0259b\u0259rin\u0259 g\u00f6r\u0259, bu bar\u0259d\u0259 t\u0259\u015fkilat\u0131n sayt\u0131nda m\u0259lumat verilib.<\/p>\n<div id=\"AdviadNativeVideo0\" class=\"AdviadNativeVideo\"><\/div>\n<p>\u201cQad\u0131nlara qar\u015f\u0131 Zorak\u0131l\u0131\u011f\u0131n L\u0259\u011fv olunmas\u0131 U\u011frunda Beyn\u0259lxalq M\u00fcbariz\u0259 G\u00fcn\u00fcn\u0259 t\u0259sad\u00fcf ed\u0259n bu \u00e7a\u011f\u0131r\u0131\u015f\u00a0b\u00fct\u00fcn d\u00fcnyada q\u0131z v\u0259 qad\u0131nlar\u0131n zorak\u0131l\u0131qla \u00fczl\u0259\u015fm\u0259sinin bariz n\u00fcmaun\u0259sidir\u201d, &#8211; dey\u0259 \u0130nterpolun\u00a0sayt\u0131nda yerl\u0259\u015fdiril\u0259n m\u0259lumatda deyilir.<\/p>\n<p>Qeyd ed\u0259k ki, iki qad\u0131n\u0131n \u00f6l\u00fcm\u00fcnd\u0259 ittiham olunan Nuran Musayevin ad\u0131 \u0130nterpolun \u201cQ\u0131rm\u0131z\u0131 x\u0259b\u0259rdarl\u0131qlar\u201d\u00a0siyah\u0131s\u0131ndad\u0131r.Oxu.Az<\/p>\n<div class=\"gallery\">\n<div class=\"gallery-i\"><img src=\"https:\/\/assets.oxu.az\/uploads\/W1siZiIsIjIwMTkvMTEvMjYvMDkvMzQvMDQvNzQyMjMzYTgtNjQ2NC00YzI0LTk4YTEtZjdjOGNiOTkyMDQyLzEuSlBHIl0sWyJwIiwiZW5jb2RlIiwianBnIiwiLXF1YWxpdHkgODAiXSxbInAiLCJ0aHVtYiIsIjU5MHg1OTBcdTAwM2UiXV0?sha=cc82f00abc30841f\" alt=\"\" \/><\/p>\n<div class=\"gallery-i-caption\"><\/div>\n<\/div>\n<\/div>\n<\/div>\n<\/article>\n<h2 class=\"news-share-title\"><\/h2>\n","protected":false},"excerpt":{"rendered":"<p>\u0130nterpol\u00a0qad\u0131nlara qar\u015f\u0131 cinay\u0259t t\u00f6r\u0259d\u0259n s\u0259kkiz ki\u015fini\u00a0axtar\u0131r. Siyah\u0131da 37 ya\u015fl\u0131 az\u0259rbaycanl\u0131 ki\u015finin d\u0259 ad\u0131 var. ARANTV.AZ-\u0131n x\u0259b\u0259rin\u0259 g\u00f6r\u0259, bu bar\u0259d\u0259 t\u0259\u015fkilat\u0131n sayt\u0131nda m\u0259lumat verilib. \u201cQad\u0131nlara qar\u015f\u0131 Zorak\u0131l\u0131\u011f\u0131n L\u0259\u011fv olunmas\u0131 U\u011frunda Beyn\u0259lxalq M\u00fcbariz\u0259 G\u00fcn\u00fcn\u0259 t\u0259sad\u00fcf ed\u0259n bu \u00e7a\u011f\u0131r\u0131\u015f\u00a0b\u00fct\u00fcn d\u00fcnyada q\u0131z v\u0259 qad\u0131nlar\u0131n zorak\u0131l\u0131qla \u00fczl\u0259\u015fm\u0259sinin bariz n\u00fcmaun\u0259sidir\u201d, &#8211; dey\u0259 \u0130nterpolun\u00a0sayt\u0131nda yerl\u0259\u015fdiril\u0259n m\u0259lumatda deyilir. Qeyd ed\u0259k ki, iki qad\u0131n\u0131n \u00f6l\u00fcm\u00fcnd\u0259 ittiham olunan Nuran Musayevin ad\u0131 \u0130nterpolun \u201cQ\u0131rm\u0131z\u0131 x\u0259b\u0259rdarl\u0131qlar\u201d\u00a0siyah\u0131s\u0131ndad\u0131r.Oxu.Az<\/p>\n","protected":false},"author":2,"featured_media":100736,"comment_status":"closed","ping_status":"closed","sticky":false,"template":"","format":"standard","meta":{"om_disable_all_campaigns":false,"_monsterinsights_skip_tracking":false,"_monsterinsights_sitenote_active":false,"_monsterinsights_sitenote_note":"","_monsterinsights_sitenote_category":0},"categories":[1],"tags":[],"aioseo_notices":[],"gutentor_comment":0,"rttpg_featured_image_url":{"full":["https:\/\/arantv.az\/wp-content\/uploads\/2019\/11\/INTERPOL-e1555349277449.jpg",620,373,false],"landscape":["https:\/\/arantv.az\/wp-content\/uploads\/2019\/11\/INTERPOL-e1555349277449.jpg",620,373,false],"portraits":["https:\/\/arantv.az\/wp-content\/uploads\/2019\/11\/INTERPOL-e1555349277449.jpg",620,373,false],"thumbnail":["https:\/\/arantv.az\/wp-content\/uploads\/2019\/11\/INTERPOL-e1555349277449-150x150.jpg",150,150,true],"medium":["https:\/\/arantv.az\/wp-content\/uploads\/2019\/11\/INTERPOL-e1555349277449-300x180.jpg",300,180,true],"large":["https:\/\/arantv.az\/wp-content\/uploads\/2019\/11\/INTERPOL-e1555349277449.jpg",620,373,false],"1536x1536":["https:\/\/arantv.az\/wp-content\/uploads\/2019\/11\/INTERPOL-e1555349277449.jpg",620,373,false],"2048x2048":["https:\/\/arantv.az\/wp-content\/uploads\/2019\/11\/INTERPOL-e1555349277449.jpg",620,373,false],"post-thumbnail":["https:\/\/arantv.az\/wp-content\/uploads\/2019\/11\/INTERPOL-e1555349277449-240x172.jpg",240,172,true],"advps-thumb-one":["https:\/\/arantv.az\/wp-content\/uploads\/2019\/11\/INTERPOL-e1555349277449.jpg",620,373,false]},"rttpg_author":{"display_name":"V\u00fcsal Rafiqo\u011flu","author_link":"https:\/\/arantv.az\/?author=2"},"rttpg_comment":0,"rttpg_category":"<a href=\"https:\/\/arantv.az\/?cat=1\" rel=\"category\">C\u0259miyy\u0259t<\/a>","rttpg_excerpt":"\u0130nterpol\u00a0qad\u0131nlara qar\u015f\u0131 cinay\u0259t t\u00f6r\u0259d\u0259n s\u0259kkiz ki\u015fini\u00a0axtar\u0131r. Siyah\u0131da 37 ya\u015fl\u0131 az\u0259rbaycanl\u0131 ki\u015finin d\u0259 ad\u0131 var. ARANTV.AZ-\u0131n x\u0259b\u0259rin\u0259 g\u00f6r\u0259, bu bar\u0259d\u0259 t\u0259\u015fkilat\u0131n sayt\u0131nda m\u0259lumat verilib. \u201cQad\u0131nlara qar\u015f\u0131 Zorak\u0131l\u0131\u011f\u0131n L\u0259\u011fv olunmas\u0131 U\u011frunda Beyn\u0259lxalq M\u00fcbariz\u0259 G\u00fcn\u00fcn\u0259 t\u0259sad\u00fcf ed\u0259n bu \u00e7a\u011f\u0131r\u0131\u015f\u00a0b\u00fct\u00fcn d\u00fcnyada q\u0131z v\u0259 qad\u0131nlar\u0131n zorak\u0131l\u0131qla \u00fczl\u0259\u015fm\u0259sinin bariz n\u00fcmaun\u0259sidir\u201d, &#8211; dey\u0259 \u0130nterpolun\u00a0sayt\u0131nda yerl\u0259\u015fdiril\u0259n m\u0259lumatda deyilir. Qeyd ed\u0259k ki, iki qad\u0131n\u0131n&hellip;","_links":{"self":[{"href":"https:\/\/arantv.az\/index.php?rest_route=\/wp\/v2\/posts\/100735"}],"collection":[{"href":"https:\/\/arantv.az\/index.php?rest_route=\/wp\/v2\/posts"}],"about":[{"href":"https:\/\/arantv.az\/index.php?rest_route=\/wp\/v2\/types\/post"}],"author":[{"embeddable":true,"href":"https:\/\/arantv.az\/index.php?rest_route=\/wp\/v2\/users\/2"}],"replies":[{"embeddable":true,"href":"https:\/\/arantv.az\/index.php?rest_route=%2Fwp%2Fv2%2Fcomments&post=100735"}],"version-history":[{"count":0,"href":"https:\/\/arantv.az\/index.php?rest_route=\/wp\/v2\/posts\/100735\/revisions"}],"wp:featuredmedia":[{"embeddable":true,"href":"https:\/\/arantv.az\/index.php?rest_route=\/wp\/v2\/media\/100736"}],"wp:attachment":[{"href":"https:\/\/arantv.az\/index.php?rest_route=%2Fwp%2Fv2%2Fmedia&parent=100735"}],"wp:term":[{"taxonomy":"category","embeddable":true,"href":"https:\/\/arantv.az\/index.php?rest_route=%2Fwp%2Fv2%2Fcategories&post=100735"},{"taxonomy":"post_tag","embeddable":true,"href":"https:\/\/arantv.az\/index.php?rest_route=%2Fwp%2Fv2%2Ftags&post=100735"}],"curies":[{"name":"wp","href":"https:\/\/api.w.org\/{rel}","templated":true}]}}