{"id":100739,"date":"2019-11-26T08:48:53","date_gmt":"2019-11-26T05:48:53","guid":{"rendered":"http:\/\/arantv.az\/?p=100739"},"modified":"2019-11-26T08:48:53","modified_gmt":"2019-11-26T05:48:53","slug":"avropada-guclu-z%c9%99lz%c9%99l%c9%99","status":"publish","type":"post","link":"https:\/\/arantv.az\/?p=100739","title":{"rendered":"Avropada g\u00fccl\u00fc z\u0259lz\u0259l\u0259"},"content":{"rendered":"<p><strong>Albaniyan\u0131n paytaxt\u0131 Tiranadan 34 kilometr \u015fimal-q\u0259rbd\u0259 6,4 bal g\u00fcc\u00fcnd\u0259 z\u0259lz\u0259l\u0259 ba\u015f verib.<\/strong><\/p>\n<p><strong>ARANTV.AZ<\/strong>\u00a0 teleqraf.com-a istinad\u0259n x\u0259b\u0259r verir ki, t\u0259kanlar 10 kilometr d\u0259rinlikd\u0259 olub.<\/p>\n<p>Avropa-Aral\u0131q d\u0259nizi Seysmoloji M\u0259rk\u0259zi bu bar\u0259d\u0259 m\u0259lumat yay\u0131b.<\/p>\n<p>Xeyli sayda binalarda \u00e7atlar yaran\u0131b. Bu z\u0259lz\u0259l\u0259d\u0259n 9 d\u0259qiq\u0259 sonra 5,3 bal g\u00fcc\u00fcnd\u0259 n\u00f6vb\u0259ti t\u0259kanlar qeyd\u0259 al\u0131n\u0131b.<\/p>\n<p>Z\u0259z\u0259l\u0259 Yunan\u0131stan, Montenoqra, \u0130talya, Makedoniya, Bosniya-Hersoqovina, \u015eimali Makedoniya, Xorvatiya v\u0259 Serbiyada da hiss olunub.<\/p>\n","protected":false},"excerpt":{"rendered":"<p>Albaniyan\u0131n paytaxt\u0131 Tiranadan 34 kilometr \u015fimal-q\u0259rbd\u0259 6,4 bal g\u00fcc\u00fcnd\u0259 z\u0259lz\u0259l\u0259 ba\u015f verib. ARANTV.AZ\u00a0 teleqraf.com-a istinad\u0259n x\u0259b\u0259r verir ki, t\u0259kanlar 10 kilometr d\u0259rinlikd\u0259 olub. Avropa-Aral\u0131q d\u0259nizi Seysmoloji M\u0259rk\u0259zi bu bar\u0259d\u0259 m\u0259lumat yay\u0131b. Xeyli sayda binalarda \u00e7atlar yaran\u0131b. Bu z\u0259lz\u0259l\u0259d\u0259n 9 d\u0259qiq\u0259 sonra 5,3 bal g\u00fcc\u00fcnd\u0259 n\u00f6vb\u0259ti t\u0259kanlar qeyd\u0259 al\u0131n\u0131b. Z\u0259z\u0259l\u0259 Yunan\u0131stan, Montenoqra, \u0130talya, Makedoniya, Bosniya-Hersoqovina, \u015eimali Makedoniya, Xorvatiya v\u0259 Serbiyada da hiss olunub.<\/p>\n","protected":false},"author":2,"featured_media":100740,"comment_status":"closed","ping_status":"closed","sticky":false,"template":"","format":"standard","meta":{"om_disable_all_campaigns":false,"_monsterinsights_skip_tracking":false,"_monsterinsights_sitenote_active":false,"_monsterinsights_sitenote_note":"","_monsterinsights_sitenote_category":0},"categories":[7],"tags":[],"aioseo_notices":[],"gutentor_comment":0,"rttpg_featured_image_url":{"full":["https:\/\/arantv.az\/wp-content\/uploads\/2019\/11\/zelzele_0478.jpg",800,600,false],"landscape":["https:\/\/arantv.az\/wp-content\/uploads\/2019\/11\/zelzele_0478.jpg",800,600,false],"portraits":["https:\/\/arantv.az\/wp-content\/uploads\/2019\/11\/zelzele_0478.jpg",800,600,false],"thumbnail":["https:\/\/arantv.az\/wp-content\/uploads\/2019\/11\/zelzele_0478-150x150.jpg",150,150,true],"medium":["https:\/\/arantv.az\/wp-content\/uploads\/2019\/11\/zelzele_0478-300x225.jpg",300,225,true],"large":["https:\/\/arantv.az\/wp-content\/uploads\/2019\/11\/zelzele_0478.jpg",640,480,false],"1536x1536":["https:\/\/arantv.az\/wp-content\/uploads\/2019\/11\/zelzele_0478.jpg",800,600,false],"2048x2048":["https:\/\/arantv.az\/wp-content\/uploads\/2019\/11\/zelzele_0478.jpg",800,600,false],"post-thumbnail":["https:\/\/arantv.az\/wp-content\/uploads\/2019\/11\/zelzele_0478-240x172.jpg",240,172,true],"advps-thumb-one":["https:\/\/arantv.az\/wp-content\/uploads\/2019\/11\/zelzele_0478.jpg",800,600,false]},"rttpg_author":{"display_name":"V\u00fcsal Rafiqo\u011flu","author_link":"https:\/\/arantv.az\/?author=2"},"rttpg_comment":0,"rttpg_category":"<a href=\"https:\/\/arantv.az\/?cat=7\" rel=\"category\">D\u00fcnya<\/a>","rttpg_excerpt":"Albaniyan\u0131n paytaxt\u0131 Tiranadan 34 kilometr \u015fimal-q\u0259rbd\u0259 6,4 bal g\u00fcc\u00fcnd\u0259 z\u0259lz\u0259l\u0259 ba\u015f verib. ARANTV.AZ\u00a0 teleqraf.com-a istinad\u0259n x\u0259b\u0259r verir ki, t\u0259kanlar 10 kilometr d\u0259rinlikd\u0259 olub. Avropa-Aral\u0131q d\u0259nizi Seysmoloji M\u0259rk\u0259zi bu bar\u0259d\u0259 m\u0259lumat yay\u0131b. Xeyli sayda binalarda \u00e7atlar yaran\u0131b. Bu z\u0259lz\u0259l\u0259d\u0259n 9 d\u0259qiq\u0259 sonra 5,3 bal g\u00fcc\u00fcnd\u0259 n\u00f6vb\u0259ti t\u0259kanlar qeyd\u0259 al\u0131n\u0131b. Z\u0259z\u0259l\u0259 Yunan\u0131stan, Montenoqra, \u0130talya, Makedoniya, Bosniya-Hersoqovina, \u015eimali&hellip;","_links":{"self":[{"href":"https:\/\/arantv.az\/index.php?rest_route=\/wp\/v2\/posts\/100739"}],"collection":[{"href":"https:\/\/arantv.az\/index.php?rest_route=\/wp\/v2\/posts"}],"about":[{"href":"https:\/\/arantv.az\/index.php?rest_route=\/wp\/v2\/types\/post"}],"author":[{"embeddable":true,"href":"https:\/\/arantv.az\/index.php?rest_route=\/wp\/v2\/users\/2"}],"replies":[{"embeddable":true,"href":"https:\/\/arantv.az\/index.php?rest_route=%2Fwp%2Fv2%2Fcomments&post=100739"}],"version-history":[{"count":0,"href":"https:\/\/arantv.az\/index.php?rest_route=\/wp\/v2\/posts\/100739\/revisions"}],"wp:featuredmedia":[{"embeddable":true,"href":"https:\/\/arantv.az\/index.php?rest_route=\/wp\/v2\/media\/100740"}],"wp:attachment":[{"href":"https:\/\/arantv.az\/index.php?rest_route=%2Fwp%2Fv2%2Fmedia&parent=100739"}],"wp:term":[{"taxonomy":"category","embeddable":true,"href":"https:\/\/arantv.az\/index.php?rest_route=%2Fwp%2Fv2%2Fcategories&post=100739"},{"taxonomy":"post_tag","embeddable":true,"href":"https:\/\/arantv.az\/index.php?rest_route=%2Fwp%2Fv2%2Ftags&post=100739"}],"curies":[{"name":"wp","href":"https:\/\/api.w.org\/{rel}","templated":true}]}}