{"id":100745,"date":"2019-11-26T08:49:51","date_gmt":"2019-11-26T05:49:51","guid":{"rendered":"http:\/\/arantv.az\/?p=100745"},"modified":"2019-11-26T08:49:51","modified_gmt":"2019-11-26T05:49:51","slug":"abseronda-avtobus-piyadani-vurdu-v%c9%99ziyy%c9%99ti-agirdir","status":"publish","type":"post","link":"https:\/\/arantv.az\/?p=100745","title":{"rendered":"Ab\u015feronda avtobus piyadan\u0131 vurdu, v\u0259ziyy\u0259ti a\u011f\u0131rd\u0131r"},"content":{"rendered":"<p>Bak\u0131-\u015eamax\u0131 magistral yolunda yol-n\u0259qliyyat hadis\u0259si zaman\u0131 1 n\u0259f\u0259r x\u0259sar\u0259t al\u0131b.<\/p>\n<p><b>ARANTV.AZ\u00a0<\/b>\u00a0oxu.az-a istinad\u0259n x\u0259b\u0259r verir ki, q\u0259za \u015fossenin Atyal\u0131 ya\u015fay\u0131\u015f massivi \u0259razisin\u0259 d\u00fc\u015f\u0259n hiss\u0259sind\u0259 qeyd\u0259 al\u0131n\u0131b.<\/p>\n<div><\/div>\n<p>114B n\u00f6mr\u0259li mar\u015frut x\u0259tti \u00fczr\u0259 h\u0259r\u0259k\u0259t ed\u0259n &#8220;Daewoo&#8221; markal\u0131 s\u0259rni\u015fin avtobusu yolu ke\u00e7m\u0259k ist\u0259y\u0259n orta ya\u015fl\u0131 ki\u015fini vurub.<\/p>\n<p>\u015e\u0259xsiyy\u0259ti h\u0259l\u0259lik m\u0259lum olmayan t\u0259xnin\u0259n, 30-35 ya\u015fl\u0131 yaral\u0131 a\u011f\u0131r v\u0259ziyy\u0259td\u0259 1 sayl\u0131 \u015f\u0259h\u0259r x\u0259st\u0259xanas\u0131na yerl\u0259\u015fdirilib.<\/p>\n<p>Faktla ba\u011fl\u0131 Ab\u015feron Rayon Polis \u0130dar\u0259sind\u0259 ara\u015fd\u0131rma apar\u0131l\u0131r.<\/p>\n","protected":false},"excerpt":{"rendered":"<p>Bak\u0131-\u015eamax\u0131 magistral yolunda yol-n\u0259qliyyat hadis\u0259si zaman\u0131 1 n\u0259f\u0259r x\u0259sar\u0259t al\u0131b. ARANTV.AZ\u00a0\u00a0oxu.az-a istinad\u0259n x\u0259b\u0259r verir ki, q\u0259za \u015fossenin Atyal\u0131 ya\u015fay\u0131\u015f massivi \u0259razisin\u0259 d\u00fc\u015f\u0259n hiss\u0259sind\u0259 qeyd\u0259 al\u0131n\u0131b. 114B n\u00f6mr\u0259li mar\u015frut x\u0259tti \u00fczr\u0259 h\u0259r\u0259k\u0259t ed\u0259n &#8220;Daewoo&#8221; markal\u0131 s\u0259rni\u015fin avtobusu yolu ke\u00e7m\u0259k ist\u0259y\u0259n orta ya\u015fl\u0131 ki\u015fini vurub. \u015e\u0259xsiyy\u0259ti h\u0259l\u0259lik m\u0259lum olmayan t\u0259xnin\u0259n, 30-35 ya\u015fl\u0131 yaral\u0131 a\u011f\u0131r v\u0259ziyy\u0259td\u0259 1 sayl\u0131 \u015f\u0259h\u0259r x\u0259st\u0259xanas\u0131na yerl\u0259\u015fdirilib. Faktla ba\u011fl\u0131 Ab\u015feron Rayon Polis \u0130dar\u0259sind\u0259 ara\u015fd\u0131rma apar\u0131l\u0131r.<\/p>\n","protected":false},"author":2,"featured_media":100746,"comment_status":"closed","ping_status":"closed","sticky":false,"template":"","format":"standard","meta":{"om_disable_all_campaigns":false,"_monsterinsights_skip_tracking":false,"_monsterinsights_sitenote_active":false,"_monsterinsights_sitenote_note":"","_monsterinsights_sitenote_category":0},"categories":[5],"tags":[],"aioseo_notices":[],"gutentor_comment":0,"rttpg_featured_image_url":{"full":["https:\/\/arantv.az\/wp-content\/uploads\/2019\/11\/1574747076avtobus.jpg",550,367,false],"landscape":["https:\/\/arantv.az\/wp-content\/uploads\/2019\/11\/1574747076avtobus.jpg",550,367,false],"portraits":["https:\/\/arantv.az\/wp-content\/uploads\/2019\/11\/1574747076avtobus.jpg",550,367,false],"thumbnail":["https:\/\/arantv.az\/wp-content\/uploads\/2019\/11\/1574747076avtobus-150x150.jpg",150,150,true],"medium":["https:\/\/arantv.az\/wp-content\/uploads\/2019\/11\/1574747076avtobus-300x200.jpg",300,200,true],"large":["https:\/\/arantv.az\/wp-content\/uploads\/2019\/11\/1574747076avtobus.jpg",550,367,false],"1536x1536":["https:\/\/arantv.az\/wp-content\/uploads\/2019\/11\/1574747076avtobus.jpg",550,367,false],"2048x2048":["https:\/\/arantv.az\/wp-content\/uploads\/2019\/11\/1574747076avtobus.jpg",550,367,false],"post-thumbnail":["https:\/\/arantv.az\/wp-content\/uploads\/2019\/11\/1574747076avtobus-240x172.jpg",240,172,true],"advps-thumb-one":["https:\/\/arantv.az\/wp-content\/uploads\/2019\/11\/1574747076avtobus.jpg",550,367,false]},"rttpg_author":{"display_name":"V\u00fcsal Rafiqo\u011flu","author_link":"https:\/\/arantv.az\/?author=2"},"rttpg_comment":0,"rttpg_category":"<a href=\"https:\/\/arantv.az\/?cat=5\" rel=\"category\">Hadis\u0259<\/a>","rttpg_excerpt":"Bak\u0131-\u015eamax\u0131 magistral yolunda yol-n\u0259qliyyat hadis\u0259si zaman\u0131 1 n\u0259f\u0259r x\u0259sar\u0259t al\u0131b. ARANTV.AZ\u00a0\u00a0oxu.az-a istinad\u0259n x\u0259b\u0259r verir ki, q\u0259za \u015fossenin Atyal\u0131 ya\u015fay\u0131\u015f massivi \u0259razisin\u0259 d\u00fc\u015f\u0259n hiss\u0259sind\u0259 qeyd\u0259 al\u0131n\u0131b. 114B n\u00f6mr\u0259li mar\u015frut x\u0259tti \u00fczr\u0259 h\u0259r\u0259k\u0259t ed\u0259n &#8220;Daewoo&#8221; markal\u0131 s\u0259rni\u015fin avtobusu yolu ke\u00e7m\u0259k ist\u0259y\u0259n orta ya\u015fl\u0131 ki\u015fini vurub. \u015e\u0259xsiyy\u0259ti h\u0259l\u0259lik m\u0259lum olmayan t\u0259xnin\u0259n, 30-35 ya\u015fl\u0131 yaral\u0131 a\u011f\u0131r v\u0259ziyy\u0259td\u0259 1 sayl\u0131&hellip;","_links":{"self":[{"href":"https:\/\/arantv.az\/index.php?rest_route=\/wp\/v2\/posts\/100745"}],"collection":[{"href":"https:\/\/arantv.az\/index.php?rest_route=\/wp\/v2\/posts"}],"about":[{"href":"https:\/\/arantv.az\/index.php?rest_route=\/wp\/v2\/types\/post"}],"author":[{"embeddable":true,"href":"https:\/\/arantv.az\/index.php?rest_route=\/wp\/v2\/users\/2"}],"replies":[{"embeddable":true,"href":"https:\/\/arantv.az\/index.php?rest_route=%2Fwp%2Fv2%2Fcomments&post=100745"}],"version-history":[{"count":0,"href":"https:\/\/arantv.az\/index.php?rest_route=\/wp\/v2\/posts\/100745\/revisions"}],"wp:featuredmedia":[{"embeddable":true,"href":"https:\/\/arantv.az\/index.php?rest_route=\/wp\/v2\/media\/100746"}],"wp:attachment":[{"href":"https:\/\/arantv.az\/index.php?rest_route=%2Fwp%2Fv2%2Fmedia&parent=100745"}],"wp:term":[{"taxonomy":"category","embeddable":true,"href":"https:\/\/arantv.az\/index.php?rest_route=%2Fwp%2Fv2%2Fcategories&post=100745"},{"taxonomy":"post_tag","embeddable":true,"href":"https:\/\/arantv.az\/index.php?rest_route=%2Fwp%2Fv2%2Ftags&post=100745"}],"curies":[{"name":"wp","href":"https:\/\/api.w.org\/{rel}","templated":true}]}}