{"id":100756,"date":"2019-11-26T09:10:22","date_gmt":"2019-11-26T06:10:22","guid":{"rendered":"http:\/\/arantv.az\/?p=100756"},"modified":"2019-11-26T09:10:22","modified_gmt":"2019-11-26T06:10:22","slug":"hikm%c9%99t-haciyev-erm%c9%99nistan-qosunlari-az%c9%99rbaycanin-isgal-olunmus-%c9%99razil%c9%99rind%c9%99n-cixarilmalidir-video","status":"publish","type":"post","link":"https:\/\/arantv.az\/?p=100756","title":{"rendered":"Hikm\u0259t Hac\u0131yev: &#8220;Erm\u0259nistan qo\u015funlar\u0131 Az\u0259rbaycan\u0131n i\u015f\u011fal olunmu\u015f \u0259razil\u0259rind\u0259n \u00e7\u0131xar\u0131lmal\u0131d\u0131r&#8221; &#8211; V\u0130DEO"},"content":{"rendered":"<div class=\"article_text\">\n<p><strong>Prezident Administrasiyas\u0131n\u0131n xarici siyas\u0259t m\u0259s\u0259l\u0259l\u0259ri \u015f\u00f6b\u0259sinin m\u00fcdiri Hikm\u0259t Hac\u0131yev T\u0259hl\u00fck\u0259sizlik m\u0259s\u0259l\u0259l\u0259rinin t\u0259dqiqi \u00fczr\u0259 Cenevr\u0259 M\u0259rk\u0259zin\u0259 videom\u00fcsahib\u0259 verib.<\/strong><\/p>\n<p><strong>ARANTV.AZ\u00a0<\/strong>\u00a0<a href=\"https:\/\/az.trend.az\/\" target=\"_blank\" rel=\"noopener\">Trend<\/a>-\u0259 istinad\u0259n x\u0259b\u0259r verir ki, m\u00fcsahib\u0259d\u0259 H.Hac\u0131yev Az\u0259rbaycan\u0131n xarici siyas\u0259t prioritetl\u0259ri haqq\u0131nda dan\u0131\u015faraq \u00f6lk\u0259mizin beyn\u0259lxalq s\u0259viyy\u0259d\u0259 tan\u0131nm\u0131\u015f s\u0259rh\u0259dl\u0259ri daxilind\u0259 \u0259razi b\u00fct\u00f6vl\u00fcy\u00fc v\u0259 suverenliyinin t\u0259min olunmas\u0131n\u0131n \u0259sas v\u0259zif\u0259l\u0259rd\u0259n biri oldu\u011funu bildirib.<\/p>\n<p>Bununla b\u0259rab\u0259r, Az\u0259rbaycan\u0131n xarici siyas\u0259t g\u00fcnd\u0259liyind\u0259 qon\u015fu d\u00f6vl\u0259tl\u0259rl\u0259 v\u0259 d\u00fcnya d\u00f6vl\u0259tl\u0259ri il\u0259 qar\u015f\u0131l\u0131ql\u0131 faydal\u0131 \u0259m\u0259kda\u015fl\u0131\u011f\u0131n inki\u015faf\u0131, beyn\u0259lxalq t\u0259\u015fkilatlar \u00e7\u0259r\u00e7iv\u0259sind\u0259 \u0259m\u0259kda\u015fl\u0131q v\u0259 \u00e7oxt\u0259r\u0259fli diplomatiyan\u0131n \u0259h\u0259miyy\u0259tini qeyd ed\u0259n H.Hac\u0131yev \u00f6lk\u0259mizin t\u0259\u015f\u0259bb\u00fcskar\u0131 oldu\u011fu Bak\u0131 Prosesi bar\u0259d\u0259 m\u0259lumat verib.<\/p>\n<p>\u00c7oxt\u0259r\u0259fli diplomatiyaya toxunan H.Hac\u0131yev \u00f6lk\u0259mizin BMT T\u0259hl\u00fck\u0259sizlik \u015furas\u0131n\u0131n qeyri-daimi \u00fczv\u00fc se\u00e7ilm\u0259si, Qo\u015fulmama H\u0259r\u0259kat\u0131na s\u0259drliyini diqq\u0259t\u0259 \u00e7atd\u0131r\u0131b.<\/p>\n<p>Regional t\u0259hl\u00fck\u0259l\u0259rd\u0259n dan\u0131\u015faraq H.Hac\u0131yev Erm\u0259nistan\u0131n Az\u0259rbaycana qar\u015f\u0131 h\u0259rbi t\u0259cav\u00fcz\u00fc, i\u015f\u011fal olunmu\u015f \u0259razil\u0259rd\u0259 m\u00fclki Az\u0259rbaycan \u0259halisin\u0259 qar\u015f\u0131 t\u00f6r\u0259dilmi\u015f etnik t\u0259mizl\u0259m\u0259 bar\u0259sind\u0259 m\u0259lumat ver\u0259r\u0259k m\u00fcnaqi\u015f\u0259nin h\u0259ll edilm\u0259si yollar\u0131n\u0131 qeyd edib. O bildirib ki, m\u00fcnaqi\u015f\u0259nin h\u0259lli \u00fc\u00e7\u00fcn BMT T\u015e q\u0259tnam\u0259l\u0259rind\u0259 t\u0259l\u0259b olundu\u011fu kimi, Erm\u0259nistan qo\u015funlar\u0131 Az\u0259rbaycan\u0131n i\u015f\u011fal olunmu\u015f \u0259razil\u0259rind\u0259n \u00e7\u0131xar\u0131lmal\u0131d\u0131r.<\/p>\n<p>H\u0259m\u00e7inin, H.Hac\u0131yev dig\u0259r regional risk v\u0259 t\u0259hdidl\u0259r bar\u0259sind\u0259 d\u0259 dan\u0131\u015f\u0131b.<\/p>\n<p>M\u00fcasir beyn\u0259lxalq m\u00fcnasib\u0259tl\u0259r sistemi haqq\u0131nda suala g\u0259ldikd\u0259 is\u0259 H.Hac\u0131yev qanunun aliliyi v\u0259 beyn\u0259lxalq h\u00fcququn norma v\u0259 prinsipl\u0259rin\u0259 h\u00f6rm\u0259t edilm\u0259sinin vacibliyini vur\u011fulay\u0131b.<\/p>\n<p>&nbsp;<\/p>\n<p><iframe loading=\"lazy\" src=\"https:\/\/www.trend.az\/player.php?f=%20https:\/\/cdn.trend.az\/media\/pictures\/2019\/11\/26\/video_haciyev_261119.mp4\" width=\"100%\" height=\"360\" frameborder=\"0\" allowfullscreen=\"allowfullscreen\" data-mce-fragment=\"1\"><\/iframe><\/p>\n<\/div>\n<div class=\"adv need-money\"><\/div>\n","protected":false},"excerpt":{"rendered":"<p>Prezident Administrasiyas\u0131n\u0131n xarici siyas\u0259t m\u0259s\u0259l\u0259l\u0259ri \u015f\u00f6b\u0259sinin m\u00fcdiri Hikm\u0259t Hac\u0131yev T\u0259hl\u00fck\u0259sizlik m\u0259s\u0259l\u0259l\u0259rinin t\u0259dqiqi \u00fczr\u0259 Cenevr\u0259 M\u0259rk\u0259zin\u0259 videom\u00fcsahib\u0259 verib. ARANTV.AZ\u00a0\u00a0Trend-\u0259 istinad\u0259n x\u0259b\u0259r verir ki, m\u00fcsahib\u0259d\u0259 H.Hac\u0131yev Az\u0259rbaycan\u0131n xarici siyas\u0259t prioritetl\u0259ri haqq\u0131nda dan\u0131\u015faraq \u00f6lk\u0259mizin beyn\u0259lxalq s\u0259viyy\u0259d\u0259 tan\u0131nm\u0131\u015f s\u0259rh\u0259dl\u0259ri daxilind\u0259 \u0259razi b\u00fct\u00f6vl\u00fcy\u00fc v\u0259 suverenliyinin t\u0259min olunmas\u0131n\u0131n \u0259sas v\u0259zif\u0259l\u0259rd\u0259n biri oldu\u011funu bildirib. Bununla b\u0259rab\u0259r, Az\u0259rbaycan\u0131n xarici siyas\u0259t g\u00fcnd\u0259liyind\u0259 qon\u015fu d\u00f6vl\u0259tl\u0259rl\u0259 v\u0259 d\u00fcnya d\u00f6vl\u0259tl\u0259ri il\u0259 qar\u015f\u0131l\u0131ql\u0131 faydal\u0131 \u0259m\u0259kda\u015fl\u0131\u011f\u0131n inki\u015faf\u0131, beyn\u0259lxalq t\u0259\u015fkilatlar \u00e7\u0259r\u00e7iv\u0259sind\u0259 \u0259m\u0259kda\u015fl\u0131q v\u0259 \u00e7oxt\u0259r\u0259fli diplomatiyan\u0131n \u0259h\u0259miyy\u0259tini qeyd ed\u0259n H.Hac\u0131yev \u00f6lk\u0259mizin t\u0259\u015f\u0259bb\u00fcskar\u0131 oldu\u011fu Bak\u0131 Prosesi bar\u0259d\u0259 m\u0259lumat verib. \u00c7oxt\u0259r\u0259fli diplomatiyaya toxunan H.Hac\u0131yev \u00f6lk\u0259mizin BMT T\u0259hl\u00fck\u0259sizlik \u015furas\u0131n\u0131n&hellip;<\/p>\n","protected":false},"author":2,"featured_media":100757,"comment_status":"closed","ping_status":"closed","sticky":false,"template":"","format":"standard","meta":{"om_disable_all_campaigns":false,"_monsterinsights_skip_tracking":false,"_monsterinsights_sitenote_active":false,"_monsterinsights_sitenote_note":"","_monsterinsights_sitenote_category":0},"categories":[4],"tags":[],"aioseo_notices":[],"gutentor_comment":0,"rttpg_featured_image_url":{"full":["https:\/\/arantv.az\/wp-content\/uploads\/2019\/11\/805260.jpg",800,600,false],"landscape":["https:\/\/arantv.az\/wp-content\/uploads\/2019\/11\/805260.jpg",800,600,false],"portraits":["https:\/\/arantv.az\/wp-content\/uploads\/2019\/11\/805260.jpg",800,600,false],"thumbnail":["https:\/\/arantv.az\/wp-content\/uploads\/2019\/11\/805260-150x150.jpg",150,150,true],"medium":["https:\/\/arantv.az\/wp-content\/uploads\/2019\/11\/805260-300x225.jpg",300,225,true],"large":["https:\/\/arantv.az\/wp-content\/uploads\/2019\/11\/805260.jpg",640,480,false],"1536x1536":["https:\/\/arantv.az\/wp-content\/uploads\/2019\/11\/805260.jpg",800,600,false],"2048x2048":["https:\/\/arantv.az\/wp-content\/uploads\/2019\/11\/805260.jpg",800,600,false],"post-thumbnail":["https:\/\/arantv.az\/wp-content\/uploads\/2019\/11\/805260-240x172.jpg",240,172,true],"advps-thumb-one":["https:\/\/arantv.az\/wp-content\/uploads\/2019\/11\/805260.jpg",800,600,false]},"rttpg_author":{"display_name":"V\u00fcsal Rafiqo\u011flu","author_link":"https:\/\/arantv.az\/?author=2"},"rttpg_comment":0,"rttpg_category":"<a href=\"https:\/\/arantv.az\/?cat=4\" rel=\"category\">Siyas\u0259t<\/a>","rttpg_excerpt":"Prezident Administrasiyas\u0131n\u0131n xarici siyas\u0259t m\u0259s\u0259l\u0259l\u0259ri \u015f\u00f6b\u0259sinin m\u00fcdiri Hikm\u0259t Hac\u0131yev T\u0259hl\u00fck\u0259sizlik m\u0259s\u0259l\u0259l\u0259rinin t\u0259dqiqi \u00fczr\u0259 Cenevr\u0259 M\u0259rk\u0259zin\u0259 videom\u00fcsahib\u0259 verib. ARANTV.AZ\u00a0\u00a0Trend-\u0259 istinad\u0259n x\u0259b\u0259r verir ki, m\u00fcsahib\u0259d\u0259 H.Hac\u0131yev Az\u0259rbaycan\u0131n xarici siyas\u0259t prioritetl\u0259ri haqq\u0131nda dan\u0131\u015faraq \u00f6lk\u0259mizin beyn\u0259lxalq s\u0259viyy\u0259d\u0259 tan\u0131nm\u0131\u015f s\u0259rh\u0259dl\u0259ri daxilind\u0259 \u0259razi b\u00fct\u00f6vl\u00fcy\u00fc v\u0259 suverenliyinin t\u0259min olunmas\u0131n\u0131n \u0259sas v\u0259zif\u0259l\u0259rd\u0259n biri oldu\u011funu bildirib. Bununla b\u0259rab\u0259r, Az\u0259rbaycan\u0131n xarici siyas\u0259t g\u00fcnd\u0259liyind\u0259 qon\u015fu d\u00f6vl\u0259tl\u0259rl\u0259&hellip;","_links":{"self":[{"href":"https:\/\/arantv.az\/index.php?rest_route=\/wp\/v2\/posts\/100756"}],"collection":[{"href":"https:\/\/arantv.az\/index.php?rest_route=\/wp\/v2\/posts"}],"about":[{"href":"https:\/\/arantv.az\/index.php?rest_route=\/wp\/v2\/types\/post"}],"author":[{"embeddable":true,"href":"https:\/\/arantv.az\/index.php?rest_route=\/wp\/v2\/users\/2"}],"replies":[{"embeddable":true,"href":"https:\/\/arantv.az\/index.php?rest_route=%2Fwp%2Fv2%2Fcomments&post=100756"}],"version-history":[{"count":0,"href":"https:\/\/arantv.az\/index.php?rest_route=\/wp\/v2\/posts\/100756\/revisions"}],"wp:featuredmedia":[{"embeddable":true,"href":"https:\/\/arantv.az\/index.php?rest_route=\/wp\/v2\/media\/100757"}],"wp:attachment":[{"href":"https:\/\/arantv.az\/index.php?rest_route=%2Fwp%2Fv2%2Fmedia&parent=100756"}],"wp:term":[{"taxonomy":"category","embeddable":true,"href":"https:\/\/arantv.az\/index.php?rest_route=%2Fwp%2Fv2%2Fcategories&post=100756"},{"taxonomy":"post_tag","embeddable":true,"href":"https:\/\/arantv.az\/index.php?rest_route=%2Fwp%2Fv2%2Ftags&post=100756"}],"curies":[{"name":"wp","href":"https:\/\/api.w.org\/{rel}","templated":true}]}}