{"id":100835,"date":"2019-11-26T11:52:52","date_gmt":"2019-11-26T08:52:52","guid":{"rendered":"http:\/\/arantv.az\/?p=100835"},"modified":"2019-11-26T11:52:52","modified_gmt":"2019-11-26T08:52:52","slug":"bmt-intiharlarin-qarsisinin-alinmasi-ucun-silah-v%c9%99-b%c9%99zi-d%c9%99rmanlara-cixisi-azaltmaq-lazimdir","status":"publish","type":"post","link":"https:\/\/arantv.az\/?p=100835","title":{"rendered":"BMT: &#8220;\u0130ntiharlar\u0131n qar\u015f\u0131s\u0131n\u0131n al\u0131nmas\u0131 \u00fc\u00e7\u00fcn silah v\u0259 b\u0259zi d\u0259rmanlara \u00e7\u0131x\u0131\u015f\u0131 azaltmaq laz\u0131md\u0131r&#8221;"},"content":{"rendered":"<blockquote><p><em><strong>Qlobal s\u0259viyy\u0259d\u0259 intiharlar\u0131n qar\u015f\u0131s\u0131n\u0131n al\u0131nmas\u0131 \u00fc\u00e7\u00fcn silah v\u0259 b\u0259zi d\u0259rmanlara \u00e7\u0131x\u0131\u015f\u0131 azaltmaq, m\u0259kt\u0259bl\u0259rd\u0259 d\u00fczg\u00fcn maarifl\u0259ndirm\u0259, ictimaiyy\u0259tin d\u00fczg\u00fcn m\u0259lumatland\u0131r\u0131lmas\u0131, h\u00fcquq-m\u00fchafiz\u0259 orqanlar\u0131n\u0131n t\u0259limatland\u0131r\u0131lmas\u0131 laz\u0131md\u0131r.<\/strong><\/em><\/p><\/blockquote>\n<p><strong>ARANTV.AZ<\/strong>\u00a0<a href=\"https:\/\/az.trend.az\/\" target=\"_blank\" rel=\"noopener\">Trend<\/a>-\u0259 istinad\u0259n x\u0259b\u0259r verir ki, bunu \u018fm\u0259k v\u0259 \u018fhalinin Sosial M\u00fcdafi\u0259si Nazirliyi v\u0259 BMT \u0130nki\u015faf Proqram\u0131n\u0131n (BMT\u0130P) ke\u00e7irdiyi d\u0259yirmi masada BMT\u0130P-in Rezident N\u00fcmay\u0259nd\u0259si Alessandro Frakassetti deyib.<\/p>\n<p>A.Frakassetti deyib ki, d\u00fcnyada h\u0259r 40 saniy\u0259d\u0259n bir hans\u0131sa \u015f\u0259xs intihar haqq\u0131nda q\u0259rar verir v\u0259 ya intihar edir. Haz\u0131rda 15-29 ya\u015fl\u0131 g\u0259ncl\u0259r aras\u0131nda \u00f6l\u00fcm\u00fcn ikinci s\u0259b\u0259bi intihard\u0131r:<\/p>\n<p>&#8220;\u0130ntiharlar\u0131n \u0259ks\u0259riyy\u0259ti b\u00f6hran v\u0259ziyy\u0259tl\u0259rind\u0259 ba\u015f verir. \u0130ntihar b\u00fct\u00fcn d\u00fcnya \u00f6lk\u0259l\u0259rind\u0259 qlobal fenomendir v\u0259 Az\u0259rbaycan da istisna deyil. H\u0259r bir intihar ail\u0259, icma v\u0259 c\u0259miyy\u0259t\u0259 t\u0259sir ed\u0259n faci\u0259dir. \u0130ntihar riskind\u0259n he\u00e7 kim k\u0259narda qala bilm\u0259z. Zorak\u0131l\u0131q, xroniki x\u0259st\u0259likl\u0259r, m\u00fcnaqi\u015f\u0259l\u0259r, sui-istifad\u0259 hallar\u0131, t\u0259crid olunma, \u00fcmidsizlik intihara s\u0259b\u0259b olur. M\u0259hz bu s\u0259b\u0259bd\u0259n BMT\u0130P bu t\u0259\u015f\u0259bb\u00fcs\u0259 d\u0259st\u0259k olaraq, Az\u0259rbaycanda intiharlar \u00fczr\u0259 Milli F\u0259aliyy\u0259t Plan\u0131n\u0131n haz\u0131rlanmas\u0131na yard\u0131m ed\u0259c\u0259k&#8221;.<\/p>\n<div>\n<div id=\"AdviadNativeVideo0\" class=\"AdviadNativeVideo\"><\/div>\n<\/div>\n<p>BMT n\u00fcmaynd\u0259si hesab edir ki, intiharlara f\u00f6vq\u0259lad\u0259 hal kimi yana\u015f\u0131lmal\u0131d\u0131r: &#8220;\u0130ntiharlar\u0131n qar\u015f\u0131s\u0131n\u0131n al\u0131nmas\u0131na s\u0259rmay\u0259l\u0259r yat\u0131r\u0131lmal\u0131d\u0131r. Vaxt\u0131nda m\u00fcdaxil\u0259 olunarsa, onun qar\u015f\u0131s\u0131n\u0131 \u00e7ox az x\u0259rcl\u0259 d\u0259 almaq olar. Bu hadis\u0259l\u0259r\u0259 c\u0259miyy\u0259t d\u0259 reaksiya verm\u0259lidir&#8221;.<\/p>\n","protected":false},"excerpt":{"rendered":"<p>Qlobal s\u0259viyy\u0259d\u0259 intiharlar\u0131n qar\u015f\u0131s\u0131n\u0131n al\u0131nmas\u0131 \u00fc\u00e7\u00fcn silah v\u0259 b\u0259zi d\u0259rmanlara \u00e7\u0131x\u0131\u015f\u0131 azaltmaq, m\u0259kt\u0259bl\u0259rd\u0259 d\u00fczg\u00fcn maarifl\u0259ndirm\u0259, ictimaiyy\u0259tin d\u00fczg\u00fcn m\u0259lumatland\u0131r\u0131lmas\u0131, h\u00fcquq-m\u00fchafiz\u0259 orqanlar\u0131n\u0131n t\u0259limatland\u0131r\u0131lmas\u0131 laz\u0131md\u0131r. ARANTV.AZ\u00a0Trend-\u0259 istinad\u0259n x\u0259b\u0259r verir ki, bunu \u018fm\u0259k v\u0259 \u018fhalinin Sosial M\u00fcdafi\u0259si Nazirliyi v\u0259 BMT \u0130nki\u015faf Proqram\u0131n\u0131n (BMT\u0130P) ke\u00e7irdiyi d\u0259yirmi masada BMT\u0130P-in Rezident N\u00fcmay\u0259nd\u0259si Alessandro Frakassetti deyib. A.Frakassetti deyib ki, d\u00fcnyada h\u0259r 40 saniy\u0259d\u0259n bir hans\u0131sa \u015f\u0259xs intihar haqq\u0131nda q\u0259rar verir v\u0259 ya intihar edir. Haz\u0131rda 15-29 ya\u015fl\u0131 g\u0259ncl\u0259r aras\u0131nda \u00f6l\u00fcm\u00fcn ikinci s\u0259b\u0259bi intihard\u0131r: &#8220;\u0130ntiharlar\u0131n \u0259ks\u0259riyy\u0259ti b\u00f6hran v\u0259ziyy\u0259tl\u0259rind\u0259 ba\u015f verir. \u0130ntihar b\u00fct\u00fcn d\u00fcnya \u00f6lk\u0259l\u0259rind\u0259 qlobal fenomendir v\u0259 Az\u0259rbaycan da&hellip;<\/p>\n","protected":false},"author":2,"featured_media":100836,"comment_status":"closed","ping_status":"closed","sticky":false,"template":"","format":"standard","meta":{"om_disable_all_campaigns":false,"_monsterinsights_skip_tracking":false,"_monsterinsights_sitenote_active":false,"_monsterinsights_sitenote_note":"","_monsterinsights_sitenote_category":0},"categories":[1],"tags":[],"aioseo_notices":[],"gutentor_comment":0,"rttpg_featured_image_url":{"full":["https:\/\/arantv.az\/wp-content\/uploads\/2019\/11\/805344.jpg",800,600,false],"landscape":["https:\/\/arantv.az\/wp-content\/uploads\/2019\/11\/805344.jpg",800,600,false],"portraits":["https:\/\/arantv.az\/wp-content\/uploads\/2019\/11\/805344.jpg",800,600,false],"thumbnail":["https:\/\/arantv.az\/wp-content\/uploads\/2019\/11\/805344-150x150.jpg",150,150,true],"medium":["https:\/\/arantv.az\/wp-content\/uploads\/2019\/11\/805344-300x225.jpg",300,225,true],"large":["https:\/\/arantv.az\/wp-content\/uploads\/2019\/11\/805344.jpg",640,480,false],"1536x1536":["https:\/\/arantv.az\/wp-content\/uploads\/2019\/11\/805344.jpg",800,600,false],"2048x2048":["https:\/\/arantv.az\/wp-content\/uploads\/2019\/11\/805344.jpg",800,600,false],"post-thumbnail":["https:\/\/arantv.az\/wp-content\/uploads\/2019\/11\/805344-240x172.jpg",240,172,true],"advps-thumb-one":["https:\/\/arantv.az\/wp-content\/uploads\/2019\/11\/805344.jpg",800,600,false]},"rttpg_author":{"display_name":"V\u00fcsal Rafiqo\u011flu","author_link":"https:\/\/arantv.az\/?author=2"},"rttpg_comment":0,"rttpg_category":"<a href=\"https:\/\/arantv.az\/?cat=1\" rel=\"category\">C\u0259miyy\u0259t<\/a>","rttpg_excerpt":"Qlobal s\u0259viyy\u0259d\u0259 intiharlar\u0131n qar\u015f\u0131s\u0131n\u0131n al\u0131nmas\u0131 \u00fc\u00e7\u00fcn silah v\u0259 b\u0259zi d\u0259rmanlara \u00e7\u0131x\u0131\u015f\u0131 azaltmaq, m\u0259kt\u0259bl\u0259rd\u0259 d\u00fczg\u00fcn maarifl\u0259ndirm\u0259, ictimaiyy\u0259tin d\u00fczg\u00fcn m\u0259lumatland\u0131r\u0131lmas\u0131, h\u00fcquq-m\u00fchafiz\u0259 orqanlar\u0131n\u0131n t\u0259limatland\u0131r\u0131lmas\u0131 laz\u0131md\u0131r. ARANTV.AZ\u00a0Trend-\u0259 istinad\u0259n x\u0259b\u0259r verir ki, bunu \u018fm\u0259k v\u0259 \u018fhalinin Sosial M\u00fcdafi\u0259si Nazirliyi v\u0259 BMT \u0130nki\u015faf Proqram\u0131n\u0131n (BMT\u0130P) ke\u00e7irdiyi d\u0259yirmi masada BMT\u0130P-in Rezident N\u00fcmay\u0259nd\u0259si Alessandro Frakassetti deyib. A.Frakassetti deyib ki, d\u00fcnyada h\u0259r 40 saniy\u0259d\u0259n&hellip;","_links":{"self":[{"href":"https:\/\/arantv.az\/index.php?rest_route=\/wp\/v2\/posts\/100835"}],"collection":[{"href":"https:\/\/arantv.az\/index.php?rest_route=\/wp\/v2\/posts"}],"about":[{"href":"https:\/\/arantv.az\/index.php?rest_route=\/wp\/v2\/types\/post"}],"author":[{"embeddable":true,"href":"https:\/\/arantv.az\/index.php?rest_route=\/wp\/v2\/users\/2"}],"replies":[{"embeddable":true,"href":"https:\/\/arantv.az\/index.php?rest_route=%2Fwp%2Fv2%2Fcomments&post=100835"}],"version-history":[{"count":0,"href":"https:\/\/arantv.az\/index.php?rest_route=\/wp\/v2\/posts\/100835\/revisions"}],"wp:featuredmedia":[{"embeddable":true,"href":"https:\/\/arantv.az\/index.php?rest_route=\/wp\/v2\/media\/100836"}],"wp:attachment":[{"href":"https:\/\/arantv.az\/index.php?rest_route=%2Fwp%2Fv2%2Fmedia&parent=100835"}],"wp:term":[{"taxonomy":"category","embeddable":true,"href":"https:\/\/arantv.az\/index.php?rest_route=%2Fwp%2Fv2%2Fcategories&post=100835"},{"taxonomy":"post_tag","embeddable":true,"href":"https:\/\/arantv.az\/index.php?rest_route=%2Fwp%2Fv2%2Ftags&post=100835"}],"curies":[{"name":"wp","href":"https:\/\/api.w.org\/{rel}","templated":true}]}}