{"id":100839,"date":"2019-11-26T11:55:02","date_gmt":"2019-11-26T08:55:02","guid":{"rendered":"http:\/\/arantv.az\/?p=100839"},"modified":"2019-11-26T11:55:02","modified_gmt":"2019-11-26T08:55:02","slug":"mastagada-ana-v%c9%99-azyasli-oglu-d%c9%99m-qazindan-boguldu","status":"publish","type":"post","link":"https:\/\/arantv.az\/?p=100839","title":{"rendered":"Ma\u015fta\u011fada ana v\u0259 azya\u015fl\u0131 o\u011flu d\u0259m qaz\u0131ndan bo\u011fuldu"},"content":{"rendered":"<p><strong>Bak\u0131da d\u0259m qaz\u0131 daha iki n\u0259f\u0259rin h\u0259yat\u0131na son qoyub.<\/strong><\/p>\n<p><strong>ARANTV.AZ<\/strong> APA-ya istinad\u0259n x\u0259b\u0259r verir ki, hadis\u0259 Sabun\u00e7u rayonu Ma\u015fta\u011fa q\u0259s\u0259b\u0259sind\u0259 qeyd\u0259 al\u0131n\u0131b. Q\u0259s\u0259b\u0259 sakini, 1981-ci il t\u0259v\u0259ll\u00fcdl\u00fc \u018fliyeva K\u00f6n\u00fcl El\u015fad q\u0131z\u0131 v\u0259 onun o\u011flu, 2007-ci il t\u0259v\u0259ll\u00fcdl\u00fc \u018fliyev K\u0259rim Nail o\u011flu d\u0259m qaz\u0131ndan bo\u011fularaq \u00f6l\u00fcbl\u0259r.<\/p>\n<p>Faktla ba\u011fl\u0131 Sabun\u00e7u Rayon Prokurorlu\u011funda ara\u015fd\u0131rma apar\u0131l\u0131r.<\/p>\n","protected":false},"excerpt":{"rendered":"<p>Bak\u0131da d\u0259m qaz\u0131 daha iki n\u0259f\u0259rin h\u0259yat\u0131na son qoyub. ARANTV.AZ APA-ya istinad\u0259n x\u0259b\u0259r verir ki, hadis\u0259 Sabun\u00e7u rayonu Ma\u015fta\u011fa q\u0259s\u0259b\u0259sind\u0259 qeyd\u0259 al\u0131n\u0131b. Q\u0259s\u0259b\u0259 sakini, 1981-ci il t\u0259v\u0259ll\u00fcdl\u00fc \u018fliyeva K\u00f6n\u00fcl El\u015fad q\u0131z\u0131 v\u0259 onun o\u011flu, 2007-ci il t\u0259v\u0259ll\u00fcdl\u00fc \u018fliyev K\u0259rim Nail o\u011flu d\u0259m qaz\u0131ndan bo\u011fularaq \u00f6l\u00fcbl\u0259r. Faktla ba\u011fl\u0131 Sabun\u00e7u Rayon Prokurorlu\u011funda ara\u015fd\u0131rma apar\u0131l\u0131r.<\/p>\n","protected":false},"author":2,"featured_media":100840,"comment_status":"closed","ping_status":"closed","sticky":false,"template":"","format":"standard","meta":{"om_disable_all_campaigns":false,"_monsterinsights_skip_tracking":false,"_monsterinsights_sitenote_active":false,"_monsterinsights_sitenote_note":"","_monsterinsights_sitenote_category":0},"categories":[5],"tags":[],"aioseo_notices":[],"gutentor_comment":0,"rttpg_featured_image_url":{"full":["https:\/\/arantv.az\/wp-content\/uploads\/2019\/11\/meyid_07771.jpg",482,361,false],"landscape":["https:\/\/arantv.az\/wp-content\/uploads\/2019\/11\/meyid_07771.jpg",482,361,false],"portraits":["https:\/\/arantv.az\/wp-content\/uploads\/2019\/11\/meyid_07771.jpg",482,361,false],"thumbnail":["https:\/\/arantv.az\/wp-content\/uploads\/2019\/11\/meyid_07771-150x150.jpg",150,150,true],"medium":["https:\/\/arantv.az\/wp-content\/uploads\/2019\/11\/meyid_07771-300x225.jpg",300,225,true],"large":["https:\/\/arantv.az\/wp-content\/uploads\/2019\/11\/meyid_07771.jpg",482,361,false],"1536x1536":["https:\/\/arantv.az\/wp-content\/uploads\/2019\/11\/meyid_07771.jpg",482,361,false],"2048x2048":["https:\/\/arantv.az\/wp-content\/uploads\/2019\/11\/meyid_07771.jpg",482,361,false],"post-thumbnail":["https:\/\/arantv.az\/wp-content\/uploads\/2019\/11\/meyid_07771-240x172.jpg",240,172,true],"advps-thumb-one":["https:\/\/arantv.az\/wp-content\/uploads\/2019\/11\/meyid_07771.jpg",482,361,false]},"rttpg_author":{"display_name":"V\u00fcsal Rafiqo\u011flu","author_link":"https:\/\/arantv.az\/?author=2"},"rttpg_comment":0,"rttpg_category":"<a href=\"https:\/\/arantv.az\/?cat=5\" rel=\"category\">Hadis\u0259<\/a>","rttpg_excerpt":"Bak\u0131da d\u0259m qaz\u0131 daha iki n\u0259f\u0259rin h\u0259yat\u0131na son qoyub. ARANTV.AZ APA-ya istinad\u0259n x\u0259b\u0259r verir ki, hadis\u0259 Sabun\u00e7u rayonu Ma\u015fta\u011fa q\u0259s\u0259b\u0259sind\u0259 qeyd\u0259 al\u0131n\u0131b. Q\u0259s\u0259b\u0259 sakini, 1981-ci il t\u0259v\u0259ll\u00fcdl\u00fc \u018fliyeva K\u00f6n\u00fcl El\u015fad q\u0131z\u0131 v\u0259 onun o\u011flu, 2007-ci il t\u0259v\u0259ll\u00fcdl\u00fc \u018fliyev K\u0259rim Nail o\u011flu d\u0259m qaz\u0131ndan bo\u011fularaq \u00f6l\u00fcbl\u0259r. Faktla ba\u011fl\u0131 Sabun\u00e7u Rayon Prokurorlu\u011funda ara\u015fd\u0131rma apar\u0131l\u0131r.","_links":{"self":[{"href":"https:\/\/arantv.az\/index.php?rest_route=\/wp\/v2\/posts\/100839"}],"collection":[{"href":"https:\/\/arantv.az\/index.php?rest_route=\/wp\/v2\/posts"}],"about":[{"href":"https:\/\/arantv.az\/index.php?rest_route=\/wp\/v2\/types\/post"}],"author":[{"embeddable":true,"href":"https:\/\/arantv.az\/index.php?rest_route=\/wp\/v2\/users\/2"}],"replies":[{"embeddable":true,"href":"https:\/\/arantv.az\/index.php?rest_route=%2Fwp%2Fv2%2Fcomments&post=100839"}],"version-history":[{"count":0,"href":"https:\/\/arantv.az\/index.php?rest_route=\/wp\/v2\/posts\/100839\/revisions"}],"wp:featuredmedia":[{"embeddable":true,"href":"https:\/\/arantv.az\/index.php?rest_route=\/wp\/v2\/media\/100840"}],"wp:attachment":[{"href":"https:\/\/arantv.az\/index.php?rest_route=%2Fwp%2Fv2%2Fmedia&parent=100839"}],"wp:term":[{"taxonomy":"category","embeddable":true,"href":"https:\/\/arantv.az\/index.php?rest_route=%2Fwp%2Fv2%2Fcategories&post=100839"},{"taxonomy":"post_tag","embeddable":true,"href":"https:\/\/arantv.az\/index.php?rest_route=%2Fwp%2Fv2%2Ftags&post=100839"}],"curies":[{"name":"wp","href":"https:\/\/api.w.org\/{rel}","templated":true}]}}