{"id":100843,"date":"2019-11-26T11:55:57","date_gmt":"2019-11-26T08:55:57","guid":{"rendered":"http:\/\/arantv.az\/?p=100843"},"modified":"2019-11-26T11:55:57","modified_gmt":"2019-11-26T08:55:57","slug":"bakida-faci%c9%99-z%c9%99h%c9%99rl%c9%99n%c9%99n-t%c9%99l%c9%99b%c9%99-oldu","status":"publish","type":"post","link":"https:\/\/arantv.az\/?p=100843","title":{"rendered":"Bak\u0131da FAC\u0130\u018f: z\u0259h\u0259rl\u0259n\u0259n T\u018fL\u018fB\u018f \u00d6LD\u00dc"},"content":{"rendered":"<p><strong>Bak\u0131da daha bir t\u0259l\u0259b\u0259 z\u0259h\u0259rl\u0259nm\u0259 n\u0259tic\u0259sind\u0259 v\u0259fat edib.<\/strong><\/p>\n<p><strong>ARANTV.AZ<\/strong>\u00a0 publika.az-a istinad\u0259n x\u0259b\u0259r verir ki, \u0130qtisad Universitetinin 4-c\u00fc kurs t\u0259l\u0259b\u0259si M\u0259hy\u0259ddinov Ramil Adil o\u011flu Sabun\u00e7u rayonu \u0259razisind\u0259 ya\u015fad\u0131\u011f\u0131 m\u0259nzild\u0259 d\u0259m qaz\u0131ndan z\u0259h\u0259rl\u0259nib. T\u0259cili tibbi yard\u0131m \u00e7a\u011f\u0131r\u0131lsa da, onun h\u0259yat\u0131n\u0131 xilas etm\u0259k m\u00fcmk\u00fcn olmay\u0131b.<\/p>\n<p>Faktla ba\u011fl\u0131 Sabun\u00e7u Rayon Prokurorlu\u011funda ara\u015fd\u0131rma apar\u0131l\u0131r.<\/p>\n","protected":false},"excerpt":{"rendered":"<p>Bak\u0131da daha bir t\u0259l\u0259b\u0259 z\u0259h\u0259rl\u0259nm\u0259 n\u0259tic\u0259sind\u0259 v\u0259fat edib. ARANTV.AZ\u00a0 publika.az-a istinad\u0259n x\u0259b\u0259r verir ki, \u0130qtisad Universitetinin 4-c\u00fc kurs t\u0259l\u0259b\u0259si M\u0259hy\u0259ddinov Ramil Adil o\u011flu Sabun\u00e7u rayonu \u0259razisind\u0259 ya\u015fad\u0131\u011f\u0131 m\u0259nzild\u0259 d\u0259m qaz\u0131ndan z\u0259h\u0259rl\u0259nib. T\u0259cili tibbi yard\u0131m \u00e7a\u011f\u0131r\u0131lsa da, onun h\u0259yat\u0131n\u0131 xilas etm\u0259k m\u00fcmk\u00fcn olmay\u0131b. Faktla ba\u011fl\u0131 Sabun\u00e7u Rayon Prokurorlu\u011funda ara\u015fd\u0131rma apar\u0131l\u0131r.<\/p>\n","protected":false},"author":2,"featured_media":100844,"comment_status":"closed","ping_status":"closed","sticky":false,"template":"","format":"standard","meta":{"om_disable_all_campaigns":false,"_monsterinsights_skip_tracking":false,"_monsterinsights_sitenote_active":false,"_monsterinsights_sitenote_note":"","_monsterinsights_sitenote_category":0},"categories":[5],"tags":[],"aioseo_notices":[],"gutentor_comment":0,"rttpg_featured_image_url":{"full":["https:\/\/arantv.az\/wp-content\/uploads\/2019\/11\/805354.jpg",800,600,false],"landscape":["https:\/\/arantv.az\/wp-content\/uploads\/2019\/11\/805354.jpg",800,600,false],"portraits":["https:\/\/arantv.az\/wp-content\/uploads\/2019\/11\/805354.jpg",800,600,false],"thumbnail":["https:\/\/arantv.az\/wp-content\/uploads\/2019\/11\/805354-150x150.jpg",150,150,true],"medium":["https:\/\/arantv.az\/wp-content\/uploads\/2019\/11\/805354-300x225.jpg",300,225,true],"large":["https:\/\/arantv.az\/wp-content\/uploads\/2019\/11\/805354.jpg",640,480,false],"1536x1536":["https:\/\/arantv.az\/wp-content\/uploads\/2019\/11\/805354.jpg",800,600,false],"2048x2048":["https:\/\/arantv.az\/wp-content\/uploads\/2019\/11\/805354.jpg",800,600,false],"post-thumbnail":["https:\/\/arantv.az\/wp-content\/uploads\/2019\/11\/805354-240x172.jpg",240,172,true],"advps-thumb-one":["https:\/\/arantv.az\/wp-content\/uploads\/2019\/11\/805354.jpg",800,600,false]},"rttpg_author":{"display_name":"V\u00fcsal Rafiqo\u011flu","author_link":"https:\/\/arantv.az\/?author=2"},"rttpg_comment":0,"rttpg_category":"<a href=\"https:\/\/arantv.az\/?cat=5\" rel=\"category\">Hadis\u0259<\/a>","rttpg_excerpt":"Bak\u0131da daha bir t\u0259l\u0259b\u0259 z\u0259h\u0259rl\u0259nm\u0259 n\u0259tic\u0259sind\u0259 v\u0259fat edib. ARANTV.AZ\u00a0 publika.az-a istinad\u0259n x\u0259b\u0259r verir ki, \u0130qtisad Universitetinin 4-c\u00fc kurs t\u0259l\u0259b\u0259si M\u0259hy\u0259ddinov Ramil Adil o\u011flu Sabun\u00e7u rayonu \u0259razisind\u0259 ya\u015fad\u0131\u011f\u0131 m\u0259nzild\u0259 d\u0259m qaz\u0131ndan z\u0259h\u0259rl\u0259nib. T\u0259cili tibbi yard\u0131m \u00e7a\u011f\u0131r\u0131lsa da, onun h\u0259yat\u0131n\u0131 xilas etm\u0259k m\u00fcmk\u00fcn olmay\u0131b. Faktla ba\u011fl\u0131 Sabun\u00e7u Rayon Prokurorlu\u011funda ara\u015fd\u0131rma apar\u0131l\u0131r.","_links":{"self":[{"href":"https:\/\/arantv.az\/index.php?rest_route=\/wp\/v2\/posts\/100843"}],"collection":[{"href":"https:\/\/arantv.az\/index.php?rest_route=\/wp\/v2\/posts"}],"about":[{"href":"https:\/\/arantv.az\/index.php?rest_route=\/wp\/v2\/types\/post"}],"author":[{"embeddable":true,"href":"https:\/\/arantv.az\/index.php?rest_route=\/wp\/v2\/users\/2"}],"replies":[{"embeddable":true,"href":"https:\/\/arantv.az\/index.php?rest_route=%2Fwp%2Fv2%2Fcomments&post=100843"}],"version-history":[{"count":0,"href":"https:\/\/arantv.az\/index.php?rest_route=\/wp\/v2\/posts\/100843\/revisions"}],"wp:featuredmedia":[{"embeddable":true,"href":"https:\/\/arantv.az\/index.php?rest_route=\/wp\/v2\/media\/100844"}],"wp:attachment":[{"href":"https:\/\/arantv.az\/index.php?rest_route=%2Fwp%2Fv2%2Fmedia&parent=100843"}],"wp:term":[{"taxonomy":"category","embeddable":true,"href":"https:\/\/arantv.az\/index.php?rest_route=%2Fwp%2Fv2%2Fcategories&post=100843"},{"taxonomy":"post_tag","embeddable":true,"href":"https:\/\/arantv.az\/index.php?rest_route=%2Fwp%2Fv2%2Ftags&post=100843"}],"curies":[{"name":"wp","href":"https:\/\/api.w.org\/{rel}","templated":true}]}}