{"id":100848,"date":"2019-11-26T11:58:23","date_gmt":"2019-11-26T08:58:23","guid":{"rendered":"http:\/\/arantv.az\/?p=100848"},"modified":"2019-11-26T11:58:23","modified_gmt":"2019-11-26T08:58:23","slug":"turkiy%c9%99-prezident-administrasiyasi-tanap-dig%c9%99r-vacib-enerji-layih%c9%99l%c9%99rinin-reallasdirilmasi-ucun-t%c9%99kan-ver%c9%99c%c9%99k","status":"publish","type":"post","link":"https:\/\/arantv.az\/?p=100848","title":{"rendered":"T\u00fcrkiy\u0259 Prezident Administrasiyas\u0131: &#8220;TANAP dig\u0259r vacib enerji layih\u0259l\u0259rinin realla\u015fd\u0131r\u0131lmas\u0131 \u00fc\u00e7\u00fcn t\u0259kan ver\u0259c\u0259k&#8221;"},"content":{"rendered":"<blockquote><p><em><strong>Trans-Anadolu qaz k\u0259m\u0259ri (TANAP) Az\u0259rbaycanla T\u00fcrkiy\u0259nin regionda enerji t\u0259hl\u00fck\u0259sizliyi il\u0259 ba\u011fl\u0131 birg\u0259 yana\u015fmas\u0131n\u0131n m\u0259hsuludur v\u0259 dig\u0259r vacib enerji layih\u0259l\u0259rinin realla\u015fd\u0131r\u0131lmas\u0131 \u00fc\u00e7\u00fcn t\u0259kan olacaq.<\/strong><\/em><\/p><\/blockquote>\n<p><strong>ARANTV.AZ<\/strong>\u00a0 x\u0259b\u0259r verir ki, bunu\u00a0<a href=\"https:\/\/az.trend.az\/\" target=\"_blank\" rel=\"noopener\">Trend<\/a>-\u0259 \u00f6z\u0259l olaraq T\u00fcrkiy\u0259 Prezident Administrasiyas\u0131ndan deyibl\u0259r.<\/p>\n<p>Qeyd olunub ki, TANAP qaz k\u0259m\u0259rinin ikinci sah\u0259sinin a\u00e7\u0131l\u0131\u015f\u0131 t\u0259kc\u0259 T\u00fcrkiy\u0259 v\u0259 Az\u0259rbaycan \u00fc\u00e7\u00fcn deyil, b\u00fct\u00fcn region \u00fc\u00e7\u00fcn \u0259lam\u0259tdar hadis\u0259dir:<\/p>\n<p>&#8220;TANAP energetikan\u0131n &#8220;ip\u0259k yolu&#8221;dur v\u0259 strateji xarakter da\u015f\u0131y\u0131r&#8221;.<\/p>\n<p>Administrasiyadan bildiribl\u0259r ki, TANAP-\u0131n realla\u015fd\u0131r\u0131lmas\u0131 Bak\u0131 il\u0259 Ankara aras\u0131nda dayan\u0131ql\u0131 v\u0259 m\u00f6hk\u0259m m\u00fcnasib\u0259tl\u0259rin g\u00f6st\u0259ricisidir.<\/p>\n<p>Qeyd ed\u0259k ki, TANAP-\u0131n ikinci m\u0259rh\u0259l\u0259sinin a\u00e7\u0131l\u0131\u015f\u0131 noyabr\u0131n 30-da \u018fdirn\u0259 vilay\u0259tinin \u0130psala rayonunda ba\u015f tutacaq.<\/p>\n<p>TANAP Az\u0259rbaycan qaz\u0131n\u0131n Avropaya n\u0259qlini n\u0259z\u0259rd\u0259 tutan &#8220;C\u0259nub Qaz D\u0259hlizi&#8221;nin bir hiss\u0259sidir.<\/p>\n<p>\u0130yunun 12-d\u0259 T\u00fcrkiy\u0259nin \u018fski\u015f\u0259h\u0259r \u015f\u0259h\u0259rind\u0259 TANAP qaz k\u0259m\u0259rinin istifad\u0259y\u0259 verilm\u0259si m\u00fcnasib\u0259til\u0259 t\u0259nt\u0259n\u0259li m\u0259rasim ke\u00e7irilib.<\/p>\n<p>Uzunlu\u011fu 1805 kilometr olan TANAP boru k\u0259m\u0259rinin diametri 56 v\u0259 48 d\u00fcym, M\u0259rm\u0259r\u0259 d\u0259nizi boyunca is\u0259 36 d\u00fcym t\u0259\u015fkil edir. K\u0259m\u0259rin d\u0259niz s\u0259viyy\u0259sind\u0259n maksimal h\u00fcnd\u00fcrl\u00fcy\u00fc 2700 metr y\u00fcks\u0259klikd\u0259 yerl\u0259\u015fir. K\u0259m\u0259rd\u0259n T\u00fcrkiy\u0259 qazpaylama sistemin\u0259 iki qol ayr\u0131l\u0131b v\u0259 onun maksimum illik \u00f6t\u00fcr\u00fcc\u00fcl\u00fck qabiliyy\u0259ti 31 milyard kubmetrdir. Layih\u0259nin ilkin m\u0259rh\u0259l\u0259sind\u0259 illik \u00f6t\u00fcr\u00fcc\u00fcl\u00fck qabiliyy\u0259ti 16 milyard kubmetr qaz t\u0259\u015fkil ed\u0259c\u0259k.<\/p>\n<p>Boru k\u0259m\u0259ri 2019-cu ilin iyununda Yunan\u0131stan s\u0259rh\u0259din\u0259 \u00e7atacaq. S\u0131naq i\u015fl\u0259rind\u0259n sonra ilin sonunad\u0259k Yunan\u0131stana t\u0259bii qaz n\u0259ql edil\u0259c\u0259k.<\/p>\n","protected":false},"excerpt":{"rendered":"<p>Trans-Anadolu qaz k\u0259m\u0259ri (TANAP) Az\u0259rbaycanla T\u00fcrkiy\u0259nin regionda enerji t\u0259hl\u00fck\u0259sizliyi il\u0259 ba\u011fl\u0131 birg\u0259 yana\u015fmas\u0131n\u0131n m\u0259hsuludur v\u0259 dig\u0259r vacib enerji layih\u0259l\u0259rinin realla\u015fd\u0131r\u0131lmas\u0131 \u00fc\u00e7\u00fcn t\u0259kan olacaq. ARANTV.AZ\u00a0 x\u0259b\u0259r verir ki, bunu\u00a0Trend-\u0259 \u00f6z\u0259l olaraq T\u00fcrkiy\u0259 Prezident Administrasiyas\u0131ndan deyibl\u0259r. Qeyd olunub ki, TANAP qaz k\u0259m\u0259rinin ikinci sah\u0259sinin a\u00e7\u0131l\u0131\u015f\u0131 t\u0259kc\u0259 T\u00fcrkiy\u0259 v\u0259 Az\u0259rbaycan \u00fc\u00e7\u00fcn deyil, b\u00fct\u00fcn region \u00fc\u00e7\u00fcn \u0259lam\u0259tdar hadis\u0259dir: &#8220;TANAP energetikan\u0131n &#8220;ip\u0259k yolu&#8221;dur v\u0259 strateji xarakter da\u015f\u0131y\u0131r&#8221;. Administrasiyadan bildiribl\u0259r ki, TANAP-\u0131n realla\u015fd\u0131r\u0131lmas\u0131 Bak\u0131 il\u0259 Ankara aras\u0131nda dayan\u0131ql\u0131 v\u0259 m\u00f6hk\u0259m m\u00fcnasib\u0259tl\u0259rin g\u00f6st\u0259ricisidir. Qeyd ed\u0259k ki, TANAP-\u0131n ikinci m\u0259rh\u0259l\u0259sinin a\u00e7\u0131l\u0131\u015f\u0131 noyabr\u0131n 30-da \u018fdirn\u0259 vilay\u0259tinin \u0130psala rayonunda ba\u015f&hellip;<\/p>\n","protected":false},"author":2,"featured_media":100849,"comment_status":"closed","ping_status":"closed","sticky":false,"template":"","format":"standard","meta":{"om_disable_all_campaigns":false,"_monsterinsights_skip_tracking":false,"_monsterinsights_sitenote_active":false,"_monsterinsights_sitenote_note":"","_monsterinsights_sitenote_category":0},"categories":[4],"tags":[],"aioseo_notices":[],"gutentor_comment":0,"rttpg_featured_image_url":{"full":["https:\/\/arantv.az\/wp-content\/uploads\/2019\/11\/805349.jpg",800,600,false],"landscape":["https:\/\/arantv.az\/wp-content\/uploads\/2019\/11\/805349.jpg",800,600,false],"portraits":["https:\/\/arantv.az\/wp-content\/uploads\/2019\/11\/805349.jpg",800,600,false],"thumbnail":["https:\/\/arantv.az\/wp-content\/uploads\/2019\/11\/805349-150x150.jpg",150,150,true],"medium":["https:\/\/arantv.az\/wp-content\/uploads\/2019\/11\/805349-300x225.jpg",300,225,true],"large":["https:\/\/arantv.az\/wp-content\/uploads\/2019\/11\/805349.jpg",640,480,false],"1536x1536":["https:\/\/arantv.az\/wp-content\/uploads\/2019\/11\/805349.jpg",800,600,false],"2048x2048":["https:\/\/arantv.az\/wp-content\/uploads\/2019\/11\/805349.jpg",800,600,false],"post-thumbnail":["https:\/\/arantv.az\/wp-content\/uploads\/2019\/11\/805349-240x172.jpg",240,172,true],"advps-thumb-one":["https:\/\/arantv.az\/wp-content\/uploads\/2019\/11\/805349.jpg",800,600,false]},"rttpg_author":{"display_name":"V\u00fcsal Rafiqo\u011flu","author_link":"https:\/\/arantv.az\/?author=2"},"rttpg_comment":0,"rttpg_category":"<a href=\"https:\/\/arantv.az\/?cat=4\" rel=\"category\">Siyas\u0259t<\/a>","rttpg_excerpt":"Trans-Anadolu qaz k\u0259m\u0259ri (TANAP) Az\u0259rbaycanla T\u00fcrkiy\u0259nin regionda enerji t\u0259hl\u00fck\u0259sizliyi il\u0259 ba\u011fl\u0131 birg\u0259 yana\u015fmas\u0131n\u0131n m\u0259hsuludur v\u0259 dig\u0259r vacib enerji layih\u0259l\u0259rinin realla\u015fd\u0131r\u0131lmas\u0131 \u00fc\u00e7\u00fcn t\u0259kan olacaq. ARANTV.AZ\u00a0 x\u0259b\u0259r verir ki, bunu\u00a0Trend-\u0259 \u00f6z\u0259l olaraq T\u00fcrkiy\u0259 Prezident Administrasiyas\u0131ndan deyibl\u0259r. Qeyd olunub ki, TANAP qaz k\u0259m\u0259rinin ikinci sah\u0259sinin a\u00e7\u0131l\u0131\u015f\u0131 t\u0259kc\u0259 T\u00fcrkiy\u0259 v\u0259 Az\u0259rbaycan \u00fc\u00e7\u00fcn deyil, b\u00fct\u00fcn region \u00fc\u00e7\u00fcn \u0259lam\u0259tdar hadis\u0259dir: &#8220;TANAP&hellip;","_links":{"self":[{"href":"https:\/\/arantv.az\/index.php?rest_route=\/wp\/v2\/posts\/100848"}],"collection":[{"href":"https:\/\/arantv.az\/index.php?rest_route=\/wp\/v2\/posts"}],"about":[{"href":"https:\/\/arantv.az\/index.php?rest_route=\/wp\/v2\/types\/post"}],"author":[{"embeddable":true,"href":"https:\/\/arantv.az\/index.php?rest_route=\/wp\/v2\/users\/2"}],"replies":[{"embeddable":true,"href":"https:\/\/arantv.az\/index.php?rest_route=%2Fwp%2Fv2%2Fcomments&post=100848"}],"version-history":[{"count":0,"href":"https:\/\/arantv.az\/index.php?rest_route=\/wp\/v2\/posts\/100848\/revisions"}],"wp:featuredmedia":[{"embeddable":true,"href":"https:\/\/arantv.az\/index.php?rest_route=\/wp\/v2\/media\/100849"}],"wp:attachment":[{"href":"https:\/\/arantv.az\/index.php?rest_route=%2Fwp%2Fv2%2Fmedia&parent=100848"}],"wp:term":[{"taxonomy":"category","embeddable":true,"href":"https:\/\/arantv.az\/index.php?rest_route=%2Fwp%2Fv2%2Fcategories&post=100848"},{"taxonomy":"post_tag","embeddable":true,"href":"https:\/\/arantv.az\/index.php?rest_route=%2Fwp%2Fv2%2Ftags&post=100848"}],"curies":[{"name":"wp","href":"https:\/\/api.w.org\/{rel}","templated":true}]}}