{"id":100857,"date":"2019-11-26T12:03:34","date_gmt":"2019-11-26T09:03:34","guid":{"rendered":"http:\/\/arantv.az\/?p=100857"},"modified":"2019-11-26T12:03:34","modified_gmt":"2019-11-26T09:03:34","slug":"bakinin-m%c9%99rk%c9%99zind%c9%99-d%c9%99hs%c9%99tli-hadis%c9%99-universitet-t%c9%99l%c9%99b%c9%99si-oldu","status":"publish","type":"post","link":"https:\/\/arantv.az\/?p=100857","title":{"rendered":"Bak\u0131n\u0131n m\u0259rk\u0259zind\u0259 d\u0259h\u015f\u0259tli hadis\u0259 &#8211; Universitet t\u0259l\u0259b\u0259si \u00f6ld\u00fc"},"content":{"rendered":"<p>Noyabr\u0131n 25-n\u0259 ke\u00e7\u0259n gec\u0259 saat 23 rad\u0259l\u0259rind\u0259 S\u0259bail rayonu \u0259razisind\u0259 Bak\u0131 \u015f\u0259h\u0259r sakini Anar Musayev idar\u0259 etdiyi \u201cMercedes\u201d markal\u0131 avtomobili elektrik dir\u0259yin\u0259 vurub.<\/p>\n<p><b>ARANTV.AZ\u00a0<\/b> publika.az-a istinad\u0259n x\u0259b\u0259r verir ki, hadis\u0259 zaman\u0131 s\u00fcr\u00fcc\u00fc idar\u0259etm\u0259ni itirdiyind\u0259n n\u0259qliyyat vasit\u0259si qar\u015f\u0131dan g\u0259l\u0259n A.\u015eir\u0259liyevin idar\u0259 etdiyi \u201cVAZ-2109&#8243; markal\u0131 avtomobil\u0259 d\u0259yib. N\u0259tic\u0259d\u0259 A.Musayev hadis\u0259 yerind\u0259 \u00f6l\u00fcb.<\/p>\n<p>Qeyd ed\u0259k ki, q\u0259zada \u00f6l\u0259n 20 ya\u015fl\u0131 Anar Musayev Az\u0259rbaycan Memmarl\u0131q v\u0259 \u0130n\u015faat Universitetinin \u0130n\u015faat fak\u00fclt\u0259sinin II kurs t\u0259l\u0259b\u0259si h\u0259lak olub.<\/p>\n<p>Faktla ba\u011fl\u0131 S\u0259bail rayon Polis \u0130darsind\u0259 cinay\u0259t i\u015fi a\u00e7\u0131l\u0131b, ara\u015fd\u0131rma apar\u0131l\u0131r.<\/p>\n","protected":false},"excerpt":{"rendered":"<p>Noyabr\u0131n 25-n\u0259 ke\u00e7\u0259n gec\u0259 saat 23 rad\u0259l\u0259rind\u0259 S\u0259bail rayonu \u0259razisind\u0259 Bak\u0131 \u015f\u0259h\u0259r sakini Anar Musayev idar\u0259 etdiyi \u201cMercedes\u201d markal\u0131 avtomobili elektrik dir\u0259yin\u0259 vurub. ARANTV.AZ\u00a0 publika.az-a istinad\u0259n x\u0259b\u0259r verir ki, hadis\u0259 zaman\u0131 s\u00fcr\u00fcc\u00fc idar\u0259etm\u0259ni itirdiyind\u0259n n\u0259qliyyat vasit\u0259si qar\u015f\u0131dan g\u0259l\u0259n A.\u015eir\u0259liyevin idar\u0259 etdiyi \u201cVAZ-2109&#8243; markal\u0131 avtomobil\u0259 d\u0259yib. N\u0259tic\u0259d\u0259 A.Musayev hadis\u0259 yerind\u0259 \u00f6l\u00fcb. Qeyd ed\u0259k ki, q\u0259zada \u00f6l\u0259n 20 ya\u015fl\u0131 Anar Musayev Az\u0259rbaycan Memmarl\u0131q v\u0259 \u0130n\u015faat Universitetinin \u0130n\u015faat fak\u00fclt\u0259sinin II kurs t\u0259l\u0259b\u0259si h\u0259lak olub. Faktla ba\u011fl\u0131 S\u0259bail rayon Polis \u0130darsind\u0259 cinay\u0259t i\u015fi a\u00e7\u0131l\u0131b, ara\u015fd\u0131rma apar\u0131l\u0131r.<\/p>\n","protected":false},"author":2,"featured_media":100858,"comment_status":"closed","ping_status":"closed","sticky":false,"template":"","format":"standard","meta":{"om_disable_all_campaigns":false,"_monsterinsights_skip_tracking":false,"_monsterinsights_sitenote_active":false,"_monsterinsights_sitenote_note":"","_monsterinsights_sitenote_category":0},"categories":[5],"tags":[],"aioseo_notices":[],"gutentor_comment":0,"rttpg_featured_image_url":{"full":["https:\/\/arantv.az\/wp-content\/uploads\/2019\/11\/anar-telebee.jpg",649,365,false],"landscape":["https:\/\/arantv.az\/wp-content\/uploads\/2019\/11\/anar-telebee.jpg",649,365,false],"portraits":["https:\/\/arantv.az\/wp-content\/uploads\/2019\/11\/anar-telebee.jpg",649,365,false],"thumbnail":["https:\/\/arantv.az\/wp-content\/uploads\/2019\/11\/anar-telebee-150x150.jpg",150,150,true],"medium":["https:\/\/arantv.az\/wp-content\/uploads\/2019\/11\/anar-telebee-300x169.jpg",300,169,true],"large":["https:\/\/arantv.az\/wp-content\/uploads\/2019\/11\/anar-telebee.jpg",640,360,false],"1536x1536":["https:\/\/arantv.az\/wp-content\/uploads\/2019\/11\/anar-telebee.jpg",649,365,false],"2048x2048":["https:\/\/arantv.az\/wp-content\/uploads\/2019\/11\/anar-telebee.jpg",649,365,false],"post-thumbnail":["https:\/\/arantv.az\/wp-content\/uploads\/2019\/11\/anar-telebee-240x172.jpg",240,172,true],"advps-thumb-one":["https:\/\/arantv.az\/wp-content\/uploads\/2019\/11\/anar-telebee.jpg",649,365,false]},"rttpg_author":{"display_name":"V\u00fcsal Rafiqo\u011flu","author_link":"https:\/\/arantv.az\/?author=2"},"rttpg_comment":0,"rttpg_category":"<a href=\"https:\/\/arantv.az\/?cat=5\" rel=\"category\">Hadis\u0259<\/a>","rttpg_excerpt":"Noyabr\u0131n 25-n\u0259 ke\u00e7\u0259n gec\u0259 saat 23 rad\u0259l\u0259rind\u0259 S\u0259bail rayonu \u0259razisind\u0259 Bak\u0131 \u015f\u0259h\u0259r sakini Anar Musayev idar\u0259 etdiyi \u201cMercedes\u201d markal\u0131 avtomobili elektrik dir\u0259yin\u0259 vurub. ARANTV.AZ\u00a0 publika.az-a istinad\u0259n x\u0259b\u0259r verir ki, hadis\u0259 zaman\u0131 s\u00fcr\u00fcc\u00fc idar\u0259etm\u0259ni itirdiyind\u0259n n\u0259qliyyat vasit\u0259si qar\u015f\u0131dan g\u0259l\u0259n A.\u015eir\u0259liyevin idar\u0259 etdiyi \u201cVAZ-2109&#8243; markal\u0131 avtomobil\u0259 d\u0259yib. N\u0259tic\u0259d\u0259 A.Musayev hadis\u0259 yerind\u0259 \u00f6l\u00fcb. Qeyd ed\u0259k ki, q\u0259zada \u00f6l\u0259n&hellip;","_links":{"self":[{"href":"https:\/\/arantv.az\/index.php?rest_route=\/wp\/v2\/posts\/100857"}],"collection":[{"href":"https:\/\/arantv.az\/index.php?rest_route=\/wp\/v2\/posts"}],"about":[{"href":"https:\/\/arantv.az\/index.php?rest_route=\/wp\/v2\/types\/post"}],"author":[{"embeddable":true,"href":"https:\/\/arantv.az\/index.php?rest_route=\/wp\/v2\/users\/2"}],"replies":[{"embeddable":true,"href":"https:\/\/arantv.az\/index.php?rest_route=%2Fwp%2Fv2%2Fcomments&post=100857"}],"version-history":[{"count":0,"href":"https:\/\/arantv.az\/index.php?rest_route=\/wp\/v2\/posts\/100857\/revisions"}],"wp:featuredmedia":[{"embeddable":true,"href":"https:\/\/arantv.az\/index.php?rest_route=\/wp\/v2\/media\/100858"}],"wp:attachment":[{"href":"https:\/\/arantv.az\/index.php?rest_route=%2Fwp%2Fv2%2Fmedia&parent=100857"}],"wp:term":[{"taxonomy":"category","embeddable":true,"href":"https:\/\/arantv.az\/index.php?rest_route=%2Fwp%2Fv2%2Fcategories&post=100857"},{"taxonomy":"post_tag","embeddable":true,"href":"https:\/\/arantv.az\/index.php?rest_route=%2Fwp%2Fv2%2Ftags&post=100857"}],"curies":[{"name":"wp","href":"https:\/\/api.w.org\/{rel}","templated":true}]}}