{"id":100922,"date":"2019-11-26T13:03:36","date_gmt":"2019-11-26T10:03:36","guid":{"rendered":"http:\/\/arantv.az\/?p=100922"},"modified":"2019-11-26T13:03:36","modified_gmt":"2019-11-26T10:03:36","slug":"az%c9%99rbaycanda-intiharlarin-qarsisinin-alinmasi-kompleks-yanasma-t%c9%99l%c9%99b-edir-nazir-muavini","status":"publish","type":"post","link":"https:\/\/arantv.az\/?p=100922","title":{"rendered":"&#8220;Az\u0259rbaycanda intiharlar\u0131n qar\u015f\u0131s\u0131n\u0131n al\u0131nmas\u0131 kompleks yana\u015fma t\u0259l\u0259b edir&#8221; &#8211; Nazir m\u00fcavini"},"content":{"rendered":"<blockquote><p><em><strong>Son 5 ild\u0259 Az\u0259rbaycanda intiharlar\u0131n say\u0131 t\u0259qrib\u0259n 3 min\u0259 \u00e7at\u0131b.<\/strong><\/em><\/p><\/blockquote>\n<p><strong>ARANTV.AZ<\/strong>\u00a0\u00a0<a href=\"https:\/\/az.trend.az\/\" target=\"_blank\" rel=\"noopener\">Trend<\/a>-\u0259 istinad\u0259n x\u0259b\u0259r verir ki, bunu \u018fm\u0259k v\u0259 \u018fhalinin Sosial M\u00fcdafi\u0259si Nazirliyi v\u0259 BMT \u0130nki\u015faf Proqram\u0131n\u0131n ke\u00e7irdiyi d\u0259yirmi masada \u018fm\u0259k v\u0259 \u018fhalinin Sosial M\u00fcdafi\u0259si nazirinin m\u00fcavini Anar K\u0259rimov deyib.<\/p>\n<p>Onun s\u00f6zl\u0259rin\u0259 g\u00f6r\u0259, bu da \u00e7ox y\u00fcks\u0259k r\u0259q\u0259mdir: &#8220;Bunun 2\/3-i ki\u015fil\u0259r, 1\/3-i is\u0259 qad\u0131nlard\u0131r. Bunun \u0259n \u00fcz\u00fcc\u00fc t\u0259r\u0259fi odur ki, intihar ed\u0259nl\u0259rin 173 n\u0259f\u0259ri u\u015faq v\u0259 yeniyetm\u0259dir&#8221;.<\/p>\n<p>A.K\u0259rimov \u0259lav\u0259 edib ki, \u0259vv\u0259ll\u0259r intihar\u0131n daha \u00e7ox ya\u015fl\u0131 insanlar\u0131n problemi oldu\u011fu d\u00fc\u015f\u00fcn\u00fcl\u00fcrd\u00fcs\u0259, son zamanlar intihar ed\u0259nl\u0259rin 1\/3-i cavanlard\u0131r.<\/p>\n<p>Son 40-45 ild\u0259 d\u00fcnyada intiharlar\u0131n say\u0131n\u0131n 60 faiz artd\u0131\u011f\u0131n\u0131 dey\u0259n nazir m\u00fcavini bildirib ki, intiharlar\u0131n s\u0259b\u0259bl\u0259ri sosialy\u00f6n\u00fcml\u00fc ola bil\u0259r. Sosial t\u0259minat, i\u015fsizlik probleml\u0259ri, b\u0259zi hallarda sosial-psixoloji m\u0259s\u0259l\u0259l\u0259r intihar\u0131n s\u0259b\u0259bl\u0259ri ola bil\u0259r: &#8220;Dig\u0259r t\u0259r\u0259fd\u0259n d\u0259 g\u00f6r\u00fcr\u00fck ki, Az\u0259rbaycanda bir \u00e7ox hallarda intihar h\u0259ssas t\u0259b\u0259q\u0259l\u0259r aras\u0131nda ba\u015f verir. Bura ruhi x\u0259st\u0259liyi, \u0259lilliyi olan insanlar, m\u0259i\u015f\u0259t zorak\u0131l\u0131\u011f\u0131n\u0131n qurbanlar\u0131, ke\u00e7mi\u015f m\u0259hkumlar v\u0259 s. aiddir. Amma yaddan \u00e7\u0131xarmaq laz\u0131m deyil ki, intiharlar yaln\u0131z kas\u0131b, yoxsul ail\u0259l\u0259rin problemi deyil. Bir \u00e7ox inki\u015faf etmi\u015f Avropa \u00f6lk\u0259l\u0259rind\u0259 d\u0259 bu problem\u0259 rast g\u0259linir&#8221;.<\/p>\n<p>Az\u0259rbaycanda intiharlar\u0131n qar\u015f\u0131s\u0131n\u0131n al\u0131nmas\u0131n\u0131n kompleks yana\u015fma t\u0259l\u0259b etdiyini n\u0259z\u0259r\u0259 \u00e7atd\u0131ran nazir m\u00fcavini vur\u011fulay\u0131b ki, c\u0259miyy\u0259t bu prosesd\u0259 \u00f6z s\u0259yini \u0259sirg\u0259m\u0259m\u0259lidir.<\/p>\n","protected":false},"excerpt":{"rendered":"<p>Son 5 ild\u0259 Az\u0259rbaycanda intiharlar\u0131n say\u0131 t\u0259qrib\u0259n 3 min\u0259 \u00e7at\u0131b. ARANTV.AZ\u00a0\u00a0Trend-\u0259 istinad\u0259n x\u0259b\u0259r verir ki, bunu \u018fm\u0259k v\u0259 \u018fhalinin Sosial M\u00fcdafi\u0259si Nazirliyi v\u0259 BMT \u0130nki\u015faf Proqram\u0131n\u0131n ke\u00e7irdiyi d\u0259yirmi masada \u018fm\u0259k v\u0259 \u018fhalinin Sosial M\u00fcdafi\u0259si nazirinin m\u00fcavini Anar K\u0259rimov deyib. Onun s\u00f6zl\u0259rin\u0259 g\u00f6r\u0259, bu da \u00e7ox y\u00fcks\u0259k r\u0259q\u0259mdir: &#8220;Bunun 2\/3-i ki\u015fil\u0259r, 1\/3-i is\u0259 qad\u0131nlard\u0131r. Bunun \u0259n \u00fcz\u00fcc\u00fc t\u0259r\u0259fi odur ki, intihar ed\u0259nl\u0259rin 173 n\u0259f\u0259ri u\u015faq v\u0259 yeniyetm\u0259dir&#8221;. A.K\u0259rimov \u0259lav\u0259 edib ki, \u0259vv\u0259ll\u0259r intihar\u0131n daha \u00e7ox ya\u015fl\u0131 insanlar\u0131n problemi oldu\u011fu d\u00fc\u015f\u00fcn\u00fcl\u00fcrd\u00fcs\u0259, son zamanlar intihar ed\u0259nl\u0259rin 1\/3-i cavanlard\u0131r. Son 40-45 ild\u0259 d\u00fcnyada intiharlar\u0131n&hellip;<\/p>\n","protected":false},"author":2,"featured_media":100923,"comment_status":"closed","ping_status":"closed","sticky":false,"template":"","format":"standard","meta":{"om_disable_all_campaigns":false,"_monsterinsights_skip_tracking":false,"_monsterinsights_sitenote_active":false,"_monsterinsights_sitenote_note":"","_monsterinsights_sitenote_category":0},"categories":[1],"tags":[],"aioseo_notices":[],"gutentor_comment":0,"rttpg_featured_image_url":{"full":["https:\/\/arantv.az\/wp-content\/uploads\/2019\/11\/805366.jpg",800,600,false],"landscape":["https:\/\/arantv.az\/wp-content\/uploads\/2019\/11\/805366.jpg",800,600,false],"portraits":["https:\/\/arantv.az\/wp-content\/uploads\/2019\/11\/805366.jpg",800,600,false],"thumbnail":["https:\/\/arantv.az\/wp-content\/uploads\/2019\/11\/805366-150x150.jpg",150,150,true],"medium":["https:\/\/arantv.az\/wp-content\/uploads\/2019\/11\/805366-300x225.jpg",300,225,true],"large":["https:\/\/arantv.az\/wp-content\/uploads\/2019\/11\/805366.jpg",640,480,false],"1536x1536":["https:\/\/arantv.az\/wp-content\/uploads\/2019\/11\/805366.jpg",800,600,false],"2048x2048":["https:\/\/arantv.az\/wp-content\/uploads\/2019\/11\/805366.jpg",800,600,false],"post-thumbnail":["https:\/\/arantv.az\/wp-content\/uploads\/2019\/11\/805366-240x172.jpg",240,172,true],"advps-thumb-one":["https:\/\/arantv.az\/wp-content\/uploads\/2019\/11\/805366.jpg",800,600,false]},"rttpg_author":{"display_name":"V\u00fcsal Rafiqo\u011flu","author_link":"https:\/\/arantv.az\/?author=2"},"rttpg_comment":0,"rttpg_category":"<a href=\"https:\/\/arantv.az\/?cat=1\" rel=\"category\">C\u0259miyy\u0259t<\/a>","rttpg_excerpt":"Son 5 ild\u0259 Az\u0259rbaycanda intiharlar\u0131n say\u0131 t\u0259qrib\u0259n 3 min\u0259 \u00e7at\u0131b. ARANTV.AZ\u00a0\u00a0Trend-\u0259 istinad\u0259n x\u0259b\u0259r verir ki, bunu \u018fm\u0259k v\u0259 \u018fhalinin Sosial M\u00fcdafi\u0259si Nazirliyi v\u0259 BMT \u0130nki\u015faf Proqram\u0131n\u0131n ke\u00e7irdiyi d\u0259yirmi masada \u018fm\u0259k v\u0259 \u018fhalinin Sosial M\u00fcdafi\u0259si nazirinin m\u00fcavini Anar K\u0259rimov deyib. Onun s\u00f6zl\u0259rin\u0259 g\u00f6r\u0259, bu da \u00e7ox y\u00fcks\u0259k r\u0259q\u0259mdir: &#8220;Bunun 2\/3-i ki\u015fil\u0259r, 1\/3-i is\u0259 qad\u0131nlard\u0131r. Bunun \u0259n&hellip;","_links":{"self":[{"href":"https:\/\/arantv.az\/index.php?rest_route=\/wp\/v2\/posts\/100922"}],"collection":[{"href":"https:\/\/arantv.az\/index.php?rest_route=\/wp\/v2\/posts"}],"about":[{"href":"https:\/\/arantv.az\/index.php?rest_route=\/wp\/v2\/types\/post"}],"author":[{"embeddable":true,"href":"https:\/\/arantv.az\/index.php?rest_route=\/wp\/v2\/users\/2"}],"replies":[{"embeddable":true,"href":"https:\/\/arantv.az\/index.php?rest_route=%2Fwp%2Fv2%2Fcomments&post=100922"}],"version-history":[{"count":0,"href":"https:\/\/arantv.az\/index.php?rest_route=\/wp\/v2\/posts\/100922\/revisions"}],"wp:featuredmedia":[{"embeddable":true,"href":"https:\/\/arantv.az\/index.php?rest_route=\/wp\/v2\/media\/100923"}],"wp:attachment":[{"href":"https:\/\/arantv.az\/index.php?rest_route=%2Fwp%2Fv2%2Fmedia&parent=100922"}],"wp:term":[{"taxonomy":"category","embeddable":true,"href":"https:\/\/arantv.az\/index.php?rest_route=%2Fwp%2Fv2%2Fcategories&post=100922"},{"taxonomy":"post_tag","embeddable":true,"href":"https:\/\/arantv.az\/index.php?rest_route=%2Fwp%2Fv2%2Ftags&post=100922"}],"curies":[{"name":"wp","href":"https:\/\/api.w.org\/{rel}","templated":true}]}}