{"id":100930,"date":"2019-11-26T14:24:20","date_gmt":"2019-11-26T11:24:20","guid":{"rendered":"http:\/\/arantv.az\/?p=100930"},"modified":"2019-11-26T14:24:20","modified_gmt":"2019-11-26T11:24:20","slug":"g%c9%99nc%c9%99d%c9%99-1-ci-sinif-sagirdi-m%c9%99kt%c9%99bd%c9%99-oldu-yenil%c9%99nib","status":"publish","type":"post","link":"https:\/\/arantv.az\/?p=100930","title":{"rendered":"G\u0259nc\u0259d\u0259 1-ci sinif \u015fagirdi m\u0259kt\u0259bd\u0259 \u00f6ld\u00fc &#8211; YEN\u0130L\u018fN\u0130B"},"content":{"rendered":"<p><strong>15:11<\/strong><\/p>\n<p><strong>M\u0259kt\u0259b direktoru 1-ci sinif \u015fagirdinin \u00f6l\u00fcm\u00fcn\u0259 m\u00fcnasib\u0259t bildirib.<\/strong><\/p>\n<p><strong>ARANTV.AZ<\/strong>\u00a0 M.\u015e. Vazeh ad\u0131na 16 sayl\u0131 tam orta m\u0259kt\u0259bin direktoru Elnur\u0259 Yusifova\u00a0APA-ya bildirib ki, d\u00fcnyas\u0131n\u0131 d\u0259yi\u015f\u0259n \u015fagird epilepsiya x\u0259st\u0259si olub. Bu g\u00fcn s\u0259h\u0259r saatlar\u0131nda \u015fagirdin hal\u0131 q\u0259fild\u0259n pisl\u0259\u015fib. M\u0259kt\u0259b\u0259 t\u0259cilli tibbi yard\u0131m \u00e7a\u011f\u0131r\u0131l\u0131b. X.H\u0259t\u0259mli x\u0259st\u0259xanaya apar\u0131lark\u0259n yolda \u00f6l\u00fcb.<\/p>\n<p>&#8212;&#8212;&#8212;<br \/>\n<strong>14:50<\/strong><\/p>\n<p><strong>G\u0259nc\u0259d\u0259 b\u0259db\u0259xt hadis\u0259 ba\u015f verib.<\/strong><\/p>\n<p><strong>ARANTV.AZ<\/strong> APA-ya istinad\u0259n x\u0259b\u0259r verir ki, hadis\u0259 16 n\u00f6mr\u0259li tam orta m\u0259kt\u0259bd\u0259 qeyd\u0259 al\u0131n\u0131b. Bel\u0259 ki, m\u0259kt\u0259bin 1-ci sinif \u015fagirdi, 2013-c\u00fc il t\u0259v\u0259ll\u00fcdl\u00fc H\u0259t\u0259mli X\u0259dic\u0259 R\u0259him q\u0131z\u0131n\u0131n m\u0259kt\u0259bd\u0259 hal\u0131 pisl\u0259\u015fib v\u0259 o y\u0131x\u0131l\u0131b. M\u0259kt\u0259bli hadis\u0259 yerind\u0259 d\u00fcnyas\u0131n\u0131 d\u0259yi\u015fib.<\/p>\n<p>Hadis\u0259 yerin\u0259 h\u00fcquq-m\u00fchafiz\u0259 orqanlar\u0131n\u0131n \u0259m\u0259kda\u015flar\u0131 c\u0259lb olunub.<\/p>\n<p>Faktla ba\u011fl\u0131 ara\u015fd\u0131rma apar\u0131l\u0131r.<\/p>\n","protected":false},"excerpt":{"rendered":"<p>15:11 M\u0259kt\u0259b direktoru 1-ci sinif \u015fagirdinin \u00f6l\u00fcm\u00fcn\u0259 m\u00fcnasib\u0259t bildirib. ARANTV.AZ\u00a0 M.\u015e. Vazeh ad\u0131na 16 sayl\u0131 tam orta m\u0259kt\u0259bin direktoru Elnur\u0259 Yusifova\u00a0APA-ya bildirib ki, d\u00fcnyas\u0131n\u0131 d\u0259yi\u015f\u0259n \u015fagird epilepsiya x\u0259st\u0259si olub. Bu g\u00fcn s\u0259h\u0259r saatlar\u0131nda \u015fagirdin hal\u0131 q\u0259fild\u0259n pisl\u0259\u015fib. M\u0259kt\u0259b\u0259 t\u0259cilli tibbi yard\u0131m \u00e7a\u011f\u0131r\u0131l\u0131b. X.H\u0259t\u0259mli x\u0259st\u0259xanaya apar\u0131lark\u0259n yolda \u00f6l\u00fcb. &#8212;&#8212;&#8212; 14:50 G\u0259nc\u0259d\u0259 b\u0259db\u0259xt hadis\u0259 ba\u015f verib. ARANTV.AZ APA-ya istinad\u0259n x\u0259b\u0259r verir ki, hadis\u0259 16 n\u00f6mr\u0259li tam orta m\u0259kt\u0259bd\u0259 qeyd\u0259 al\u0131n\u0131b. Bel\u0259 ki, m\u0259kt\u0259bin 1-ci sinif \u015fagirdi, 2013-c\u00fc il t\u0259v\u0259ll\u00fcdl\u00fc H\u0259t\u0259mli X\u0259dic\u0259 R\u0259him q\u0131z\u0131n\u0131n m\u0259kt\u0259bd\u0259 hal\u0131 pisl\u0259\u015fib v\u0259 o y\u0131x\u0131l\u0131b. M\u0259kt\u0259bli hadis\u0259 yerind\u0259&hellip;<\/p>\n","protected":false},"author":2,"featured_media":100931,"comment_status":"closed","ping_status":"closed","sticky":false,"template":"","format":"standard","meta":{"om_disable_all_campaigns":false,"_monsterinsights_skip_tracking":false,"_monsterinsights_sitenote_active":false,"_monsterinsights_sitenote_note":"","_monsterinsights_sitenote_category":0},"categories":[5],"tags":[],"aioseo_notices":[],"gutentor_comment":0,"rttpg_featured_image_url":{"full":["https:\/\/arantv.az\/wp-content\/uploads\/2019\/11\/sinif_otagi_025.jpg",800,600,false],"landscape":["https:\/\/arantv.az\/wp-content\/uploads\/2019\/11\/sinif_otagi_025.jpg",800,600,false],"portraits":["https:\/\/arantv.az\/wp-content\/uploads\/2019\/11\/sinif_otagi_025.jpg",800,600,false],"thumbnail":["https:\/\/arantv.az\/wp-content\/uploads\/2019\/11\/sinif_otagi_025-150x150.jpg",150,150,true],"medium":["https:\/\/arantv.az\/wp-content\/uploads\/2019\/11\/sinif_otagi_025-300x225.jpg",300,225,true],"large":["https:\/\/arantv.az\/wp-content\/uploads\/2019\/11\/sinif_otagi_025.jpg",640,480,false],"1536x1536":["https:\/\/arantv.az\/wp-content\/uploads\/2019\/11\/sinif_otagi_025.jpg",800,600,false],"2048x2048":["https:\/\/arantv.az\/wp-content\/uploads\/2019\/11\/sinif_otagi_025.jpg",800,600,false],"post-thumbnail":["https:\/\/arantv.az\/wp-content\/uploads\/2019\/11\/sinif_otagi_025-240x172.jpg",240,172,true],"advps-thumb-one":["https:\/\/arantv.az\/wp-content\/uploads\/2019\/11\/sinif_otagi_025.jpg",800,600,false]},"rttpg_author":{"display_name":"V\u00fcsal Rafiqo\u011flu","author_link":"https:\/\/arantv.az\/?author=2"},"rttpg_comment":0,"rttpg_category":"<a href=\"https:\/\/arantv.az\/?cat=5\" rel=\"category\">Hadis\u0259<\/a>","rttpg_excerpt":"15:11 M\u0259kt\u0259b direktoru 1-ci sinif \u015fagirdinin \u00f6l\u00fcm\u00fcn\u0259 m\u00fcnasib\u0259t bildirib. ARANTV.AZ\u00a0 M.\u015e. Vazeh ad\u0131na 16 sayl\u0131 tam orta m\u0259kt\u0259bin direktoru Elnur\u0259 Yusifova\u00a0APA-ya bildirib ki, d\u00fcnyas\u0131n\u0131 d\u0259yi\u015f\u0259n \u015fagird epilepsiya x\u0259st\u0259si olub. Bu g\u00fcn s\u0259h\u0259r saatlar\u0131nda \u015fagirdin hal\u0131 q\u0259fild\u0259n pisl\u0259\u015fib. M\u0259kt\u0259b\u0259 t\u0259cilli tibbi yard\u0131m \u00e7a\u011f\u0131r\u0131l\u0131b. X.H\u0259t\u0259mli x\u0259st\u0259xanaya apar\u0131lark\u0259n yolda \u00f6l\u00fcb. &#8212;&#8212;&#8212; 14:50 G\u0259nc\u0259d\u0259 b\u0259db\u0259xt hadis\u0259 ba\u015f verib. ARANTV.AZ&hellip;","_links":{"self":[{"href":"https:\/\/arantv.az\/index.php?rest_route=\/wp\/v2\/posts\/100930"}],"collection":[{"href":"https:\/\/arantv.az\/index.php?rest_route=\/wp\/v2\/posts"}],"about":[{"href":"https:\/\/arantv.az\/index.php?rest_route=\/wp\/v2\/types\/post"}],"author":[{"embeddable":true,"href":"https:\/\/arantv.az\/index.php?rest_route=\/wp\/v2\/users\/2"}],"replies":[{"embeddable":true,"href":"https:\/\/arantv.az\/index.php?rest_route=%2Fwp%2Fv2%2Fcomments&post=100930"}],"version-history":[{"count":0,"href":"https:\/\/arantv.az\/index.php?rest_route=\/wp\/v2\/posts\/100930\/revisions"}],"wp:featuredmedia":[{"embeddable":true,"href":"https:\/\/arantv.az\/index.php?rest_route=\/wp\/v2\/media\/100931"}],"wp:attachment":[{"href":"https:\/\/arantv.az\/index.php?rest_route=%2Fwp%2Fv2%2Fmedia&parent=100930"}],"wp:term":[{"taxonomy":"category","embeddable":true,"href":"https:\/\/arantv.az\/index.php?rest_route=%2Fwp%2Fv2%2Fcategories&post=100930"},{"taxonomy":"post_tag","embeddable":true,"href":"https:\/\/arantv.az\/index.php?rest_route=%2Fwp%2Fv2%2Ftags&post=100930"}],"curies":[{"name":"wp","href":"https:\/\/api.w.org\/{rel}","templated":true}]}}