{"id":101024,"date":"2019-11-26T15:42:04","date_gmt":"2019-11-26T12:42:04","guid":{"rendered":"http:\/\/arantv.az\/?p=101024"},"modified":"2019-11-26T15:42:04","modified_gmt":"2019-11-26T12:42:04","slug":"s%c9%99f%c9%99r-mehdiyev-rusumlarin-asagi-salinmasi-m%c9%99s%c9%99l%c9%99sind%c9%99n-danisdi","status":"publish","type":"post","link":"https:\/\/arantv.az\/?p=101024","title":{"rendered":"S\u0259f\u0259r Mehdiyev r\u00fcsumlar\u0131n a\u015fa\u011f\u0131 sal\u0131nmas\u0131 m\u0259s\u0259l\u0259sind\u0259n dan\u0131\u015fd\u0131"},"content":{"rendered":"<p>R\u00fcsumlar\u0131n a\u015fa\u011f\u0131 sal\u0131nmas\u0131 m\u0259s\u0259l\u0259si, t\u0259\u0259ss\u00fcf ki, bizim s\u0259lahiyy\u0259timizd\u0259 deyil.<\/p>\n<p><b>ARANTV.AZ\u00a0<\/b> x\u0259b\u0259r verir ki, bunu D\u00f6vl\u0259t G\u00f6mr\u00fck Komit\u0259sinin s\u0259dri S\u0259f\u0259r Mehdiyev bu g\u00fcn ke\u00e7iril\u0259n m\u0259tbuat konfrans\u0131nda deyib.<\/p>\n<div id=\"AdviadNativeVideo0\" class=\"AdviadNativeVideo\"><\/div>\n<p>Onun s\u00f6zl\u0259rin\u0259 g\u00f6r\u0259, G\u00f6mr\u00fck Komit\u0259si icraedici orqand\u0131r:<\/p>\n<p>\u201c\u018fg\u0259r r\u00fcsumlar\u0131n a\u015fa\u011f\u0131 sal\u0131nmas\u0131 il\u0259 ba\u011fl\u0131 q\u0259rar olarsa, biz buna etiraz etm\u0259d\u0259n t\u0259tbiq ed\u0259rik\u201d.Oxu.Az<\/p>\n","protected":false},"excerpt":{"rendered":"<p>R\u00fcsumlar\u0131n a\u015fa\u011f\u0131 sal\u0131nmas\u0131 m\u0259s\u0259l\u0259si, t\u0259\u0259ss\u00fcf ki, bizim s\u0259lahiyy\u0259timizd\u0259 deyil. ARANTV.AZ\u00a0 x\u0259b\u0259r verir ki, bunu D\u00f6vl\u0259t G\u00f6mr\u00fck Komit\u0259sinin s\u0259dri S\u0259f\u0259r Mehdiyev bu g\u00fcn ke\u00e7iril\u0259n m\u0259tbuat konfrans\u0131nda deyib. Onun s\u00f6zl\u0259rin\u0259 g\u00f6r\u0259, G\u00f6mr\u00fck Komit\u0259si icraedici orqand\u0131r: \u201c\u018fg\u0259r r\u00fcsumlar\u0131n a\u015fa\u011f\u0131 sal\u0131nmas\u0131 il\u0259 ba\u011fl\u0131 q\u0259rar olarsa, biz buna etiraz etm\u0259d\u0259n t\u0259tbiq ed\u0259rik\u201d.Oxu.Az<\/p>\n","protected":false},"author":2,"featured_media":101025,"comment_status":"closed","ping_status":"closed","sticky":false,"template":"","format":"standard","meta":{"om_disable_all_campaigns":false,"_monsterinsights_skip_tracking":false,"_monsterinsights_sitenote_active":false,"_monsterinsights_sitenote_note":"","_monsterinsights_sitenote_category":0},"categories":[1],"tags":[],"aioseo_notices":[],"gutentor_comment":0,"rttpg_featured_image_url":{"full":["https:\/\/arantv.az\/wp-content\/uploads\/2019\/11\/manat.jpg",600,400,false],"landscape":["https:\/\/arantv.az\/wp-content\/uploads\/2019\/11\/manat.jpg",600,400,false],"portraits":["https:\/\/arantv.az\/wp-content\/uploads\/2019\/11\/manat.jpg",600,400,false],"thumbnail":["https:\/\/arantv.az\/wp-content\/uploads\/2019\/11\/manat-150x150.jpg",150,150,true],"medium":["https:\/\/arantv.az\/wp-content\/uploads\/2019\/11\/manat-300x200.jpg",300,200,true],"large":["https:\/\/arantv.az\/wp-content\/uploads\/2019\/11\/manat.jpg",600,400,false],"1536x1536":["https:\/\/arantv.az\/wp-content\/uploads\/2019\/11\/manat.jpg",600,400,false],"2048x2048":["https:\/\/arantv.az\/wp-content\/uploads\/2019\/11\/manat.jpg",600,400,false],"post-thumbnail":["https:\/\/arantv.az\/wp-content\/uploads\/2019\/11\/manat-240x172.jpg",240,172,true],"advps-thumb-one":["https:\/\/arantv.az\/wp-content\/uploads\/2019\/11\/manat.jpg",600,400,false]},"rttpg_author":{"display_name":"V\u00fcsal Rafiqo\u011flu","author_link":"https:\/\/arantv.az\/?author=2"},"rttpg_comment":0,"rttpg_category":"<a href=\"https:\/\/arantv.az\/?cat=1\" rel=\"category\">C\u0259miyy\u0259t<\/a>","rttpg_excerpt":"R\u00fcsumlar\u0131n a\u015fa\u011f\u0131 sal\u0131nmas\u0131 m\u0259s\u0259l\u0259si, t\u0259\u0259ss\u00fcf ki, bizim s\u0259lahiyy\u0259timizd\u0259 deyil. ARANTV.AZ\u00a0 x\u0259b\u0259r verir ki, bunu D\u00f6vl\u0259t G\u00f6mr\u00fck Komit\u0259sinin s\u0259dri S\u0259f\u0259r Mehdiyev bu g\u00fcn ke\u00e7iril\u0259n m\u0259tbuat konfrans\u0131nda deyib. Onun s\u00f6zl\u0259rin\u0259 g\u00f6r\u0259, G\u00f6mr\u00fck Komit\u0259si icraedici orqand\u0131r: \u201c\u018fg\u0259r r\u00fcsumlar\u0131n a\u015fa\u011f\u0131 sal\u0131nmas\u0131 il\u0259 ba\u011fl\u0131 q\u0259rar olarsa, biz buna etiraz etm\u0259d\u0259n t\u0259tbiq ed\u0259rik\u201d.Oxu.Az","_links":{"self":[{"href":"https:\/\/arantv.az\/index.php?rest_route=\/wp\/v2\/posts\/101024"}],"collection":[{"href":"https:\/\/arantv.az\/index.php?rest_route=\/wp\/v2\/posts"}],"about":[{"href":"https:\/\/arantv.az\/index.php?rest_route=\/wp\/v2\/types\/post"}],"author":[{"embeddable":true,"href":"https:\/\/arantv.az\/index.php?rest_route=\/wp\/v2\/users\/2"}],"replies":[{"embeddable":true,"href":"https:\/\/arantv.az\/index.php?rest_route=%2Fwp%2Fv2%2Fcomments&post=101024"}],"version-history":[{"count":0,"href":"https:\/\/arantv.az\/index.php?rest_route=\/wp\/v2\/posts\/101024\/revisions"}],"wp:featuredmedia":[{"embeddable":true,"href":"https:\/\/arantv.az\/index.php?rest_route=\/wp\/v2\/media\/101025"}],"wp:attachment":[{"href":"https:\/\/arantv.az\/index.php?rest_route=%2Fwp%2Fv2%2Fmedia&parent=101024"}],"wp:term":[{"taxonomy":"category","embeddable":true,"href":"https:\/\/arantv.az\/index.php?rest_route=%2Fwp%2Fv2%2Fcategories&post=101024"},{"taxonomy":"post_tag","embeddable":true,"href":"https:\/\/arantv.az\/index.php?rest_route=%2Fwp%2Fv2%2Ftags&post=101024"}],"curies":[{"name":"wp","href":"https:\/\/api.w.org\/{rel}","templated":true}]}}