{"id":101028,"date":"2019-11-26T15:46:53","date_gmt":"2019-11-26T12:46:53","guid":{"rendered":"http:\/\/arantv.az\/?p=101028"},"modified":"2019-11-26T15:46:53","modified_gmt":"2019-11-26T12:46:53","slug":"din-xadiml%c9%99ri-prezident-ilham-%c9%99liyev%c9%99-t%c9%99s%c9%99kkur-m%c9%99ktublari-gond%c9%99ribl%c9%99r","status":"publish","type":"post","link":"https:\/\/arantv.az\/?p=101028","title":{"rendered":"Din xadiml\u0259ri Prezident \u0130lham \u018fliyev\u0259 t\u0259\u015f\u0259kk\u00fcr m\u0259ktublar\u0131 g\u00f6nd\u0259ribl\u0259r"},"content":{"rendered":"<p>\u0130raq v\u0259 B\u00fct\u00fcn D\u00fcnya &#8220;Mandei sabiilik&#8221; dini tayfas\u0131n\u0131n ba\u015f\u00e7\u0131s\u0131 S\u0259ttar Cabbar Helv Prezident \u0130lham \u018fliyev\u0259 t\u0259\u015f\u0259kk\u00fcr m\u0259ktubu g\u00f6nd\u0259rib.<\/p>\n<p><strong>ARANTV.AZ<\/strong>\u00a0\u00a0<a href=\"http:\/\/azertag.az\/\" target=\"_blank\" rel=\"noopener\">AZ\u018fRTAC<\/a>-a istinad\u0259n bildirir ki, m\u0259ktubda deyilir: &#8220;\u018fs-s\u0259lamu-\u0259leykum. M\u00f6ht\u0259r\u0259m Prezident. \u018fr\u0259b v\u0259 \u0130slam d\u00fcnyas\u0131n\u0131n, el\u0259c\u0259 d\u0259 dig\u0259r \u00f6lk\u0259l\u0259rin \u00fczl\u0259\u015fdiyi \u00e7a\u011f\u0131r\u0131\u015flar\u0131n v\u0259 reall\u0131qlar\u0131n m\u00fczakir\u0259 edildiyi bir t\u0259dbird\u0259 i\u015ftirak etm\u0259k \u00fc\u00e7\u00fcn m\u0259n\u0259 g\u00f6nd\u0259rdiyiniz s\u0259mimi d\u0259v\u0259t\u0259 g\u00f6r\u0259 Siz\u0259 t\u0259\u015f\u0259kk\u00fcr edir\u0259m.<\/p>\n<p>Zati-alil\u0259ri c\u0259nab Prezident, icaz\u0259 verin, Sizi dinimizl\u0259 tan\u0131\u015f edim. Biz &#8220;Mandei sabiilik&#8221; adlanan q\u0259dim dinin ard\u0131c\u0131llar\u0131y\u0131q. Bu din \u0130raq\u0131n c\u0259nubundak\u0131 iki\u00e7ayaras\u0131 vadisind\u0259 Ur v\u0259 Mi\u015fan \u015f\u0259h\u0259rl\u0259rind\u0259 meydana g\u0259l\u0259n ilk t\u0259ktanr\u0131l\u0131q dinidir. Biz t\u0259k Tanr\u0131ya inan\u0131r\u0131q. O Tanr\u0131 \u00f6z-\u00f6zl\u00fcy\u00fcnd\u0259 m\u00f6vcuddur. H\u0259yat ba\u015flan\u011f\u0131c\u0131 olmayan \u0259z\u0259li varl\u0131qdan v\u0259 sonu olmayan \u0259b\u0259di varl\u0131qdan yaran\u0131b. M\u00fcq\u0259dd\u0259s kitab\u0131m\u0131z &#8220;Ginza Rbad\u0131r&#8221; (\u0130lk kitab), dilimiz is\u0259 Mindai-\u015f\u0259rqi Arami dilidir. M\u00fcq\u0259dd\u0259s kitab\u0131m\u0131z 2000-ci ild\u0259 t\u0259rc\u00fcm\u0259 olunmu\u015fdur. Onu Siz\u0259 h\u0259diyy\u0259 etm\u0259kd\u0259n \u015f\u0259r\u0259f duyuram v\u0259 Ba\u011fdaddak\u0131 s\u0259firliy\u0259 \u00e7atd\u0131raca\u011fam.<\/p>\n<p>Dig\u0259rl\u0259rini tan\u0131maq, onlar\u0131n m\u00f6vcudlu\u011funa v\u0259 h\u00fcquqlar\u0131na qar\u015f\u0131l\u0131ql\u0131 ehtiram b\u0259sl\u0259m\u0259k, habel\u0259 ibad\u0259t etm\u0259k, f\u0259rq qoymadan, kin v\u0259 nifr\u0259t b\u0259sl\u0259m\u0259d\u0259n dini ayinl\u0259rl\u0259 m\u0259\u015f\u011ful olmaq azadl\u0131\u011f\u0131n\u0131 t\u0259min etm\u0259k dinl\u0259r v\u0259 m\u0259zh\u0259bl\u0259r aras\u0131ndak\u0131 \u0259laq\u0259l\u0259rd\u0259 \u0259sas prinsipl\u0259rdir. Dini radikalizm d\u00f6z\u00fcms\u00fczl\u00fcy\u00fcn \u0259n t\u0259hl\u00fck\u0259li m\u0259nb\u0259l\u0259rind\u0259ndir. O, neqativ fikirl\u0259r\u0259 \u0259saslan\u0131r, onlara dini libas geyindirir v\u0259 insanlar\u0131 tez inand\u0131ra bilir.<\/p>\n<p>T\u0259l\u0259b\u0259l\u0259ri v\u0259 g\u0259ncl\u0259ri fanatik fikirl\u0259rd\u0259n uzaqla\u015fd\u0131rmaq, dini m\u0259tnl\u0259ri d\u00f6vr\u00fcn d\u0259yi\u015fiklikl\u0259ri fonunda yenid\u0259n izah etm\u0259k, b\u00fct\u00fcn din v\u0259 m\u0259zh\u0259bl\u0259rin ortaq t\u0259r\u0259fl\u0259rini \u0259xz etm\u0259k sabit v\u0259 firavan \u00f6lk\u0259nin qurulmas\u0131na t\u00f6hf\u0259 ver\u0259n i\u015fl\u0259rd\u0259ndir.<\/p>\n<p>Zati-alil\u0259ri, bunu biz Sizin \u00f6lk\u0259nizd\u0259 g\u00f6rd\u00fck. Az\u0259rbaycan m\u00fcxt\u0259lif irql\u0259r, dinl\u0259r v\u0259 m\u0259d\u0259niyy\u0259tl\u0259rl\u0259 z\u0259ngindir. R\u0259hb\u0259ri oldu\u011funuz \u00f6lk\u0259d\u0259 din d\u00f6vl\u0259td\u0259n ayr\u0131d\u0131r v\u0259 bu, dini \u0259dav\u0259tin qar\u015f\u0131s\u0131n\u0131 al\u0131r. Bu, ictimai, siyasi v\u0259 dini m\u0259s\u0259l\u0259l\u0259rin m\u0259nims\u0259nilm\u0259sin\u0259 v\u0259 h\u0259llin\u0259, o c\u00fcml\u0259d\u0259n \u00f6lk\u0259d\u0259ki b\u00fct\u00fcn toplumlar\u0131n x\u00fcsusiyy\u0259tl\u0259rini qoruma\u011fa qadir olan \u0259n yax\u015f\u0131 yoldur.<\/p>\n<p>Zati-alil\u0259ri, Sizi bir daha salamlay\u0131r, \u0259z\u0259li v\u0259 \u0259b\u0259di olan Tanr\u0131ya Sizin \u00fc\u00e7\u00fcn dualar edir, Siz\u0259, g\u00f6z\u0259l xalq\u0131n\u0131za v\u0259 b\u00fct\u00fcn b\u0259\u015f\u0259riyy\u0259t\u0259 xo\u015fb\u0259xtlik, \u0259min-amanl\u0131q v\u0259 s\u00fclh dil\u0259yir\u0259m&#8221;.<\/p>\n<p>XXX<\/p>\n<p>Perunun Kallao vilay\u0259tinin yepiskopu Xose Luiz del Palasio Perez-Medeld\u0259n:<\/p>\n<p>&#8220;Zati-alil\u0259ri. D\u00fcnya dini liderl\u0259rinin II Bak\u0131 Sammitind\u0259, o c\u00fcml\u0259d\u0259n m\u00f6ht\u0259r\u0259m \u015eeyx\u00fclislam Allah\u015f\u00fck\u00fcr Pa\u015fazad\u0259nin anadan olmas\u0131n\u0131n 70, \u015feyx\u00fclislaml\u0131q f\u0259aliyy\u0259tinin 40 illik yubileyi il\u0259 \u0259laq\u0259dar t\u0259dbird\u0259 i\u015ftirak etm\u0259k \u00fc\u00e7\u00fcn d\u0259v\u0259tiniz\u0259 g\u00f6r\u0259 Siz\u0259 minn\u0259tdarl\u0131\u011f\u0131m\u0131 bildirir\u0259m.<\/p>\n<p>D\u00fcnyan\u0131n m\u00fcxt\u0259lif \u00f6lk\u0259l\u0259rind\u0259n olan g\u00f6rk\u0259mli dini liderl\u0259ri bir araya toplayan bu m\u00fch\u00fcm beyn\u0259lxalq sammit \u00e7ox y\u00fcks\u0259k s\u0259viyy\u0259d\u0259 t\u0259\u015fkil edilmi\u015fdi v\u0259 xalqlar aras\u0131nda, s\u00fclh v\u0259 harmoniya sev\u0259n m\u00fcxt\u0259lif dinl\u0259rin n\u00fcmay\u0259nd\u0259l\u0259ri aras\u0131nda dialoqun t\u0259min olunmas\u0131na v\u0259 s\u0131x m\u00fcnasib\u0259tl\u0259rin qurulmas\u0131na \u015f\u0259rait yaratd\u0131.<\/p>\n<p>M\u00f6ht\u0259\u015f\u0259m memarl\u0131\u011f\u0131 il\u0259 g\u00f6z ox\u015fayan paytaxt Bak\u0131 \u015f\u0259h\u0259rind\u0259 oldu\u011fumuz g\u00fcnl\u0259r \u0259rzind\u0259 Az\u0259rbaycan xalq\u0131n\u0131n v\u0259 h\u00f6kum\u0259t n\u00fcmay\u0259nd\u0259l\u0259rinin y\u00fcks\u0259k qonaqp\u0259rv\u0259rliyinin v\u0259 mehribanl\u0131\u011f\u0131n\u0131n \u015fahidi olduq.<\/p>\n<p>C\u0259nab Prezident, m\u0259n Siz\u0259 bir daha t\u0259\u015f\u0259kk\u00fcr edir\u0259m v\u0259 Az\u0259rbaycan\u0131n bu g\u00fcn beyn\u0259lxalq ictimaiyy\u0259t \u00fc\u00e7\u00fcn multikultural d\u00f6vl\u0259t, tolerantl\u0131q v\u0259 xo\u015f m\u00fcnasib\u0259tl\u0259rin h\u00f6km s\u00fcrd\u00fcy\u00fc bir \u00f6lk\u0259 modeli oldu\u011funa g\u00f6r\u0259 Sizi t\u0259brik edir\u0259m.<\/p>\n<p>Bak\u0131da \u00e7ox y\u00fcks\u0259k s\u0259viyy\u0259d\u0259 ke\u00e7irilmi\u015f bu c\u00fcr sammitl\u0259r davaml\u0131 olmal\u0131d\u0131r. \u00c7\u00fcnki bu t\u0259dbirl\u0259r dinl\u0259raras\u0131 dialoqun t\u0259min olunmas\u0131na, xalqlar aras\u0131nda qar\u015f\u0131l\u0131ql\u0131 anla\u015fmaya v\u0259 s\u00fclh \u015f\u0259raitind\u0259 birg\u0259ya\u015fay\u0131\u015fa t\u0259kan verir.<\/p>\n<p>Siz\u0259 bir daha minn\u0259tdarl\u0131\u011f\u0131m\u0131 v\u0259 \u0259n s\u0259mimi t\u0259brikl\u0259rimi \u00e7atd\u0131r\u0131ram&#8221;.<\/p>\n<p>XXX<\/p>\n<p>Rusiya M\u00fcs\u0259lmanlar\u0131 Ruhani M\u0259clisinin m\u00fcftisi, Moskvan\u0131n v\u0259 &#8220;Moskva M\u00fcftiliyi&#8221; M\u0259rk\u0259zi regionunun m\u00fcftisi Albir Krqanov Az\u0259rbaycan Prezidenti \u0130lham \u018fliyev\u0259 t\u0259\u015f\u0259kk\u00fcr\u00fcn\u00fc bildirib.<\/p>\n<p>T\u0259\u015f\u0259kk\u00fcr m\u0259ktubunda deyilir: &#8220;H\u00f6rm\u0259tli c\u0259nab Prezident. B\u00fct\u00fcn d\u00fcnyan\u0131n n\u00fcfuzlu din v\u0259 ictimai xadiml\u0259rinin topland\u0131\u011f\u0131 vacib v\u0259 \u0259h\u0259miyy\u0259tli t\u0259dbird\u0259 i\u015ftirak etm\u0259k imkan\u0131na v\u0259 bu t\u0259dbirin ke\u00e7irilm\u0259si t\u0259\u015f\u0259bb\u00fcs\u00fcn\u0259 g\u00f6r\u0259 Rusiya M\u00fcs\u0259lmanlar\u0131 Ruhani M\u0259clisi ad\u0131ndan v\u0259 \u015f\u0259xs\u0259n \u00f6z ad\u0131mdan Siz\u0259 t\u0259\u015f\u0259kk\u00fcr\u00fcm\u00fc bildirir\u0259m.<\/p>\n<p>\u018fmin\u0259m ki, D\u00fcnya dini liderl\u0259rinin II Bak\u0131 Sammiti qloballa\u015fmaqda olan d\u00fcnyada planetin m\u00fcxt\u0259lif regionlar\u0131nda ba\u015f ver\u0259n m\u00fcr\u0259kk\u0259b etnik-konfessional prosesl\u0259rin v\u0259 aktual m\u0259s\u0259l\u0259l\u0259rin m\u00fczakir\u0259 edilm\u0259si \u00fc\u00e7\u00fcn unikal v\u0259 s\u0259m\u0259r\u0259li m\u0259kan oldu.<\/p>\n<p>Bu c\u00fcr t\u0259dbirl\u0259r m\u00fcasir t\u0259hdidl\u0259r\u0259 vaxt\u0131nda reaksiya verm\u0259y\u0259, sivilizasiyalararas\u0131 v\u0259 dinl\u0259raras\u0131 \u0259m\u0259kda\u015fl\u0131\u011f\u0131n, mill\u0259tl\u0259raras\u0131 h\u0259mr\u0259yliyin inki\u015faf\u0131 i\u015fin\u0259 b\u00f6y\u00fck t\u00f6hf\u0259 verm\u0259y\u0259, qar\u015f\u0131l\u0131ql\u0131 etimad, sevgi v\u0259 qarda\u015fl\u0131q ab-havas\u0131 yaratma\u011fa, psevdodini ekstremizm\u0259 v\u0259 terrorizm\u0259 qar\u015f\u0131 m\u00fcbariz\u0259d\u0259 \u00fcmumi s\u0259yl\u0259rin art\u0131r\u0131lmas\u0131na \u015f\u0259rait yarad\u0131r.<\/p>\n<p>Siz\u0259 v\u0259 b\u00fct\u00fcn Az\u0259rbaycan xalq\u0131na cansa\u011fl\u0131\u011f\u0131, xo\u015f g\u00fcnl\u0259r, s\u00fclh, \u0259min-amanl\u0131q, xo\u015fb\u0259xtlik v\u0259 firavanl\u0131q arzulay\u0131r, bunun \u00fc\u00e7\u00fcn Ulu Tanr\u0131ya dua edirik. Qoy, Ulu Tanr\u0131 Sizin xeyirxah \u0259m\u0259ll\u0259rinizi q\u0259bul etsin v\u0259 bunun \u0259v\u0259zini art\u0131qlamas\u0131 il\u0259 versin. M\u0259rh\u0259m\u0259tli Allahdan arzu edirik ki, Sizin f\u0259aliyy\u0259tiniz\u0259 xeyir-dua versin, b\u00fct\u00fcn d\u00fcnyada qar\u015f\u0131l\u0131ql\u0131 anla\u015fma \u015f\u0259raitinin b\u0259rq\u0259rar olmas\u0131 v\u0259 m\u00f6hk\u0259ml\u0259nm\u0259si namin\u0259 Allaha xo\u015f g\u0259l\u0259n h\u0259d\u0259fl\u0259riniz\u0259 \u00e7atmaq \u00fc\u00e7\u00fcn Siz\u0259 daha \u00e7ox q\u00fcvv\u0259 versin.<\/p>\n<p>Qadir Allah Sizd\u0259n raz\u0131 olsun, Siz\u0259 v\u0259 yax\u0131nlar\u0131n\u0131za \u0259min-amanl\u0131q v\u0259 firavanl\u0131q b\u0259x\u015f etsin.&#8221;<\/p>\n<p>XXX<\/p>\n<p>Xalq U\u011frunda Birlik Partiyas\u0131n\u0131n s\u0259dri, Seneqal Prezidentinin x\u00fcsusi m\u00fc\u015faviri, Media \u015f\u0259h\u0259rciyi qrupunun Ba\u015f direktoru M\u0259h\u0259mm\u0259d \u0259l-M\u0259nsur bin \u0259\u015f-\u015eeyx M\u0259h\u0259mm\u0259d \u0259l-M\u0259mun \u0130nyas Prezident \u0130lham \u018fliyev\u0259 m\u0259ktub g\u00f6nd\u0259rib.<\/p>\n<p>M\u0259ktubda deyilir: &#8220;\u018fs-s\u0259lamu-\u0259leykum v\u0259 r\u0259hm\u0259tullahi v\u0259 b\u0259r\u0259k\u0259tuhu. M\u00f6ht\u0259r\u0259m Prezident. \u00d6lk\u0259nizin paytaxt\u0131 g\u00f6z\u0259l Bak\u0131 \u015f\u0259h\u0259rind\u0259 ke\u00e7iril\u0259n D\u00fcnya dini liderl\u0259rinin ll Sammitind\u0259 biz\u0259 g\u00f6st\u0259rdiyiniz h\u00f6rm\u0259t v\u0259 qay\u011f\u0131ya g\u00f6r\u0259 Siz\u0259 d\u0259rin t\u0259\u015f\u0259kk\u00fcr\u00fcm\u00fcz\u00fc bildirm\u0259kd\u0259n \u015f\u0259r\u0259f duyuram.<\/p>\n<p>Zati-alil\u0259ri, D\u00fcnya dini liderl\u0259rinin ll Bak\u0131 Sammitind\u0259 70-d\u0259n \u00e7ox \u00f6lk\u0259d\u0259n m\u00fcxt\u0259lif dinl\u0259rin 500-\u0259 yax\u0131n r\u0259hb\u0259rinin i\u015ftirak etm\u0259si tutdu\u011funuz do\u011fru yolun, aliml\u0259r\u0259 v\u0259 m\u00fct\u0259f\u0259kkirl\u0259r\u0259 verdiyiniz d\u0259y\u0259rin \u0259yani s\u00fcbutudur.<\/p>\n<p>\u015e\u00fcbh\u0259siz, bu Sammit Allah\u0131n k\u00f6m\u0259yi il\u0259 dinl\u0259r aras\u0131nda dialoqun, insanlar aras\u0131nda qar\u015f\u0131l\u0131ql\u0131 anla\u015fman\u0131n d\u0259rinl\u0259\u015fm\u0259sin\u0259, m\u0259d\u0259niyy\u0259tl\u0259raras\u0131 v\u0259 dinl\u0259raras\u0131 m\u00fcnasib\u0259tl\u0259rin inki\u015faf\u0131na, h\u0259m\u00e7inin \u0130slam h\u0259mr\u0259yliyinin g\u00fccl\u0259ndirilm\u0259sin\u0259 \u00f6z t\u00f6hf\u0259sini ver\u0259c\u0259kdir.<\/p>\n<p>Zati-alil\u0259ri, Sizin i\u015ftirak\u0131n\u0131zla ke\u00e7iril\u0259n bu sammit s\u00fclh\u00fcn v\u0259 \u0259min-amanl\u0131\u011f\u0131n m\u00f6hk\u0259ml\u0259ndirilm\u0259si, nifr\u0259tin aradan qald\u0131r\u0131lmas\u0131 namin\u0259 Az\u0259rbaycan Respublikas\u0131n\u0131n Sizin r\u0259hb\u0259rliyiniz d\u00f6vr\u00fcnd\u0259 oynad\u0131\u011f\u0131 n\u00fcmun\u0259vi v\u0259 apar\u0131c\u0131 rol haqq\u0131nda parlaq t\u0259s\u0259vv\u00fcr\u00fc d\u00fcnyaya \u00e7atd\u0131racaqd\u0131r.<\/p>\n<p>H\u0259r yerd\u0259 elm\u0259 v\u0259 aliml\u0259r\u0259 verdiyiniz y\u00fcks\u0259k d\u0259y\u0259r\u0259 g\u00f6r\u0259 Siz\u0259 t\u0259\u015f\u0259kk\u00fcr\u00fcm\u00fc v\u0259 heyranl\u0131\u011f\u0131m\u0131 bildirm\u0259k ist\u0259yir\u0259m. M\u0259d\u0259niyy\u0259tl\u0259raras\u0131 v\u0259 dinl\u0259raras\u0131 \u0259m\u0259kda\u015fl\u0131\u011f\u0131n inki\u015faf etdirilm\u0259sin\u0259 g\u00f6r\u0259 \u015eeyx\u00fclislam Allah\u015f\u00fck\u00fcr Pa\u015fazad\u0259 h\u0259zr\u0259tl\u0259rini &#8220;Heyd\u0259r \u018fliyev&#8221; ordeni il\u0259 t\u0259ltif etm\u0259yiniz bunun \u0259yani s\u00fcbutudur v\u0259 m\u0259n bunu b\u00fct\u00fcn din xadiml\u0259rin\u0259 v\u0259 b\u0259\u015f\u0259riyy\u0259ti Allah yoluna s\u0259sl\u0259y\u0259n dindarlara veril\u0259n m\u00fckafat kimi d\u0259y\u0259rl\u0259ndirir\u0259m.<\/p>\n<p>Sonda dua edir\u0259m ki, h\u0259mi\u015f\u0259 Uca Allah\u0131n himay\u0259si alt\u0131nda olas\u0131n\u0131z v\u0259 \u00f6lk\u0259niz Sizinl\u0259 f\u0259xr etsin&#8221;.<\/p>\n","protected":false},"excerpt":{"rendered":"<p>\u0130raq v\u0259 B\u00fct\u00fcn D\u00fcnya &#8220;Mandei sabiilik&#8221; dini tayfas\u0131n\u0131n ba\u015f\u00e7\u0131s\u0131 S\u0259ttar Cabbar Helv Prezident \u0130lham \u018fliyev\u0259 t\u0259\u015f\u0259kk\u00fcr m\u0259ktubu g\u00f6nd\u0259rib. ARANTV.AZ\u00a0\u00a0AZ\u018fRTAC-a istinad\u0259n bildirir ki, m\u0259ktubda deyilir: &#8220;\u018fs-s\u0259lamu-\u0259leykum. M\u00f6ht\u0259r\u0259m Prezident. \u018fr\u0259b v\u0259 \u0130slam d\u00fcnyas\u0131n\u0131n, el\u0259c\u0259 d\u0259 dig\u0259r \u00f6lk\u0259l\u0259rin \u00fczl\u0259\u015fdiyi \u00e7a\u011f\u0131r\u0131\u015flar\u0131n v\u0259 reall\u0131qlar\u0131n m\u00fczakir\u0259 edildiyi bir t\u0259dbird\u0259 i\u015ftirak etm\u0259k \u00fc\u00e7\u00fcn m\u0259n\u0259 g\u00f6nd\u0259rdiyiniz s\u0259mimi d\u0259v\u0259t\u0259 g\u00f6r\u0259 Siz\u0259 t\u0259\u015f\u0259kk\u00fcr edir\u0259m. Zati-alil\u0259ri c\u0259nab Prezident, icaz\u0259 verin, Sizi dinimizl\u0259 tan\u0131\u015f edim. Biz &#8220;Mandei sabiilik&#8221; adlanan q\u0259dim dinin ard\u0131c\u0131llar\u0131y\u0131q. Bu din \u0130raq\u0131n c\u0259nubundak\u0131 iki\u00e7ayaras\u0131 vadisind\u0259 Ur v\u0259 Mi\u015fan \u015f\u0259h\u0259rl\u0259rind\u0259 meydana g\u0259l\u0259n ilk t\u0259ktanr\u0131l\u0131q dinidir. Biz t\u0259k Tanr\u0131ya inan\u0131r\u0131q. O&hellip;<\/p>\n","protected":false},"author":2,"featured_media":101029,"comment_status":"closed","ping_status":"closed","sticky":false,"template":"","format":"standard","meta":{"om_disable_all_campaigns":false,"_monsterinsights_skip_tracking":false,"_monsterinsights_sitenote_active":false,"_monsterinsights_sitenote_note":"","_monsterinsights_sitenote_category":0},"categories":[4],"tags":[],"aioseo_notices":[],"gutentor_comment":0,"rttpg_featured_image_url":{"full":["https:\/\/arantv.az\/wp-content\/uploads\/2019\/11\/2018_ilham_aliyev_05-13.jpg",1200,900,false],"landscape":["https:\/\/arantv.az\/wp-content\/uploads\/2019\/11\/2018_ilham_aliyev_05-13.jpg",1200,900,false],"portraits":["https:\/\/arantv.az\/wp-content\/uploads\/2019\/11\/2018_ilham_aliyev_05-13.jpg",1200,900,false],"thumbnail":["https:\/\/arantv.az\/wp-content\/uploads\/2019\/11\/2018_ilham_aliyev_05-13-150x150.jpg",150,150,true],"medium":["https:\/\/arantv.az\/wp-content\/uploads\/2019\/11\/2018_ilham_aliyev_05-13-300x225.jpg",300,225,true],"large":["https:\/\/arantv.az\/wp-content\/uploads\/2019\/11\/2018_ilham_aliyev_05-13-1024x768.jpg",640,480,true],"1536x1536":["https:\/\/arantv.az\/wp-content\/uploads\/2019\/11\/2018_ilham_aliyev_05-13.jpg",1200,900,false],"2048x2048":["https:\/\/arantv.az\/wp-content\/uploads\/2019\/11\/2018_ilham_aliyev_05-13.jpg",1200,900,false],"post-thumbnail":["https:\/\/arantv.az\/wp-content\/uploads\/2019\/11\/2018_ilham_aliyev_05-13-240x172.jpg",240,172,true],"advps-thumb-one":["https:\/\/arantv.az\/wp-content\/uploads\/2019\/11\/2018_ilham_aliyev_05-13-1200x620.jpg",1200,620,true]},"rttpg_author":{"display_name":"V\u00fcsal Rafiqo\u011flu","author_link":"https:\/\/arantv.az\/?author=2"},"rttpg_comment":0,"rttpg_category":"<a href=\"https:\/\/arantv.az\/?cat=4\" rel=\"category\">Siyas\u0259t<\/a>","rttpg_excerpt":"\u0130raq v\u0259 B\u00fct\u00fcn D\u00fcnya &#8220;Mandei sabiilik&#8221; dini tayfas\u0131n\u0131n ba\u015f\u00e7\u0131s\u0131 S\u0259ttar Cabbar Helv Prezident \u0130lham \u018fliyev\u0259 t\u0259\u015f\u0259kk\u00fcr m\u0259ktubu g\u00f6nd\u0259rib. ARANTV.AZ\u00a0\u00a0AZ\u018fRTAC-a istinad\u0259n bildirir ki, m\u0259ktubda deyilir: &#8220;\u018fs-s\u0259lamu-\u0259leykum. M\u00f6ht\u0259r\u0259m Prezident. \u018fr\u0259b v\u0259 \u0130slam d\u00fcnyas\u0131n\u0131n, el\u0259c\u0259 d\u0259 dig\u0259r \u00f6lk\u0259l\u0259rin \u00fczl\u0259\u015fdiyi \u00e7a\u011f\u0131r\u0131\u015flar\u0131n v\u0259 reall\u0131qlar\u0131n m\u00fczakir\u0259 edildiyi bir t\u0259dbird\u0259 i\u015ftirak etm\u0259k \u00fc\u00e7\u00fcn m\u0259n\u0259 g\u00f6nd\u0259rdiyiniz s\u0259mimi d\u0259v\u0259t\u0259 g\u00f6r\u0259 Siz\u0259 t\u0259\u015f\u0259kk\u00fcr edir\u0259m. Zati-alil\u0259ri&hellip;","_links":{"self":[{"href":"https:\/\/arantv.az\/index.php?rest_route=\/wp\/v2\/posts\/101028"}],"collection":[{"href":"https:\/\/arantv.az\/index.php?rest_route=\/wp\/v2\/posts"}],"about":[{"href":"https:\/\/arantv.az\/index.php?rest_route=\/wp\/v2\/types\/post"}],"author":[{"embeddable":true,"href":"https:\/\/arantv.az\/index.php?rest_route=\/wp\/v2\/users\/2"}],"replies":[{"embeddable":true,"href":"https:\/\/arantv.az\/index.php?rest_route=%2Fwp%2Fv2%2Fcomments&post=101028"}],"version-history":[{"count":0,"href":"https:\/\/arantv.az\/index.php?rest_route=\/wp\/v2\/posts\/101028\/revisions"}],"wp:featuredmedia":[{"embeddable":true,"href":"https:\/\/arantv.az\/index.php?rest_route=\/wp\/v2\/media\/101029"}],"wp:attachment":[{"href":"https:\/\/arantv.az\/index.php?rest_route=%2Fwp%2Fv2%2Fmedia&parent=101028"}],"wp:term":[{"taxonomy":"category","embeddable":true,"href":"https:\/\/arantv.az\/index.php?rest_route=%2Fwp%2Fv2%2Fcategories&post=101028"},{"taxonomy":"post_tag","embeddable":true,"href":"https:\/\/arantv.az\/index.php?rest_route=%2Fwp%2Fv2%2Ftags&post=101028"}],"curies":[{"name":"wp","href":"https:\/\/api.w.org\/{rel}","templated":true}]}}