{"id":101036,"date":"2019-11-26T15:48:17","date_gmt":"2019-11-26T12:48:17","guid":{"rendered":"http:\/\/arantv.az\/?p=101036"},"modified":"2019-11-26T15:48:17","modified_gmt":"2019-11-26T12:48:17","slug":"rafael-agayev-v%c9%99-irina-zaretskaya-grand-winner-olmaq-ucun-madrid%c9%99-gedir","status":"publish","type":"post","link":"https:\/\/arantv.az\/?p=101036","title":{"rendered":"Rafael A\u011fayev v\u0259 \u0130rina Zaretskaya \u201cGrand Winner\u201d olmaq \u00fc\u00e7\u00fcn Madrid\u0259 gedir"},"content":{"rendered":"<p>Karate \u00fczr\u0259 milli komandam\u0131z 29 noyabr-1 dekabr tarixl\u0259rind\u0259 \u0130spaniyan\u0131n paytaxt\u0131 Madridd\u0259 ke\u00e7iril\u0259c\u0259k ilin son Premyer Liqa turnirind\u0259 i\u015ftirak ed\u0259c\u0259k.<\/p>\n<p><strong>ARANTV.AZ\u00a0\u00a0<\/strong>x\u0259b\u0259r verir ki, bu yar\u0131\u015fda 13 idman\u00e7\u0131m\u0131z v\u0259 kata komandas\u0131 m\u00fcbariz\u0259 aparacaq.<\/p>\n<p>Kumite \u00fczr\u0259 ki\u015fil\u0259rd\u0259n ibar\u0259t milli komandan\u0131n ba\u015f m\u0259\u015fq\u00e7isi Bah\u0259ddin Kandaz v\u0259 qad\u0131nlar milli komandas\u0131n\u0131n \u00e7al\u0131\u015fd\u0131r\u0131c\u0131s\u0131 Denis Morozovun r\u0259hb\u0259rliyi alt\u0131nda yar\u0131\u015fda Firdovsi F\u0259rz\u0259liyev (-60 kq), Rafiz H\u0259s\u0259nov v\u0259 Tural A\u011falarzad\u0259 (h\u0259r ikisi -67 kq), Rafael A\u011fayev (-75 kq), P\u0259nah Abdullayev v\u0259 Turqut H\u0259s\u0259nov (h\u0259r ikisi -84 kq), Asiman Qurbanl\u0131 v\u0259 \u015eahin Atamov (h\u0259r ikisi +84 kq), el\u0259c\u0259 d\u0259 Nuran\u0259 \u018fliyeva (-50 kq), \u0130lah\u0259 Qas\u0131mova (-55 kq), F\u0259rid\u0259 Abiyeva (-61 kq), \u0130rina Zaretskaya (-68 kq) v\u0259 F\u0259rid\u0259 \u018fliyeva (+68 kq) \u00e7\u0131x\u0131\u015f ed\u0259c\u0259k.<\/p>\n<div id=\"AdviadNativeVideo0\" class=\"AdviadNativeVideo\"><\/div>\n<p>Roman Heyd\u0259rov (f\u0259rdi), h\u0259m\u00e7inin Tural Balcanl\u0131, \u0130smay\u0131l Quliyev v\u0259 R\u00f6v\u015f\u0259n \u018fliyev (komanda) is\u0259 ba\u015f m\u0259\u015fq\u00e7i Vahid Ayvazovun r\u0259hb\u0259rliyi il\u0259 kata yar\u0131\u015flar\u0131na qat\u0131lacaq. D\u00fcnya Karate Federasiyas\u0131n\u0131n (WKF) \u0259n n\u00fcfuzlu liqa yar\u0131\u015f\u0131n\u0131n cari m\u00f6vs\u00fcmd\u0259ki son m\u0259rh\u0259l\u0259sini idar\u0259 ed\u0259c\u0259k referil\u0259r aras\u0131nda beyn\u0259lxalq hakiml\u0259r Cahangir Babayev v\u0259 V\u00fcqar K\u0259rimov da yer al\u0131b.<\/p>\n<p>Karate1 Premyer Liqa turnirinin Madrid m\u0259rh\u0259l\u0259sind\u0259 89 \u00f6lk\u0259d\u0259n 737 karate\u00e7i yar\u0131\u015facaq. N\u00fcfuzlu yar\u0131\u015fda h\u0259r q\u0259l\u0259b\u0259y\u0259 v\u0259 medallar\u0131n \u0259yar\u0131na \u0259sas\u0259n, idman\u00e7\u0131lar d\u00fcnya reytinqi il\u0259 yana\u015f\u0131, olimpiya reytinq xallar\u0131 da qazan\u0131r.<\/p>\n<p>Madrid m\u0259rh\u0259l\u0259sind\u0259 h\u0259m\u00e7inin ilin yekununa \u0259sas\u0259n f\u0259rql\u0259n\u0259n idman\u00e7\u0131lar \u201cGrand Winners\u201d m\u00fckafatlar\u0131na layiq g\u00f6r\u00fcl\u0259c\u0259k. M\u00fckafat\u0131n t\u0259qdimat\u0131 is\u0259 24-26 yanvar 2020-cil ild\u0259 Fransan\u0131n paytaxt\u0131 Parisd\u0259 ke\u00e7iril\u0259c\u0259k n\u00f6vb\u0259ti m\u00f6vs\u00fcm\u00fcn ilk Premyer Liqa turnirind\u0259 olacaq.<\/p>\n<p>Builki m\u00f6vs\u00fcm\u00fcn\u00fcn n\u0259tic\u0259l\u0259rin\u0259 \u0259sas\u0259n \u201cGrand Winners\u201d m\u00fckafat\u0131na namiz\u0259dl\u0259r aras\u0131nda m\u0259\u015fhur Az\u0259rbaycan karate\u00e7il\u0259ri Rafael A\u011fayevl\u0259 (-75 kq) \u0130rina Zaretskaya (-68 kq) da var.<\/p>\n","protected":false},"excerpt":{"rendered":"<p>Karate \u00fczr\u0259 milli komandam\u0131z 29 noyabr-1 dekabr tarixl\u0259rind\u0259 \u0130spaniyan\u0131n paytaxt\u0131 Madridd\u0259 ke\u00e7iril\u0259c\u0259k ilin son Premyer Liqa turnirind\u0259 i\u015ftirak ed\u0259c\u0259k. ARANTV.AZ\u00a0\u00a0x\u0259b\u0259r verir ki, bu yar\u0131\u015fda 13 idman\u00e7\u0131m\u0131z v\u0259 kata komandas\u0131 m\u00fcbariz\u0259 aparacaq. Kumite \u00fczr\u0259 ki\u015fil\u0259rd\u0259n ibar\u0259t milli komandan\u0131n ba\u015f m\u0259\u015fq\u00e7isi Bah\u0259ddin Kandaz v\u0259 qad\u0131nlar milli komandas\u0131n\u0131n \u00e7al\u0131\u015fd\u0131r\u0131c\u0131s\u0131 Denis Morozovun r\u0259hb\u0259rliyi alt\u0131nda yar\u0131\u015fda Firdovsi F\u0259rz\u0259liyev (-60 kq), Rafiz H\u0259s\u0259nov v\u0259 Tural A\u011falarzad\u0259 (h\u0259r ikisi -67 kq), Rafael A\u011fayev (-75 kq), P\u0259nah Abdullayev v\u0259 Turqut H\u0259s\u0259nov (h\u0259r ikisi -84 kq), Asiman Qurbanl\u0131 v\u0259 \u015eahin Atamov (h\u0259r ikisi +84 kq), el\u0259c\u0259 d\u0259 Nuran\u0259 \u018fliyeva&hellip;<\/p>\n","protected":false},"author":2,"featured_media":101037,"comment_status":"closed","ping_status":"closed","sticky":false,"template":"","format":"standard","meta":{"om_disable_all_campaigns":false,"_monsterinsights_skip_tracking":false,"_monsterinsights_sitenote_active":false,"_monsterinsights_sitenote_note":"","_monsterinsights_sitenote_category":0},"categories":[6],"tags":[],"aioseo_notices":[],"gutentor_comment":0,"rttpg_featured_image_url":{"full":["https:\/\/arantv.az\/wp-content\/uploads\/2019\/11\/EGRiCr0WwAA72jp.jpg",620,465,false],"landscape":["https:\/\/arantv.az\/wp-content\/uploads\/2019\/11\/EGRiCr0WwAA72jp.jpg",620,465,false],"portraits":["https:\/\/arantv.az\/wp-content\/uploads\/2019\/11\/EGRiCr0WwAA72jp.jpg",620,465,false],"thumbnail":["https:\/\/arantv.az\/wp-content\/uploads\/2019\/11\/EGRiCr0WwAA72jp-150x150.jpg",150,150,true],"medium":["https:\/\/arantv.az\/wp-content\/uploads\/2019\/11\/EGRiCr0WwAA72jp-300x225.jpg",300,225,true],"large":["https:\/\/arantv.az\/wp-content\/uploads\/2019\/11\/EGRiCr0WwAA72jp.jpg",620,465,false],"1536x1536":["https:\/\/arantv.az\/wp-content\/uploads\/2019\/11\/EGRiCr0WwAA72jp.jpg",620,465,false],"2048x2048":["https:\/\/arantv.az\/wp-content\/uploads\/2019\/11\/EGRiCr0WwAA72jp.jpg",620,465,false],"post-thumbnail":["https:\/\/arantv.az\/wp-content\/uploads\/2019\/11\/EGRiCr0WwAA72jp-240x172.jpg",240,172,true],"advps-thumb-one":["https:\/\/arantv.az\/wp-content\/uploads\/2019\/11\/EGRiCr0WwAA72jp.jpg",620,465,false]},"rttpg_author":{"display_name":"V\u00fcsal Rafiqo\u011flu","author_link":"https:\/\/arantv.az\/?author=2"},"rttpg_comment":0,"rttpg_category":"<a href=\"https:\/\/arantv.az\/?cat=6\" rel=\"category\">\u0130dman<\/a>","rttpg_excerpt":"Karate \u00fczr\u0259 milli komandam\u0131z 29 noyabr-1 dekabr tarixl\u0259rind\u0259 \u0130spaniyan\u0131n paytaxt\u0131 Madridd\u0259 ke\u00e7iril\u0259c\u0259k ilin son Premyer Liqa turnirind\u0259 i\u015ftirak ed\u0259c\u0259k. ARANTV.AZ\u00a0\u00a0x\u0259b\u0259r verir ki, bu yar\u0131\u015fda 13 idman\u00e7\u0131m\u0131z v\u0259 kata komandas\u0131 m\u00fcbariz\u0259 aparacaq. Kumite \u00fczr\u0259 ki\u015fil\u0259rd\u0259n ibar\u0259t milli komandan\u0131n ba\u015f m\u0259\u015fq\u00e7isi Bah\u0259ddin Kandaz v\u0259 qad\u0131nlar milli komandas\u0131n\u0131n \u00e7al\u0131\u015fd\u0131r\u0131c\u0131s\u0131 Denis Morozovun r\u0259hb\u0259rliyi alt\u0131nda yar\u0131\u015fda Firdovsi F\u0259rz\u0259liyev (-60 kq),&hellip;","_links":{"self":[{"href":"https:\/\/arantv.az\/index.php?rest_route=\/wp\/v2\/posts\/101036"}],"collection":[{"href":"https:\/\/arantv.az\/index.php?rest_route=\/wp\/v2\/posts"}],"about":[{"href":"https:\/\/arantv.az\/index.php?rest_route=\/wp\/v2\/types\/post"}],"author":[{"embeddable":true,"href":"https:\/\/arantv.az\/index.php?rest_route=\/wp\/v2\/users\/2"}],"replies":[{"embeddable":true,"href":"https:\/\/arantv.az\/index.php?rest_route=%2Fwp%2Fv2%2Fcomments&post=101036"}],"version-history":[{"count":0,"href":"https:\/\/arantv.az\/index.php?rest_route=\/wp\/v2\/posts\/101036\/revisions"}],"wp:featuredmedia":[{"embeddable":true,"href":"https:\/\/arantv.az\/index.php?rest_route=\/wp\/v2\/media\/101037"}],"wp:attachment":[{"href":"https:\/\/arantv.az\/index.php?rest_route=%2Fwp%2Fv2%2Fmedia&parent=101036"}],"wp:term":[{"taxonomy":"category","embeddable":true,"href":"https:\/\/arantv.az\/index.php?rest_route=%2Fwp%2Fv2%2Fcategories&post=101036"},{"taxonomy":"post_tag","embeddable":true,"href":"https:\/\/arantv.az\/index.php?rest_route=%2Fwp%2Fv2%2Ftags&post=101036"}],"curies":[{"name":"wp","href":"https:\/\/api.w.org\/{rel}","templated":true}]}}