{"id":101044,"date":"2019-11-26T15:59:15","date_gmt":"2019-11-26T12:59:15","guid":{"rendered":"http:\/\/arantv.az\/?p=101044"},"modified":"2019-11-26T15:59:15","modified_gmt":"2019-11-26T12:59:15","slug":"m%c9%99kt%c9%99b-ol%c9%99n-sagirdl%c9%99-bagli-m%c9%99lumat-yaydi","status":"publish","type":"post","link":"https:\/\/arantv.az\/?p=101044","title":{"rendered":"M\u0259kt\u0259b \u00f6l\u0259n \u015fagirdl\u0259 ba\u011fl\u0131 m\u0259lumat yayd\u0131"},"content":{"rendered":"<p><strong>G\u0259nc\u0259 \u015f\u0259h\u0259r M.\u015e. Vazeh ad\u0131na 16 n\u00f6mr\u0259li tam orta m\u0259kt\u0259b t\u0259hsil oca\u011f\u0131nda \u00f6l\u0259n \u015fagirdl\u0259 ba\u011fl\u0131 m\u0259lumat yay\u0131b.\u00a0<\/strong><\/p>\n<p><strong>ARANTV.AZ<\/strong>\u00a0 qafqazinfo-ya daxil olan m\u0259lumat\u0131 oldu\u011fu kimi t\u0259qdim edirik:<\/p>\n<p>&#8220;G\u0259nc\u0259 \u015f\u0259h\u0259r M.\u015e. Vazeh ad\u0131na 16 n\u00f6mr\u0259li tam orta m\u0259kt\u0259bin 1-ci sinif \u015fagirdi X\u0259dic\u0259 H\u0259t\u0259mlinin bu g\u00fcn 12:30 rad\u0259l\u0259rind\u0259 hal\u0131 pisl\u0259\u015fib v\u0259 q\u0131colma ke\u00e7irib.<\/p>\n<p>Hadis\u0259 zaman\u0131 \u015fagirdin n\u0259n\u0259si, m\u00fc\u0259llimi v\u0259 m\u0259kt\u0259bin tibb bac\u0131s\u0131 yan\u0131nda olub.<\/p>\n<p>M\u0259lumat \u00fc\u00e7\u00fcn bildiririk ki, \u015fagird epilepsiya x\u0259st\u0259liyi oldu\u011fu \u00fc\u00e7\u00fcn n\u0259n\u0259si h\u0259r zaman \u015fagirdl\u0259 d\u0259rs\u0259 g\u0259lir, onu g\u00f6zl\u0259yir, t\u0259n\u0259ff\u00fcs m\u00fcdd\u0259tind\u0259 onu yedizdirirmi\u015f.<\/p>\n<p>\u015eagird x\u0259st\u0259xanaya \u00e7atd\u0131r\u0131lanad\u0259k yolda d\u00fcnyas\u0131n\u0131 d\u0259yi\u015fib. G\u0259nc\u0259 \u015f\u0259h\u0259r M.\u015e.Vazeh ad\u0131na 16 n\u00f6mr\u0259li m\u0259kt\u0259b kollektivi ad\u0131ndan \u015fagirdin ail\u0259sin\u0259 ba\u015fsa\u011fl\u0131\u011f\u0131 verir, Allahdan s\u0259bir dil\u0259yirik&#8221;.<\/p>\n","protected":false},"excerpt":{"rendered":"<p>G\u0259nc\u0259 \u015f\u0259h\u0259r M.\u015e. Vazeh ad\u0131na 16 n\u00f6mr\u0259li tam orta m\u0259kt\u0259b t\u0259hsil oca\u011f\u0131nda \u00f6l\u0259n \u015fagirdl\u0259 ba\u011fl\u0131 m\u0259lumat yay\u0131b.\u00a0 ARANTV.AZ\u00a0 qafqazinfo-ya daxil olan m\u0259lumat\u0131 oldu\u011fu kimi t\u0259qdim edirik: &#8220;G\u0259nc\u0259 \u015f\u0259h\u0259r M.\u015e. Vazeh ad\u0131na 16 n\u00f6mr\u0259li tam orta m\u0259kt\u0259bin 1-ci sinif \u015fagirdi X\u0259dic\u0259 H\u0259t\u0259mlinin bu g\u00fcn 12:30 rad\u0259l\u0259rind\u0259 hal\u0131 pisl\u0259\u015fib v\u0259 q\u0131colma ke\u00e7irib. Hadis\u0259 zaman\u0131 \u015fagirdin n\u0259n\u0259si, m\u00fc\u0259llimi v\u0259 m\u0259kt\u0259bin tibb bac\u0131s\u0131 yan\u0131nda olub. M\u0259lumat \u00fc\u00e7\u00fcn bildiririk ki, \u015fagird epilepsiya x\u0259st\u0259liyi oldu\u011fu \u00fc\u00e7\u00fcn n\u0259n\u0259si h\u0259r zaman \u015fagirdl\u0259 d\u0259rs\u0259 g\u0259lir, onu g\u00f6zl\u0259yir, t\u0259n\u0259ff\u00fcs m\u00fcdd\u0259tind\u0259 onu yedizdirirmi\u015f. \u015eagird x\u0259st\u0259xanaya \u00e7atd\u0131r\u0131lanad\u0259k yolda d\u00fcnyas\u0131n\u0131 d\u0259yi\u015fib. G\u0259nc\u0259 \u015f\u0259h\u0259r&hellip;<\/p>\n","protected":false},"author":2,"featured_media":101045,"comment_status":"closed","ping_status":"closed","sticky":false,"template":"","format":"standard","meta":{"om_disable_all_campaigns":false,"_monsterinsights_skip_tracking":false,"_monsterinsights_sitenote_active":false,"_monsterinsights_sitenote_note":"","_monsterinsights_sitenote_category":0},"categories":[5],"tags":[],"aioseo_notices":[],"gutentor_comment":0,"rttpg_featured_image_url":{"full":["https:\/\/arantv.az\/wp-content\/uploads\/2019\/11\/805489.jpg",800,600,false],"landscape":["https:\/\/arantv.az\/wp-content\/uploads\/2019\/11\/805489.jpg",800,600,false],"portraits":["https:\/\/arantv.az\/wp-content\/uploads\/2019\/11\/805489.jpg",800,600,false],"thumbnail":["https:\/\/arantv.az\/wp-content\/uploads\/2019\/11\/805489-150x150.jpg",150,150,true],"medium":["https:\/\/arantv.az\/wp-content\/uploads\/2019\/11\/805489-300x225.jpg",300,225,true],"large":["https:\/\/arantv.az\/wp-content\/uploads\/2019\/11\/805489.jpg",640,480,false],"1536x1536":["https:\/\/arantv.az\/wp-content\/uploads\/2019\/11\/805489.jpg",800,600,false],"2048x2048":["https:\/\/arantv.az\/wp-content\/uploads\/2019\/11\/805489.jpg",800,600,false],"post-thumbnail":["https:\/\/arantv.az\/wp-content\/uploads\/2019\/11\/805489-240x172.jpg",240,172,true],"advps-thumb-one":["https:\/\/arantv.az\/wp-content\/uploads\/2019\/11\/805489.jpg",800,600,false]},"rttpg_author":{"display_name":"V\u00fcsal Rafiqo\u011flu","author_link":"https:\/\/arantv.az\/?author=2"},"rttpg_comment":0,"rttpg_category":"<a href=\"https:\/\/arantv.az\/?cat=5\" rel=\"category\">Hadis\u0259<\/a>","rttpg_excerpt":"G\u0259nc\u0259 \u015f\u0259h\u0259r M.\u015e. Vazeh ad\u0131na 16 n\u00f6mr\u0259li tam orta m\u0259kt\u0259b t\u0259hsil oca\u011f\u0131nda \u00f6l\u0259n \u015fagirdl\u0259 ba\u011fl\u0131 m\u0259lumat yay\u0131b.\u00a0 ARANTV.AZ\u00a0 qafqazinfo-ya daxil olan m\u0259lumat\u0131 oldu\u011fu kimi t\u0259qdim edirik: &#8220;G\u0259nc\u0259 \u015f\u0259h\u0259r M.\u015e. Vazeh ad\u0131na 16 n\u00f6mr\u0259li tam orta m\u0259kt\u0259bin 1-ci sinif \u015fagirdi X\u0259dic\u0259 H\u0259t\u0259mlinin bu g\u00fcn 12:30 rad\u0259l\u0259rind\u0259 hal\u0131 pisl\u0259\u015fib v\u0259 q\u0131colma ke\u00e7irib. Hadis\u0259 zaman\u0131 \u015fagirdin n\u0259n\u0259si, m\u00fc\u0259llimi&hellip;","_links":{"self":[{"href":"https:\/\/arantv.az\/index.php?rest_route=\/wp\/v2\/posts\/101044"}],"collection":[{"href":"https:\/\/arantv.az\/index.php?rest_route=\/wp\/v2\/posts"}],"about":[{"href":"https:\/\/arantv.az\/index.php?rest_route=\/wp\/v2\/types\/post"}],"author":[{"embeddable":true,"href":"https:\/\/arantv.az\/index.php?rest_route=\/wp\/v2\/users\/2"}],"replies":[{"embeddable":true,"href":"https:\/\/arantv.az\/index.php?rest_route=%2Fwp%2Fv2%2Fcomments&post=101044"}],"version-history":[{"count":0,"href":"https:\/\/arantv.az\/index.php?rest_route=\/wp\/v2\/posts\/101044\/revisions"}],"wp:featuredmedia":[{"embeddable":true,"href":"https:\/\/arantv.az\/index.php?rest_route=\/wp\/v2\/media\/101045"}],"wp:attachment":[{"href":"https:\/\/arantv.az\/index.php?rest_route=%2Fwp%2Fv2%2Fmedia&parent=101044"}],"wp:term":[{"taxonomy":"category","embeddable":true,"href":"https:\/\/arantv.az\/index.php?rest_route=%2Fwp%2Fv2%2Fcategories&post=101044"},{"taxonomy":"post_tag","embeddable":true,"href":"https:\/\/arantv.az\/index.php?rest_route=%2Fwp%2Fv2%2Ftags&post=101044"}],"curies":[{"name":"wp","href":"https:\/\/api.w.org\/{rel}","templated":true}]}}