{"id":101048,"date":"2019-11-26T16:01:42","date_gmt":"2019-11-26T13:01:42","guid":{"rendered":"http:\/\/arantv.az\/?p=101048"},"modified":"2019-11-26T16:01:42","modified_gmt":"2019-11-26T13:01:42","slug":"bakinin-bas-planinin-hazirlanmasi-il%c9%99-%c9%99laq%c9%99dar-yekun-muzakir%c9%99l%c9%99r-aparilir","status":"publish","type":"post","link":"https:\/\/arantv.az\/?p=101048","title":{"rendered":"Bak\u0131n\u0131n Ba\u015f plan\u0131n\u0131n haz\u0131rlanmas\u0131 il\u0259 \u0259laq\u0259dar yekun m\u00fczakir\u0259l\u0259r apar\u0131l\u0131r"},"content":{"rendered":"<p><strong>Az\u0259rbaycan Respublikas\u0131 Prezidentinin 27.06.2018-ci il tarixli m\u00fcvafiq S\u0259r\u0259ncam\u0131na \u0259sas\u0259n Bak\u0131 \u015f\u0259h\u0259rinin Ba\u015f plan\u0131n\u0131n haz\u0131rlanmas\u0131 \u00fczr\u0259 D\u00f6vl\u0259t \u015e\u0259h\u0259rsalma v\u0259 Arxitektura Komit\u0259si t\u0259r\u0259find\u0259n t\u0259\u015fkil olunmu\u015f prosesin 2-ci m\u0259rh\u0259l\u0259si \u00e7\u0259r\u00e7iv\u0259sind\u0259 i\u015fl\u0259r planla\u015fd\u0131r\u0131lm\u0131\u015f qrafik\u0259 uy\u011fun davam etdirilir.<\/strong><\/p>\n<p><strong>ARANTV.AZ<\/strong>\u00a0\u00a0<a href=\"https:\/\/az.trend.az\/\" target=\"_blank\" rel=\"noopener\">Trend<\/a>-\u0259 istinad\u0259n x\u0259b\u0259r verir ki, bu g\u00fcn D\u00f6vl\u0259t \u015e\u0259h\u0259rsalma v\u0259 Arxitektura Komit\u0259si t\u0259r\u0259find\u0259n Ba\u015f plan \u00fcz\u0259rind\u0259 i\u015fin \u0259laq\u0259l\u0259ndirilm\u0259si m\u0259qs\u0259dil\u0259 formala\u015fd\u0131r\u0131lm\u0131\u015f qurumlaras\u0131 \u0130\u015f\u00e7i qrupun 2-g\u00fcnl\u00fck Strateji Sessiya format\u0131nda n\u00f6vb\u0259ti iclas\u0131 ba\u015flay\u0131b.<\/p>\n<p>26-27 noyabr tarixl\u0259rind\u0259 davam ed\u0259c\u0259k v\u0259 bir \u00e7ox nazirlikl\u0259rin, d\u00f6vl\u0259t komit\u0259l\u0259rinin, aidiyy\u0259ti qurumlar\u0131n h\u0259m r\u0259hb\u0259rlik, h\u0259m d\u0259 ekspert s\u0259viyy\u0259sind\u0259, habel\u0259 beyn\u0259lxalq v\u0259 yerli m\u00fct\u0259x\u0259ssisl\u0259rin, ictimai xadiml\u0259rin qat\u0131laca\u011f\u0131 Strateji Sessiyada Ba\u015f plan\u0131n haz\u0131rlanmas\u0131 il\u0259 ba\u011fl\u0131 g\u00f6r\u00fclm\u00fc\u015f i\u015fl\u0259rin, ir\u0259li s\u00fcr\u00fclm\u00fc\u015f t\u0259\u015f\u0259bb\u00fcsl\u0259rin yekun m\u00fczakir\u0259si apar\u0131lacaq, m\u00fc\u0259yy\u0259n olunmu\u015f \u0259sas \u015f\u0259h\u0259rsalma yana\u015fmalar\u0131 raz\u0131la\u015fd\u0131r\u0131lacaq.<\/p>\n<p>Xat\u0131rladaq ki, Komit\u0259 t\u0259r\u0259find\u0259n \u0130\u015f\u00e7i Qrupun ilk iclas\u0131 cari ilin iyun ay\u0131nda ba\u015f tutmu\u015f v\u0259 f\u0259aliyy\u0259ti Ba\u015f plan\u0131n haz\u0131rlanmas\u0131 \u00fczr\u0259 davam etdiril\u0259n i\u015fl\u0259rin s\u0259m\u0259r\u0259liliyinin art\u0131r\u0131lmas\u0131, d\u00f6vl\u0259t qurumlar\u0131 aras\u0131nda bununla ba\u011fl\u0131 m\u0259lumat m\u00fcbadil\u0259sinin t\u0259\u015fkili, \u015f\u0259h\u0259rin g\u0259l\u0259c\u0259k inki\u015faf\u0131 \u00fc\u00e7\u00fcn apar\u0131lan geni\u015fmiqyasl\u0131 planla\u015fd\u0131rma i\u015fl\u0259rind\u0259 vahid yana\u015fmaya uy\u011fun olaraq s\u0259yl\u0259rin birl\u0259\u015fdirilm\u0259sini \u0259hat\u0259 edir.<\/p>\n<p>Qrupun iyun-oktyabr aylar\u0131 \u0259rzind\u0259 3 geni\u015f t\u0259rkibli iclas\u0131 ke\u00e7irilib. Bununla yana\u015f\u0131, x\u00fcsusi m\u00f6vzular\u0131n m\u00fczakir\u0259si \u00fc\u00e7\u00fcn m\u00fcxt\u0259lif d\u00f6vl\u0259t orqanlar\u0131n\u0131n r\u0259smil\u0259ri il\u0259 70-\u0259 yax\u0131n ikit\u0259r\u0259fli g\u00f6r\u00fc\u015f t\u0259\u015fkil olunub. G\u00f6r\u00fc\u015fl\u0259r zaman\u0131 Ba\u015f plan\u0131n Bak\u0131 \u015f\u0259h\u0259rinin g\u0259l\u0259c\u0259k inki\u015faf konsepsiyas\u0131na uy\u011fun haz\u0131rlanmas\u0131 v\u0259 strateji \u0259h\u0259miyy\u0259t da\u015f\u0131yan layih\u0259l\u0259rin detall\u0131 m\u00fczakir\u0259si t\u0259min edilib, geni\u015f fikir m\u00fcbadil\u0259si apar\u0131l\u0131b.<\/p>\n<div>\n<div id=\"AdviadNativeVideo0\" class=\"AdviadNativeVideo\"><\/div>\n<\/div>\n<p>Strateji sessiyan\u0131n ilk g\u00fcn\u00fcnd\u0259 beyn\u0259lxalq m\u0259sl\u0259h\u0259t\u00e7i \u015firk\u0259tl\u0259ri v\u0259 m\u00fcst\u0259qil yerli ekspertl\u0259r t\u0259r\u0259find\u0259n Bak\u0131 \u015f\u0259h\u0259rinin inki\u015faf\u0131 konsepsiyas\u0131nda n\u0259z\u0259rd\u0259 tutulmu\u015f 4 prioritet \u00e7\u0259r\u00e7iv\u0259sind\u0259 \u015f\u0259h\u0259r planlamas\u0131 \u00fczr\u0259 t\u0259klif edil\u0259n bax\u0131\u015flar t\u0259qdim edil\u0259c\u0259k. M\u00fczakir\u0259l\u0259r paralel panel iclaslar format\u0131nda &#8220;Paytaxt\u0131n perspektiv inki\u015faf sah\u0259l\u0259ri&#8221;, &#8220;\u018flveri\u015fli m\u00fch\u0259ndis kommunikasiyalar\u0131 infrastrukturu v\u0259 dayan\u0131ql\u0131 ekologiya&#8221;, &#8220;\u015e\u0259h\u0259r \u0259halisinin mobilliyini t\u0259min ed\u0259n ictimai n\u0259qliyyat \u015f\u0259b\u0259k\u0259l\u0259ri v\u0259 onlar\u0131n inteqrasiyas\u0131&#8221;, habel\u0259 &#8220;M\u00fcasir \u015f\u0259h\u0259r iqtisadiyyat\u0131&#8221; m\u00f6vzular\u0131nda apar\u0131lacaq. \u015e\u0259h\u0259rsalma m\u00fct\u0259x\u0259ssisl\u0259ri \u00e7oxm\u0259rk\u0259zli \u015f\u0259h\u0259r n\u00fcv\u0259sinin yarad\u0131lmas\u0131, tarixi memarl\u0131q irsinin qorunmas\u0131, alternativ enerji m\u0259nb\u0259l\u0259ri, ekologiyan\u0131n yax\u015f\u0131la\u015fd\u0131r\u0131lmas\u0131, Bak\u0131n\u0131n inki\u015faf\u0131 \u00fc\u00e7\u00fcn y\u00fcks\u0259k potensiala malik iqtisadi klasterl\u0259rin formala\u015fd\u0131r\u0131lmas\u0131 v\u0259 inteqrasiya edilmi\u015f h\u0259r\u0259k\u0259tliliyin t\u0259mini il\u0259 ba\u011fl\u0131 yekun fikirl\u0259rini s\u0259sl\u0259ndir\u0259c\u0259kl\u0259r.<\/p>\n<p>Eyni zamanda, Bak\u0131 \u015f\u0259h\u0259rinin Ba\u015f plan\u0131n\u0131n realla\u015fd\u0131r\u0131lmas\u0131nda t\u0259kanverici q\u00fcvv\u0259 rolunu oynayacaq, \u015f\u0259h\u0259rin q\u0131sa- v\u0259 uzunm\u00fcdd\u0259tli perspektivd\u0259 davaml\u0131 v\u0259 sistemli inki\u015faf\u0131na xidm\u0259t ed\u0259c\u0259k strateji layih\u0259l\u0259rin m\u00fczakir\u0259si d\u0259 n\u0259z\u0259rd\u0259 tutulur. Layih\u0259l\u0259r Ba\u015f plan\u0131n realla\u015fd\u0131r\u0131lmas\u0131nda oynayacaqlar\u0131 strateji \u0259h\u0259miyy\u0259ti v\u0259 investisiya c\u0259lbediciliyi bax\u0131m\u0131ndan qiym\u0259tl\u0259ndiril\u0259c\u0259k.<\/p>\n<p>27 noyabr tarixind\u0259 d\u0259 davam ed\u0259c\u0259k Strateji Sessiyan\u0131n n\u00f6vb\u0259ti ikinci g\u00fcn\u00fc m\u00fcst\u0259qil ekspertl\u0259rl\u0259 apar\u0131lm\u0131\u015f m\u00fczakir\u0259l\u0259rin n\u0259tic\u0259si olaraq Ba\u015f plan\u0131n n\u0259z\u0259rd\u0259n ke\u00e7irilmi\u015f \u0259sas \u015f\u0259h\u0259rsalma yana\u015fmalar\u0131n\u0131n, \u00e7a\u011f\u0131r\u0131\u015flar\u0131n m\u00fcmk\u00fcn h\u0259lli yollar\u0131n\u0131n v\u0259 strateji layih\u0259l\u0259rin se\u00e7ilmi\u015f portfelinin t\u0259qdimat\u0131 ke\u00e7iril\u0259c\u0259k, m\u0259s\u0259l\u0259l\u0259r\u0259 dair yekun t\u0259klif v\u0259 r\u0259yl\u0259r dinl\u0259nil\u0259c\u0259k.<\/p>\n<p>&nbsp;<\/p>\n","protected":false},"excerpt":{"rendered":"<p>Az\u0259rbaycan Respublikas\u0131 Prezidentinin 27.06.2018-ci il tarixli m\u00fcvafiq S\u0259r\u0259ncam\u0131na \u0259sas\u0259n Bak\u0131 \u015f\u0259h\u0259rinin Ba\u015f plan\u0131n\u0131n haz\u0131rlanmas\u0131 \u00fczr\u0259 D\u00f6vl\u0259t \u015e\u0259h\u0259rsalma v\u0259 Arxitektura Komit\u0259si t\u0259r\u0259find\u0259n t\u0259\u015fkil olunmu\u015f prosesin 2-ci m\u0259rh\u0259l\u0259si \u00e7\u0259r\u00e7iv\u0259sind\u0259 i\u015fl\u0259r planla\u015fd\u0131r\u0131lm\u0131\u015f qrafik\u0259 uy\u011fun davam etdirilir. ARANTV.AZ\u00a0\u00a0Trend-\u0259 istinad\u0259n x\u0259b\u0259r verir ki, bu g\u00fcn D\u00f6vl\u0259t \u015e\u0259h\u0259rsalma v\u0259 Arxitektura Komit\u0259si t\u0259r\u0259find\u0259n Ba\u015f plan \u00fcz\u0259rind\u0259 i\u015fin \u0259laq\u0259l\u0259ndirilm\u0259si m\u0259qs\u0259dil\u0259 formala\u015fd\u0131r\u0131lm\u0131\u015f qurumlaras\u0131 \u0130\u015f\u00e7i qrupun 2-g\u00fcnl\u00fck Strateji Sessiya format\u0131nda n\u00f6vb\u0259ti iclas\u0131 ba\u015flay\u0131b. 26-27 noyabr tarixl\u0259rind\u0259 davam ed\u0259c\u0259k v\u0259 bir \u00e7ox nazirlikl\u0259rin, d\u00f6vl\u0259t komit\u0259l\u0259rinin, aidiyy\u0259ti qurumlar\u0131n h\u0259m r\u0259hb\u0259rlik, h\u0259m d\u0259 ekspert s\u0259viyy\u0259sind\u0259, habel\u0259 beyn\u0259lxalq v\u0259 yerli m\u00fct\u0259x\u0259ssisl\u0259rin, ictimai xadiml\u0259rin qat\u0131laca\u011f\u0131&hellip;<\/p>\n","protected":false},"author":2,"featured_media":101049,"comment_status":"closed","ping_status":"closed","sticky":false,"template":"","format":"standard","meta":{"om_disable_all_campaigns":false,"_monsterinsights_skip_tracking":false,"_monsterinsights_sitenote_active":false,"_monsterinsights_sitenote_note":"","_monsterinsights_sitenote_category":0},"categories":[1],"tags":[],"aioseo_notices":[],"gutentor_comment":0,"rttpg_featured_image_url":{"full":["https:\/\/arantv.az\/wp-content\/uploads\/2019\/11\/805427.jpg",800,600,false],"landscape":["https:\/\/arantv.az\/wp-content\/uploads\/2019\/11\/805427.jpg",800,600,false],"portraits":["https:\/\/arantv.az\/wp-content\/uploads\/2019\/11\/805427.jpg",800,600,false],"thumbnail":["https:\/\/arantv.az\/wp-content\/uploads\/2019\/11\/805427-150x150.jpg",150,150,true],"medium":["https:\/\/arantv.az\/wp-content\/uploads\/2019\/11\/805427-300x225.jpg",300,225,true],"large":["https:\/\/arantv.az\/wp-content\/uploads\/2019\/11\/805427.jpg",640,480,false],"1536x1536":["https:\/\/arantv.az\/wp-content\/uploads\/2019\/11\/805427.jpg",800,600,false],"2048x2048":["https:\/\/arantv.az\/wp-content\/uploads\/2019\/11\/805427.jpg",800,600,false],"post-thumbnail":["https:\/\/arantv.az\/wp-content\/uploads\/2019\/11\/805427-240x172.jpg",240,172,true],"advps-thumb-one":["https:\/\/arantv.az\/wp-content\/uploads\/2019\/11\/805427.jpg",800,600,false]},"rttpg_author":{"display_name":"V\u00fcsal Rafiqo\u011flu","author_link":"https:\/\/arantv.az\/?author=2"},"rttpg_comment":0,"rttpg_category":"<a href=\"https:\/\/arantv.az\/?cat=1\" rel=\"category\">C\u0259miyy\u0259t<\/a>","rttpg_excerpt":"Az\u0259rbaycan Respublikas\u0131 Prezidentinin 27.06.2018-ci il tarixli m\u00fcvafiq S\u0259r\u0259ncam\u0131na \u0259sas\u0259n Bak\u0131 \u015f\u0259h\u0259rinin Ba\u015f plan\u0131n\u0131n haz\u0131rlanmas\u0131 \u00fczr\u0259 D\u00f6vl\u0259t \u015e\u0259h\u0259rsalma v\u0259 Arxitektura Komit\u0259si t\u0259r\u0259find\u0259n t\u0259\u015fkil olunmu\u015f prosesin 2-ci m\u0259rh\u0259l\u0259si \u00e7\u0259r\u00e7iv\u0259sind\u0259 i\u015fl\u0259r planla\u015fd\u0131r\u0131lm\u0131\u015f qrafik\u0259 uy\u011fun davam etdirilir. ARANTV.AZ\u00a0\u00a0Trend-\u0259 istinad\u0259n x\u0259b\u0259r verir ki, bu g\u00fcn D\u00f6vl\u0259t \u015e\u0259h\u0259rsalma v\u0259 Arxitektura Komit\u0259si t\u0259r\u0259find\u0259n Ba\u015f plan \u00fcz\u0259rind\u0259 i\u015fin \u0259laq\u0259l\u0259ndirilm\u0259si m\u0259qs\u0259dil\u0259 formala\u015fd\u0131r\u0131lm\u0131\u015f qurumlaras\u0131 \u0130\u015f\u00e7i&hellip;","_links":{"self":[{"href":"https:\/\/arantv.az\/index.php?rest_route=\/wp\/v2\/posts\/101048"}],"collection":[{"href":"https:\/\/arantv.az\/index.php?rest_route=\/wp\/v2\/posts"}],"about":[{"href":"https:\/\/arantv.az\/index.php?rest_route=\/wp\/v2\/types\/post"}],"author":[{"embeddable":true,"href":"https:\/\/arantv.az\/index.php?rest_route=\/wp\/v2\/users\/2"}],"replies":[{"embeddable":true,"href":"https:\/\/arantv.az\/index.php?rest_route=%2Fwp%2Fv2%2Fcomments&post=101048"}],"version-history":[{"count":0,"href":"https:\/\/arantv.az\/index.php?rest_route=\/wp\/v2\/posts\/101048\/revisions"}],"wp:featuredmedia":[{"embeddable":true,"href":"https:\/\/arantv.az\/index.php?rest_route=\/wp\/v2\/media\/101049"}],"wp:attachment":[{"href":"https:\/\/arantv.az\/index.php?rest_route=%2Fwp%2Fv2%2Fmedia&parent=101048"}],"wp:term":[{"taxonomy":"category","embeddable":true,"href":"https:\/\/arantv.az\/index.php?rest_route=%2Fwp%2Fv2%2Fcategories&post=101048"},{"taxonomy":"post_tag","embeddable":true,"href":"https:\/\/arantv.az\/index.php?rest_route=%2Fwp%2Fv2%2Ftags&post=101048"}],"curies":[{"name":"wp","href":"https:\/\/api.w.org\/{rel}","templated":true}]}}