{"id":101057,"date":"2019-11-26T16:07:23","date_gmt":"2019-11-26T13:07:23","guid":{"rendered":"http:\/\/arantv.az\/?p=101057"},"modified":"2019-11-26T16:07:23","modified_gmt":"2019-11-26T13:07:23","slug":"az%c9%99rbaycanda-2-qanun-l%c9%99gv-edilir","status":"publish","type":"post","link":"https:\/\/arantv.az\/?p=101057","title":{"rendered":"Az\u0259rbaycanda 2 qanun l\u0259\u011fv edilir"},"content":{"rendered":"<p><strong>Az\u0259rbaycanda iki qanun l\u0259\u011fv edilir.<\/strong><\/p>\n<p><strong>ARANTV.AZ<\/strong> APA-ya istinad\u0259n x\u0259b\u0259r verir ki, &#8220;\u0130cbari s\u0131\u011fortalar haqq\u0131nda&#8221; v\u0259 &#8220;\u0130stehsalatda b\u0259db\u0259xt hadis\u0259l\u0259r v\u0259 pe\u015f\u0259 x\u0259st\u0259likl\u0259ri n\u0259tic\u0259sind\u0259 pe\u015f\u0259 \u0259m\u0259k qabiliyy\u0259tinin itirilm\u0259si hallar\u0131ndan icbari s\u0131\u011forta haqq\u0131nda&#8221; qanunlar\u0131n l\u0259\u011fv edilm\u0259si bar\u0259d\u0259 qanun layih\u0259si parlamentd\u0259 m\u00fczakir\u0259y\u0259 \u00e7\u0131xar\u0131lacaq.<\/p>\n<p>Layih\u0259nin qeyd hiss\u0259sind\u0259 bildirilir ki, &#8220;Tibbi s\u0131\u011forta haqq\u0131nda&#8221; qanunda &#8220;\u0130cbari s\u0131\u011fortalar haqq\u0131nda&#8221; v\u0259 &#8220;\u0130stehsalatda b\u0259db\u0259xt hadis\u0259l\u0259r v\u0259 pe\u015f\u0259 x\u0259st\u0259likl\u0259ri n\u0259tic\u0259sind\u0259 pe\u015f\u0259 \u0259m\u0259k qabiliyy\u0259tinin itirilm\u0259si hallar\u0131ndan icbari s\u0131\u011forta haqq\u0131nda&#8221; qanunlarda n\u0259z\u0259rd\u0259 tutulmu\u015f s\u0131\u011forta haqq\u0131ndan ay\u0131rmalar\u0131n icbari tibbi s\u0131\u011fortan\u0131n maliyy\u0259 m\u0259nb\u0259l\u0259ri s\u0131ras\u0131ndan \u00e7\u0131xar\u0131lmas\u0131 t\u0259klif edilir.<\/p>\n<p>&#8220;Tibbi s\u0131\u011forta haqq\u0131nda&#8221; qanunda yuxar\u0131da qeyd olunan d\u0259yi\u015fiklikl\u0259r t\u0259klif edildiyind\u0259n ad\u0131\u00e7\u0259kil\u0259n qanunlar\u0131n l\u0259\u011fvi n\u0259z\u0259rd\u0259 tutulur.<\/p>\n<p>&nbsp;<\/p>\n","protected":false},"excerpt":{"rendered":"<p>Az\u0259rbaycanda iki qanun l\u0259\u011fv edilir. ARANTV.AZ APA-ya istinad\u0259n x\u0259b\u0259r verir ki, &#8220;\u0130cbari s\u0131\u011fortalar haqq\u0131nda&#8221; v\u0259 &#8220;\u0130stehsalatda b\u0259db\u0259xt hadis\u0259l\u0259r v\u0259 pe\u015f\u0259 x\u0259st\u0259likl\u0259ri n\u0259tic\u0259sind\u0259 pe\u015f\u0259 \u0259m\u0259k qabiliyy\u0259tinin itirilm\u0259si hallar\u0131ndan icbari s\u0131\u011forta haqq\u0131nda&#8221; qanunlar\u0131n l\u0259\u011fv edilm\u0259si bar\u0259d\u0259 qanun layih\u0259si parlamentd\u0259 m\u00fczakir\u0259y\u0259 \u00e7\u0131xar\u0131lacaq. Layih\u0259nin qeyd hiss\u0259sind\u0259 bildirilir ki, &#8220;Tibbi s\u0131\u011forta haqq\u0131nda&#8221; qanunda &#8220;\u0130cbari s\u0131\u011fortalar haqq\u0131nda&#8221; v\u0259 &#8220;\u0130stehsalatda b\u0259db\u0259xt hadis\u0259l\u0259r v\u0259 pe\u015f\u0259 x\u0259st\u0259likl\u0259ri n\u0259tic\u0259sind\u0259 pe\u015f\u0259 \u0259m\u0259k qabiliyy\u0259tinin itirilm\u0259si hallar\u0131ndan icbari s\u0131\u011forta haqq\u0131nda&#8221; qanunlarda n\u0259z\u0259rd\u0259 tutulmu\u015f s\u0131\u011forta haqq\u0131ndan ay\u0131rmalar\u0131n icbari tibbi s\u0131\u011fortan\u0131n maliyy\u0259 m\u0259nb\u0259l\u0259ri s\u0131ras\u0131ndan \u00e7\u0131xar\u0131lmas\u0131 t\u0259klif edilir. &#8220;Tibbi s\u0131\u011forta haqq\u0131nda&#8221; qanunda yuxar\u0131da qeyd olunan d\u0259yi\u015fiklikl\u0259r&hellip;<\/p>\n","protected":false},"author":2,"featured_media":101058,"comment_status":"closed","ping_status":"closed","sticky":false,"template":"","format":"standard","meta":{"om_disable_all_campaigns":false,"_monsterinsights_skip_tracking":false,"_monsterinsights_sitenote_active":false,"_monsterinsights_sitenote_note":"","_monsterinsights_sitenote_category":0},"categories":[1],"tags":[],"aioseo_notices":[],"gutentor_comment":0,"rttpg_featured_image_url":{"full":["https:\/\/arantv.az\/wp-content\/uploads\/2019\/11\/milli_meclis_024-1.jpg",800,600,false],"landscape":["https:\/\/arantv.az\/wp-content\/uploads\/2019\/11\/milli_meclis_024-1.jpg",800,600,false],"portraits":["https:\/\/arantv.az\/wp-content\/uploads\/2019\/11\/milli_meclis_024-1.jpg",800,600,false],"thumbnail":["https:\/\/arantv.az\/wp-content\/uploads\/2019\/11\/milli_meclis_024-1-150x150.jpg",150,150,true],"medium":["https:\/\/arantv.az\/wp-content\/uploads\/2019\/11\/milli_meclis_024-1-300x225.jpg",300,225,true],"large":["https:\/\/arantv.az\/wp-content\/uploads\/2019\/11\/milli_meclis_024-1.jpg",640,480,false],"1536x1536":["https:\/\/arantv.az\/wp-content\/uploads\/2019\/11\/milli_meclis_024-1.jpg",800,600,false],"2048x2048":["https:\/\/arantv.az\/wp-content\/uploads\/2019\/11\/milli_meclis_024-1.jpg",800,600,false],"post-thumbnail":["https:\/\/arantv.az\/wp-content\/uploads\/2019\/11\/milli_meclis_024-1-240x172.jpg",240,172,true],"advps-thumb-one":["https:\/\/arantv.az\/wp-content\/uploads\/2019\/11\/milli_meclis_024-1.jpg",800,600,false]},"rttpg_author":{"display_name":"V\u00fcsal Rafiqo\u011flu","author_link":"https:\/\/arantv.az\/?author=2"},"rttpg_comment":0,"rttpg_category":"<a href=\"https:\/\/arantv.az\/?cat=1\" rel=\"category\">C\u0259miyy\u0259t<\/a>","rttpg_excerpt":"Az\u0259rbaycanda iki qanun l\u0259\u011fv edilir. ARANTV.AZ APA-ya istinad\u0259n x\u0259b\u0259r verir ki, &#8220;\u0130cbari s\u0131\u011fortalar haqq\u0131nda&#8221; v\u0259 &#8220;\u0130stehsalatda b\u0259db\u0259xt hadis\u0259l\u0259r v\u0259 pe\u015f\u0259 x\u0259st\u0259likl\u0259ri n\u0259tic\u0259sind\u0259 pe\u015f\u0259 \u0259m\u0259k qabiliyy\u0259tinin itirilm\u0259si hallar\u0131ndan icbari s\u0131\u011forta haqq\u0131nda&#8221; qanunlar\u0131n l\u0259\u011fv edilm\u0259si bar\u0259d\u0259 qanun layih\u0259si parlamentd\u0259 m\u00fczakir\u0259y\u0259 \u00e7\u0131xar\u0131lacaq. Layih\u0259nin qeyd hiss\u0259sind\u0259 bildirilir ki, &#8220;Tibbi s\u0131\u011forta haqq\u0131nda&#8221; qanunda &#8220;\u0130cbari s\u0131\u011fortalar haqq\u0131nda&#8221; v\u0259 &#8220;\u0130stehsalatda b\u0259db\u0259xt hadis\u0259l\u0259r&hellip;","_links":{"self":[{"href":"https:\/\/arantv.az\/index.php?rest_route=\/wp\/v2\/posts\/101057"}],"collection":[{"href":"https:\/\/arantv.az\/index.php?rest_route=\/wp\/v2\/posts"}],"about":[{"href":"https:\/\/arantv.az\/index.php?rest_route=\/wp\/v2\/types\/post"}],"author":[{"embeddable":true,"href":"https:\/\/arantv.az\/index.php?rest_route=\/wp\/v2\/users\/2"}],"replies":[{"embeddable":true,"href":"https:\/\/arantv.az\/index.php?rest_route=%2Fwp%2Fv2%2Fcomments&post=101057"}],"version-history":[{"count":0,"href":"https:\/\/arantv.az\/index.php?rest_route=\/wp\/v2\/posts\/101057\/revisions"}],"wp:featuredmedia":[{"embeddable":true,"href":"https:\/\/arantv.az\/index.php?rest_route=\/wp\/v2\/media\/101058"}],"wp:attachment":[{"href":"https:\/\/arantv.az\/index.php?rest_route=%2Fwp%2Fv2%2Fmedia&parent=101057"}],"wp:term":[{"taxonomy":"category","embeddable":true,"href":"https:\/\/arantv.az\/index.php?rest_route=%2Fwp%2Fv2%2Fcategories&post=101057"},{"taxonomy":"post_tag","embeddable":true,"href":"https:\/\/arantv.az\/index.php?rest_route=%2Fwp%2Fv2%2Ftags&post=101057"}],"curies":[{"name":"wp","href":"https:\/\/api.w.org\/{rel}","templated":true}]}}