{"id":101061,"date":"2019-11-26T16:08:30","date_gmt":"2019-11-26T13:08:30","guid":{"rendered":"http:\/\/arantv.az\/?p=101061"},"modified":"2019-11-26T16:08:30","modified_gmt":"2019-11-26T13:08:30","slug":"gerasimov-n%c9%99cm%c9%99ddin-sadikovla-danisiqlarda","status":"publish","type":"post","link":"https:\/\/arantv.az\/?p=101061","title":{"rendered":"Gerasimov N\u0259cm\u0259ddin Sad\u0131kovla dan\u0131\u015f\u0131qlarda"},"content":{"rendered":"<p>Bak\u0131da s\u0259f\u0259rd\u0259 olan Rusiya Federasiyas\u0131 Silahl\u0131 Q\u00fcvv\u0259l\u0259rinin Ba\u015f Q\u0259rargah r\u0259isi, ordu general\u0131 Valeri Gerasimov Az\u0259rbaycan M\u00fcdafi\u0259 nazirinin birinci m\u00fcavini \u2013 Ba\u015f Q\u0259rargah r\u0259isi N\u0259cm\u0259ddin Sad\u0131kovla g\u00f6r\u00fc\u015f\u00fcb.<\/p>\n<p><b>ARANTV.AZ\u00a0<\/b> x\u0259b\u0259r verir ki, g\u00f6r\u00fc\u015fd\u0259 beyn\u0259lxalq v\u0259 regional t\u0259hl\u00fck\u0259sizlik probleml\u0259ri, h\u0259m\u00e7inin, ikit\u0259r\u0259fli h\u0259rbi-texniki \u0259m\u0259kda\u015fl\u0131\u011f\u0131n aktual m\u0259s\u0259l\u0259l\u0259ri m\u00fczakir\u0259\u00a0<a href=\"https:\/\/function.mil.ru\/news_page\/country\/more.htm?id=12263779@egNews\" target=\"_blank\" rel=\"noopener\">edilib<\/a>.<\/p>\n<p>O c\u00fcml\u0259d\u0259n, X\u0259z\u0259r\u00a0d\u0259nizind\u0259 m\u00fcdafi\u0259 nazirlikl\u0259ri aras\u0131nda \u0259m\u0259kda\u015fl\u0131q m\u0259s\u0259l\u0259l\u0259ri \u0259traf\u0131nda fikir m\u00fcbadil\u0259si apar\u0131l\u0131b.Oxu.Az<\/p>\n","protected":false},"excerpt":{"rendered":"<p>Bak\u0131da s\u0259f\u0259rd\u0259 olan Rusiya Federasiyas\u0131 Silahl\u0131 Q\u00fcvv\u0259l\u0259rinin Ba\u015f Q\u0259rargah r\u0259isi, ordu general\u0131 Valeri Gerasimov Az\u0259rbaycan M\u00fcdafi\u0259 nazirinin birinci m\u00fcavini \u2013 Ba\u015f Q\u0259rargah r\u0259isi N\u0259cm\u0259ddin Sad\u0131kovla g\u00f6r\u00fc\u015f\u00fcb. ARANTV.AZ\u00a0 x\u0259b\u0259r verir ki, g\u00f6r\u00fc\u015fd\u0259 beyn\u0259lxalq v\u0259 regional t\u0259hl\u00fck\u0259sizlik probleml\u0259ri, h\u0259m\u00e7inin, ikit\u0259r\u0259fli h\u0259rbi-texniki \u0259m\u0259kda\u015fl\u0131\u011f\u0131n aktual m\u0259s\u0259l\u0259l\u0259ri m\u00fczakir\u0259\u00a0edilib. O c\u00fcml\u0259d\u0259n, X\u0259z\u0259r\u00a0d\u0259nizind\u0259 m\u00fcdafi\u0259 nazirlikl\u0259ri aras\u0131nda \u0259m\u0259kda\u015fl\u0131q m\u0259s\u0259l\u0259l\u0259ri \u0259traf\u0131nda fikir m\u00fcbadil\u0259si apar\u0131l\u0131b.Oxu.Az<\/p>\n","protected":false},"author":2,"featured_media":101062,"comment_status":"closed","ping_status":"closed","sticky":false,"template":"","format":"standard","meta":{"om_disable_all_campaigns":false,"_monsterinsights_skip_tracking":false,"_monsterinsights_sitenote_active":false,"_monsterinsights_sitenote_note":"","_monsterinsights_sitenote_category":0},"categories":[4],"tags":[],"aioseo_notices":[],"gutentor_comment":0,"rttpg_featured_image_url":{"full":["https:\/\/arantv.az\/wp-content\/uploads\/2019\/11\/400127995.jpg",620,335,false],"landscape":["https:\/\/arantv.az\/wp-content\/uploads\/2019\/11\/400127995.jpg",620,335,false],"portraits":["https:\/\/arantv.az\/wp-content\/uploads\/2019\/11\/400127995.jpg",620,335,false],"thumbnail":["https:\/\/arantv.az\/wp-content\/uploads\/2019\/11\/400127995-150x150.jpg",150,150,true],"medium":["https:\/\/arantv.az\/wp-content\/uploads\/2019\/11\/400127995-300x162.jpg",300,162,true],"large":["https:\/\/arantv.az\/wp-content\/uploads\/2019\/11\/400127995.jpg",620,335,false],"1536x1536":["https:\/\/arantv.az\/wp-content\/uploads\/2019\/11\/400127995.jpg",620,335,false],"2048x2048":["https:\/\/arantv.az\/wp-content\/uploads\/2019\/11\/400127995.jpg",620,335,false],"post-thumbnail":["https:\/\/arantv.az\/wp-content\/uploads\/2019\/11\/400127995-240x172.jpg",240,172,true],"advps-thumb-one":["https:\/\/arantv.az\/wp-content\/uploads\/2019\/11\/400127995.jpg",620,335,false]},"rttpg_author":{"display_name":"V\u00fcsal Rafiqo\u011flu","author_link":"https:\/\/arantv.az\/?author=2"},"rttpg_comment":0,"rttpg_category":"<a href=\"https:\/\/arantv.az\/?cat=4\" rel=\"category\">Siyas\u0259t<\/a>","rttpg_excerpt":"Bak\u0131da s\u0259f\u0259rd\u0259 olan Rusiya Federasiyas\u0131 Silahl\u0131 Q\u00fcvv\u0259l\u0259rinin Ba\u015f Q\u0259rargah r\u0259isi, ordu general\u0131 Valeri Gerasimov Az\u0259rbaycan M\u00fcdafi\u0259 nazirinin birinci m\u00fcavini \u2013 Ba\u015f Q\u0259rargah r\u0259isi N\u0259cm\u0259ddin Sad\u0131kovla g\u00f6r\u00fc\u015f\u00fcb. ARANTV.AZ\u00a0 x\u0259b\u0259r verir ki, g\u00f6r\u00fc\u015fd\u0259 beyn\u0259lxalq v\u0259 regional t\u0259hl\u00fck\u0259sizlik probleml\u0259ri, h\u0259m\u00e7inin, ikit\u0259r\u0259fli h\u0259rbi-texniki \u0259m\u0259kda\u015fl\u0131\u011f\u0131n aktual m\u0259s\u0259l\u0259l\u0259ri m\u00fczakir\u0259\u00a0edilib. O c\u00fcml\u0259d\u0259n, X\u0259z\u0259r\u00a0d\u0259nizind\u0259 m\u00fcdafi\u0259 nazirlikl\u0259ri aras\u0131nda \u0259m\u0259kda\u015fl\u0131q m\u0259s\u0259l\u0259l\u0259ri \u0259traf\u0131nda fikir m\u00fcbadil\u0259si apar\u0131l\u0131b.Oxu.Az","_links":{"self":[{"href":"https:\/\/arantv.az\/index.php?rest_route=\/wp\/v2\/posts\/101061"}],"collection":[{"href":"https:\/\/arantv.az\/index.php?rest_route=\/wp\/v2\/posts"}],"about":[{"href":"https:\/\/arantv.az\/index.php?rest_route=\/wp\/v2\/types\/post"}],"author":[{"embeddable":true,"href":"https:\/\/arantv.az\/index.php?rest_route=\/wp\/v2\/users\/2"}],"replies":[{"embeddable":true,"href":"https:\/\/arantv.az\/index.php?rest_route=%2Fwp%2Fv2%2Fcomments&post=101061"}],"version-history":[{"count":0,"href":"https:\/\/arantv.az\/index.php?rest_route=\/wp\/v2\/posts\/101061\/revisions"}],"wp:featuredmedia":[{"embeddable":true,"href":"https:\/\/arantv.az\/index.php?rest_route=\/wp\/v2\/media\/101062"}],"wp:attachment":[{"href":"https:\/\/arantv.az\/index.php?rest_route=%2Fwp%2Fv2%2Fmedia&parent=101061"}],"wp:term":[{"taxonomy":"category","embeddable":true,"href":"https:\/\/arantv.az\/index.php?rest_route=%2Fwp%2Fv2%2Fcategories&post=101061"},{"taxonomy":"post_tag","embeddable":true,"href":"https:\/\/arantv.az\/index.php?rest_route=%2Fwp%2Fv2%2Ftags&post=101061"}],"curies":[{"name":"wp","href":"https:\/\/api.w.org\/{rel}","templated":true}]}}