{"id":101073,"date":"2019-11-26T16:19:16","date_gmt":"2019-11-26T13:19:16","guid":{"rendered":"http:\/\/arantv.az\/?p=101073"},"modified":"2019-11-26T16:19:16","modified_gmt":"2019-11-26T13:19:16","slug":"yeniyetm%c9%99-doqquz-yasli-qizin-qacirilmasinin-qarsisini-aldi-video","status":"publish","type":"post","link":"https:\/\/arantv.az\/?p=101073","title":{"rendered":"Yeniyetm\u0259 doqquz ya\u015fl\u0131 q\u0131z\u0131n qa\u00e7\u0131r\u0131lmas\u0131n\u0131n qar\u015f\u0131s\u0131n\u0131 ald\u0131 &#8211; V\u0130DEO"},"content":{"rendered":"<p>Rusiyan\u0131n \u0130rkutsk \u015f\u0259h\u0259rind\u0259 yeniyetm\u0259 doqquz ya\u015fl\u0131 q\u0131z\u0131n qa\u00e7\u0131r\u0131lmas\u0131n\u0131n qar\u015f\u0131s\u0131n\u0131 al\u0131b. Adam o\u011frusuna qar\u015f\u0131 art\u0131q ittiham ir\u0259li s\u00fcr\u00fcl\u00fcb, o\u00a0h\u0259bs olunub.<\/p>\n<p>Bu bar\u0259d\u0259 \u201cR\u0130A Novosti\u201d\u00a0RF \u0130stintaq Komit\u0259sinin yerli\u00a0idar\u0259sin\u0259 istinadla x\u0259b\u0259r verib.<\/p>\n<p>Qurum bildirib ki, hadis\u0259 noyabr\u0131n 23-d\u0259 ba\u015f verib. \u015e\u0259h\u0259rin k\u00fc\u00e7\u0259l\u0259rinin birind\u0259 park edilmi\u015f \u201cToyota Vista\u201d\u00a0markal\u0131 avtomobilin salonunda \u0259yl\u0259\u015f\u0259n 48 ya\u015fl\u0131 sakin ki\u00e7ik ya\u015fl\u0131 bir q\u0131z u\u015fa\u011f\u0131n\u0131 g\u00f6r\u0259r\u0259k, onu qa\u00e7\u0131rmaq q\u0259rar\u0131na g\u0259lib.<\/p>\n<div id=\"AdviadNativeVideo0\" class=\"AdviadNativeVideo\">\n<div class=\"adviad-inboard sm-screen\">\u00a0<\/p>\n<article class=\"news\">\n<div class=\"news-inner\">\n<p>\u201cM\u00fctt\u0259him avtomobild\u0259n \u00e7\u0131x\u0131b, u\u015fa\u011fa fiziki\u00a0g\u00fcc t\u0259tbiq ed\u0259r\u0259k avtomobilin salonuna bas\u0131b, sonra \u00f6z\u00fc d\u0259 avtomobil\u0259 gir\u0259r\u0259k, b\u00fct\u00fcn qap\u0131lar\u0131 kilidl\u0259yib v\u0259 yola d\u00fc\u015f\u00fcb\u201d, &#8211; dey\u0259 qurumun m\u0259lumat\u0131nda deyilir.<\/p>\n<p>Bildirilir ki, yax\u0131nl\u0131qdan ke\u00e7\u0259n 16 ya\u015fl\u0131 yeniyetm\u0259 u\u015fa\u011f\u0131n q\u0131\u015fq\u0131r\u0131qlar\u0131n\u0131 e\u015fidib. O, yax\u0131nl\u0131qda olan ba\u015fqa bir ki\u015fid\u0259n k\u00f6m\u0259k ist\u0259y\u0259r\u0259k, birlikd\u0259 avtomobil\u0259 \u00e7at\u0131blar, onun yolunu k\u0259s\u0259r\u0259k doqquz\u00a0ya\u015fl\u0131 u\u015fa\u011f\u0131 xilas edibl\u0259r\u201d.<\/p>\n<p>Qurum bildirir ki, adam o\u011frusu \u0259vv\u0259lc\u0259 cinay\u0259t yerind\u0259n qa\u00e7sa da, bir ne\u00e7\u0259 saatdan sonra \u0259l\u0259 ke\u00e7ib.<\/p>\n<p>\u0130stintaq zaman\u0131 m\u00fc\u0259yy\u0259n olunub ki, 2001-ci ild\u0259n b\u0259ri ki\u015fi art\u0131q iki d\u0259f\u0259 cinsi xarakterli cinay\u0259t\u0259 g\u00f6r\u0259 h\u0259bsd\u0259 olub v\u0259 2017-ci ilin mart ay\u0131nda azadl\u0131\u011fa \u00e7\u0131x\u0131b.<\/p>\n<p>Ki\u015fiy\u0259 qar\u015f\u0131 u\u015faq o\u011furlu\u011fu ittiham\u0131 ir\u0259li s\u00fcr\u00fcl\u00fcb. \u0130rkustk Lenin rayon m\u0259hk\u0259m\u0259si onu h\u0259bs edib. Onu 5-12 il m\u00fcdd\u0259tin\u0259 azadl\u0131qdan m\u0259hrumetm\u0259 g\u00f6zl\u0259yir.<\/p>\n<p>Cinay\u0259t i\u015fi il\u0259 ba\u011fl\u0131 istintaq davam edir.<\/p>\n<div><iframe loading=\"lazy\" src=\"https:\/\/player.baku.tv\/embed\/11339\" width=\"560\" height=\"315\" frameborder=\"0\" allowfullscreen=\"allowfullscreen\"><\/iframe><\/div>\n<\/div>\n<\/article>\n<h2 class=\"news-share-title\"><\/h2>\n<\/div>\n<\/div>\n","protected":false},"excerpt":{"rendered":"<p>Rusiyan\u0131n \u0130rkutsk \u015f\u0259h\u0259rind\u0259 yeniyetm\u0259 doqquz ya\u015fl\u0131 q\u0131z\u0131n qa\u00e7\u0131r\u0131lmas\u0131n\u0131n qar\u015f\u0131s\u0131n\u0131 al\u0131b. Adam o\u011frusuna qar\u015f\u0131 art\u0131q ittiham ir\u0259li s\u00fcr\u00fcl\u00fcb, o\u00a0h\u0259bs olunub. Bu bar\u0259d\u0259 \u201cR\u0130A Novosti\u201d\u00a0RF \u0130stintaq Komit\u0259sinin yerli\u00a0idar\u0259sin\u0259 istinadla x\u0259b\u0259r verib. Qurum bildirib ki, hadis\u0259 noyabr\u0131n 23-d\u0259 ba\u015f verib. \u015e\u0259h\u0259rin k\u00fc\u00e7\u0259l\u0259rinin birind\u0259 park edilmi\u015f \u201cToyota Vista\u201d\u00a0markal\u0131 avtomobilin salonunda \u0259yl\u0259\u015f\u0259n 48 ya\u015fl\u0131 sakin ki\u00e7ik ya\u015fl\u0131 bir q\u0131z u\u015fa\u011f\u0131n\u0131 g\u00f6r\u0259r\u0259k, onu qa\u00e7\u0131rmaq q\u0259rar\u0131na g\u0259lib. \u00a0 \u201cM\u00fctt\u0259him avtomobild\u0259n \u00e7\u0131x\u0131b, u\u015fa\u011fa fiziki\u00a0g\u00fcc t\u0259tbiq ed\u0259r\u0259k avtomobilin salonuna bas\u0131b, sonra \u00f6z\u00fc d\u0259 avtomobil\u0259 gir\u0259r\u0259k, b\u00fct\u00fcn qap\u0131lar\u0131 kilidl\u0259yib v\u0259 yola d\u00fc\u015f\u00fcb\u201d, &#8211; dey\u0259 qurumun m\u0259lumat\u0131nda deyilir. Bildirilir ki, yax\u0131nl\u0131qdan&hellip;<\/p>\n","protected":false},"author":2,"featured_media":101074,"comment_status":"closed","ping_status":"closed","sticky":false,"template":"","format":"standard","meta":{"om_disable_all_campaigns":false,"_monsterinsights_skip_tracking":false,"_monsterinsights_sitenote_active":false,"_monsterinsights_sitenote_note":"","_monsterinsights_sitenote_category":0},"categories":[7],"tags":[],"aioseo_notices":[],"gutentor_comment":0,"rttpg_featured_image_url":{"full":["https:\/\/arantv.az\/wp-content\/uploads\/2019\/11\/1-1-1.jpg",580,465,false],"landscape":["https:\/\/arantv.az\/wp-content\/uploads\/2019\/11\/1-1-1.jpg",580,465,false],"portraits":["https:\/\/arantv.az\/wp-content\/uploads\/2019\/11\/1-1-1.jpg",580,465,false],"thumbnail":["https:\/\/arantv.az\/wp-content\/uploads\/2019\/11\/1-1-1-150x150.jpg",150,150,true],"medium":["https:\/\/arantv.az\/wp-content\/uploads\/2019\/11\/1-1-1-300x241.jpg",300,241,true],"large":["https:\/\/arantv.az\/wp-content\/uploads\/2019\/11\/1-1-1.jpg",580,465,false],"1536x1536":["https:\/\/arantv.az\/wp-content\/uploads\/2019\/11\/1-1-1.jpg",580,465,false],"2048x2048":["https:\/\/arantv.az\/wp-content\/uploads\/2019\/11\/1-1-1.jpg",580,465,false],"post-thumbnail":["https:\/\/arantv.az\/wp-content\/uploads\/2019\/11\/1-1-1-240x172.jpg",240,172,true],"advps-thumb-one":["https:\/\/arantv.az\/wp-content\/uploads\/2019\/11\/1-1-1.jpg",580,465,false]},"rttpg_author":{"display_name":"V\u00fcsal Rafiqo\u011flu","author_link":"https:\/\/arantv.az\/?author=2"},"rttpg_comment":0,"rttpg_category":"<a href=\"https:\/\/arantv.az\/?cat=7\" rel=\"category\">D\u00fcnya<\/a>","rttpg_excerpt":"Rusiyan\u0131n \u0130rkutsk \u015f\u0259h\u0259rind\u0259 yeniyetm\u0259 doqquz ya\u015fl\u0131 q\u0131z\u0131n qa\u00e7\u0131r\u0131lmas\u0131n\u0131n qar\u015f\u0131s\u0131n\u0131 al\u0131b. Adam o\u011frusuna qar\u015f\u0131 art\u0131q ittiham ir\u0259li s\u00fcr\u00fcl\u00fcb, o\u00a0h\u0259bs olunub. Bu bar\u0259d\u0259 \u201cR\u0130A Novosti\u201d\u00a0RF \u0130stintaq Komit\u0259sinin yerli\u00a0idar\u0259sin\u0259 istinadla x\u0259b\u0259r verib. Qurum bildirib ki, hadis\u0259 noyabr\u0131n 23-d\u0259 ba\u015f verib. \u015e\u0259h\u0259rin k\u00fc\u00e7\u0259l\u0259rinin birind\u0259 park edilmi\u015f \u201cToyota Vista\u201d\u00a0markal\u0131 avtomobilin salonunda \u0259yl\u0259\u015f\u0259n 48 ya\u015fl\u0131 sakin ki\u00e7ik ya\u015fl\u0131 bir q\u0131z u\u015fa\u011f\u0131n\u0131&hellip;","_links":{"self":[{"href":"https:\/\/arantv.az\/index.php?rest_route=\/wp\/v2\/posts\/101073"}],"collection":[{"href":"https:\/\/arantv.az\/index.php?rest_route=\/wp\/v2\/posts"}],"about":[{"href":"https:\/\/arantv.az\/index.php?rest_route=\/wp\/v2\/types\/post"}],"author":[{"embeddable":true,"href":"https:\/\/arantv.az\/index.php?rest_route=\/wp\/v2\/users\/2"}],"replies":[{"embeddable":true,"href":"https:\/\/arantv.az\/index.php?rest_route=%2Fwp%2Fv2%2Fcomments&post=101073"}],"version-history":[{"count":0,"href":"https:\/\/arantv.az\/index.php?rest_route=\/wp\/v2\/posts\/101073\/revisions"}],"wp:featuredmedia":[{"embeddable":true,"href":"https:\/\/arantv.az\/index.php?rest_route=\/wp\/v2\/media\/101074"}],"wp:attachment":[{"href":"https:\/\/arantv.az\/index.php?rest_route=%2Fwp%2Fv2%2Fmedia&parent=101073"}],"wp:term":[{"taxonomy":"category","embeddable":true,"href":"https:\/\/arantv.az\/index.php?rest_route=%2Fwp%2Fv2%2Fcategories&post=101073"},{"taxonomy":"post_tag","embeddable":true,"href":"https:\/\/arantv.az\/index.php?rest_route=%2Fwp%2Fv2%2Ftags&post=101073"}],"curies":[{"name":"wp","href":"https:\/\/api.w.org\/{rel}","templated":true}]}}