{"id":101109,"date":"2019-11-26T16:57:13","date_gmt":"2019-11-26T13:57:13","guid":{"rendered":"http:\/\/arantv.az\/?p=101109"},"modified":"2019-11-26T16:57:13","modified_gmt":"2019-11-26T13:57:13","slug":"%c9%99tin-qiym%c9%99tiyl%c9%99-bagli-vacib-x%c9%99b%c9%99r-yanvarin-1-d%c9%99n","status":"publish","type":"post","link":"https:\/\/arantv.az\/?p=101109","title":{"rendered":"\u018ftin qiym\u0259tiyl\u0259 ba\u011fl\u0131 VAC\u0130B X\u018fB\u018fR &#8211; Yanvar\u0131n 1-d\u0259n&#8230;"},"content":{"rendered":"<p>Yeni ir\u0259li s\u00fcr\u00fclmu\u015f layih\u0259y\u0259 \u0259sas\u0259n, heyvandarl\u0131q v\u0259 qu\u015f\u00e7uluq t\u0259s\u0259rr\u00fcfatlar\u0131nda istifad\u0259 edil\u0259n yem v\u0259 yem \u0259lav\u0259l\u0259rinin sat\u0131\u015f\u0131 \u00fczr\u0259 d\u00f6vriyy\u0259l\u0259r 2020-ci il yanvar\u0131n 1-d\u0259n 4 il m\u00fcdd\u0259tind\u0259 \u018fDV-d\u0259n azadd\u0131r.<\/p>\n<p>\u201c\u018fDV azad olunan sah\u0259l\u0259r \u0259sas\u0259n \u0259halinin \u0259rzaq t\u0259labat\u0131n\u0131n \u00f6d\u0259nilm\u0259si sah\u0259sind\u0259 vacib m\u0259s\u0259l\u0259dir\u201d.<\/p>\n<p><b>ARANTV.AZ\u00a0\u00a0<\/b>bunu Redaktor.az-a a\u00e7\u0131qlamas\u0131nda iqtisad\u00e7\u0131 \u0130lham \u018fzizov bildirib.<\/p>\n<p>Onun s\u00f6zl\u0259rin\u0259 g\u00f6r\u0259, bu, son ill\u0259r bu sah\u0259d\u0259 yeni yarad\u0131lm\u0131\u015f m\u00fc\u0259ssis\u0259l\u0259r\u0259 d\u0259st\u0259k m\u0259qs\u0259di da\u015f\u0131y\u0131r:<\/p>\n<p>\u201cBal\u0131q yemi istehsal ed\u0259n m\u00fc\u0259ssis\u0259l\u0259r h\u0259m d\u0259 heyvan v\u0259 qu\u015f yeml\u0259ri istehsal edir. Bu bazarda qiym\u0259tin stabil qalmas\u0131 bax\u0131m\u0131ndan da \u0259h\u0259miyy\u0259tlidir. 2017 ci ild\u0259n t\u0259tbiq edil\u0259n bu vergi n\u00f6v\u00fcn\u00fcn l\u0259\u011fvi m\u0259qs\u0259d\u0259uy\u011fundur. \u00d6lk\u0259 tam h\u0259cmd\u0259 \u00f6z\u00fcn\u00fc heyvan v\u0259 qu\u015f \u0259ti il\u0259 t\u0259min ed\u0259 bilmir. Bu istehsal\u0131n artmas\u0131na v\u0259 qiym\u0259tl\u0259rin sabit qalmas\u0131na \u015f\u0259rait yaradacaq.<\/p>\n<p>Bu sah\u0259l\u0259r\u0259 t\u0259labat artan templ\u0259 gedir. \u00d6lk\u0259mizd\u0259 adam ba\u015f\u0131na heyvan v\u0259 qu\u015f \u0259ti istehlak\u0131 \u0259traf \u00f6lk\u0259l\u0259rd\u0259 a\u015fa\u011f\u0131 s\u0259viyy\u0259d\u0259dir. Odur ki, bu sah\u0259nin inki\u015faf\u0131 \u00fc\u00e7\u00fcn \u0259sas m\u0259hsul olan yeml\u0259rin \u018fDV d\u0259n azad olmas\u0131 \u00fcmimlikd\u0259 sah\u0259nin canlanmas\u0131na k\u00f6m\u0259k ed\u0259c\u0259k\u201d.<\/p>\n","protected":false},"excerpt":{"rendered":"<p>Yeni ir\u0259li s\u00fcr\u00fclmu\u015f layih\u0259y\u0259 \u0259sas\u0259n, heyvandarl\u0131q v\u0259 qu\u015f\u00e7uluq t\u0259s\u0259rr\u00fcfatlar\u0131nda istifad\u0259 edil\u0259n yem v\u0259 yem \u0259lav\u0259l\u0259rinin sat\u0131\u015f\u0131 \u00fczr\u0259 d\u00f6vriyy\u0259l\u0259r 2020-ci il yanvar\u0131n 1-d\u0259n 4 il m\u00fcdd\u0259tind\u0259 \u018fDV-d\u0259n azadd\u0131r. \u201c\u018fDV azad olunan sah\u0259l\u0259r \u0259sas\u0259n \u0259halinin \u0259rzaq t\u0259labat\u0131n\u0131n \u00f6d\u0259nilm\u0259si sah\u0259sind\u0259 vacib m\u0259s\u0259l\u0259dir\u201d. ARANTV.AZ\u00a0\u00a0bunu Redaktor.az-a a\u00e7\u0131qlamas\u0131nda iqtisad\u00e7\u0131 \u0130lham \u018fzizov bildirib. Onun s\u00f6zl\u0259rin\u0259 g\u00f6r\u0259, bu, son ill\u0259r bu sah\u0259d\u0259 yeni yarad\u0131lm\u0131\u015f m\u00fc\u0259ssis\u0259l\u0259r\u0259 d\u0259st\u0259k m\u0259qs\u0259di da\u015f\u0131y\u0131r: \u201cBal\u0131q yemi istehsal ed\u0259n m\u00fc\u0259ssis\u0259l\u0259r h\u0259m d\u0259 heyvan v\u0259 qu\u015f yeml\u0259ri istehsal edir. Bu bazarda qiym\u0259tin stabil qalmas\u0131 bax\u0131m\u0131ndan da \u0259h\u0259miyy\u0259tlidir. 2017 ci ild\u0259n t\u0259tbiq edil\u0259n bu vergi n\u00f6v\u00fcn\u00fcn l\u0259\u011fvi&hellip;<\/p>\n","protected":false},"author":2,"featured_media":101110,"comment_status":"closed","ping_status":"closed","sticky":false,"template":"","format":"standard","meta":{"om_disable_all_campaigns":false,"_monsterinsights_skip_tracking":false,"_monsterinsights_sitenote_active":false,"_monsterinsights_sitenote_note":"","_monsterinsights_sitenote_category":0},"categories":[1],"tags":[],"aioseo_notices":[],"gutentor_comment":0,"rttpg_featured_image_url":{"full":["https:\/\/arantv.az\/wp-content\/uploads\/2019\/11\/photo81369.jpg",648,364,false],"landscape":["https:\/\/arantv.az\/wp-content\/uploads\/2019\/11\/photo81369.jpg",648,364,false],"portraits":["https:\/\/arantv.az\/wp-content\/uploads\/2019\/11\/photo81369.jpg",648,364,false],"thumbnail":["https:\/\/arantv.az\/wp-content\/uploads\/2019\/11\/photo81369-150x150.jpg",150,150,true],"medium":["https:\/\/arantv.az\/wp-content\/uploads\/2019\/11\/photo81369-300x169.jpg",300,169,true],"large":["https:\/\/arantv.az\/wp-content\/uploads\/2019\/11\/photo81369.jpg",640,360,false],"1536x1536":["https:\/\/arantv.az\/wp-content\/uploads\/2019\/11\/photo81369.jpg",648,364,false],"2048x2048":["https:\/\/arantv.az\/wp-content\/uploads\/2019\/11\/photo81369.jpg",648,364,false],"post-thumbnail":["https:\/\/arantv.az\/wp-content\/uploads\/2019\/11\/photo81369-240x172.jpg",240,172,true],"advps-thumb-one":["https:\/\/arantv.az\/wp-content\/uploads\/2019\/11\/photo81369.jpg",648,364,false]},"rttpg_author":{"display_name":"V\u00fcsal Rafiqo\u011flu","author_link":"https:\/\/arantv.az\/?author=2"},"rttpg_comment":0,"rttpg_category":"<a href=\"https:\/\/arantv.az\/?cat=1\" rel=\"category\">C\u0259miyy\u0259t<\/a>","rttpg_excerpt":"Yeni ir\u0259li s\u00fcr\u00fclmu\u015f layih\u0259y\u0259 \u0259sas\u0259n, heyvandarl\u0131q v\u0259 qu\u015f\u00e7uluq t\u0259s\u0259rr\u00fcfatlar\u0131nda istifad\u0259 edil\u0259n yem v\u0259 yem \u0259lav\u0259l\u0259rinin sat\u0131\u015f\u0131 \u00fczr\u0259 d\u00f6vriyy\u0259l\u0259r 2020-ci il yanvar\u0131n 1-d\u0259n 4 il m\u00fcdd\u0259tind\u0259 \u018fDV-d\u0259n azadd\u0131r. \u201c\u018fDV azad olunan sah\u0259l\u0259r \u0259sas\u0259n \u0259halinin \u0259rzaq t\u0259labat\u0131n\u0131n \u00f6d\u0259nilm\u0259si sah\u0259sind\u0259 vacib m\u0259s\u0259l\u0259dir\u201d. ARANTV.AZ\u00a0\u00a0bunu Redaktor.az-a a\u00e7\u0131qlamas\u0131nda iqtisad\u00e7\u0131 \u0130lham \u018fzizov bildirib. Onun s\u00f6zl\u0259rin\u0259 g\u00f6r\u0259, bu, son ill\u0259r bu sah\u0259d\u0259 yeni&hellip;","_links":{"self":[{"href":"https:\/\/arantv.az\/index.php?rest_route=\/wp\/v2\/posts\/101109"}],"collection":[{"href":"https:\/\/arantv.az\/index.php?rest_route=\/wp\/v2\/posts"}],"about":[{"href":"https:\/\/arantv.az\/index.php?rest_route=\/wp\/v2\/types\/post"}],"author":[{"embeddable":true,"href":"https:\/\/arantv.az\/index.php?rest_route=\/wp\/v2\/users\/2"}],"replies":[{"embeddable":true,"href":"https:\/\/arantv.az\/index.php?rest_route=%2Fwp%2Fv2%2Fcomments&post=101109"}],"version-history":[{"count":0,"href":"https:\/\/arantv.az\/index.php?rest_route=\/wp\/v2\/posts\/101109\/revisions"}],"wp:featuredmedia":[{"embeddable":true,"href":"https:\/\/arantv.az\/index.php?rest_route=\/wp\/v2\/media\/101110"}],"wp:attachment":[{"href":"https:\/\/arantv.az\/index.php?rest_route=%2Fwp%2Fv2%2Fmedia&parent=101109"}],"wp:term":[{"taxonomy":"category","embeddable":true,"href":"https:\/\/arantv.az\/index.php?rest_route=%2Fwp%2Fv2%2Fcategories&post=101109"},{"taxonomy":"post_tag","embeddable":true,"href":"https:\/\/arantv.az\/index.php?rest_route=%2Fwp%2Fv2%2Ftags&post=101109"}],"curies":[{"name":"wp","href":"https:\/\/api.w.org\/{rel}","templated":true}]}}